{"id":909,"date":"2026-03-15T12:58:01","date_gmt":"2026-03-15T11:58:01","guid":{"rendered":"https:\/\/pianissimo.it\/?p=909"},"modified":"2026-03-15T12:58:01","modified_gmt":"2026-03-15T11:58:01","slug":"il-nobel-per-la-pace-assegnato-ai-giornalisti-un-messaggio-storico","status":"publish","type":"post","link":"https:\/\/pianissimo.it\/?p=909","title":{"rendered":"Il Nobel per la pace assegnato ai giornalisti: un messaggio storico"},"content":{"rendered":"\n<p><strong>Il Nobel per la Pace Assegnato\u2062 ai Giornalisti:\u2063 Un Messaggio\u200d Storico<\/strong><\/p>\n<p>Nell&#8217;era\u200c dell&#8217;informazione istantanea e delle narrazioni globali,\u2064 il ruolo dei giornalisti si \u2062rivela sempre pi\u00f9 cruciale per la salvaguardia della verit\u00e0 e \u2062della giustizia. Quest&#8217;anno, \u2062il Comitato Nobel ha deciso di conferire il \u2063prestigioso Premio per la\u2062 Pace a quei coraggiosi\u2062 cronisti che, con il loro impegno\u2064 e \u2063la\u2062 loro dedizione, hanno sfidato le avversit\u00e0 per riportare alla \u200bluce storie\u200b dimenticate e voci\u200c soffocate. Questo gesto non \u00e8 solo un riconoscimento per il lavoro\u200b di singole categorie di attivisti, ma \u2062un messaggio potente che sottolinea \u200bl&#8217;importanza della libert\u00e0\u2063 di espressione e \u2064della trasparenza\u2063 in un\u2062 mondo che, troppo\u2064 spesso, cerca di silenziare le verit\u00e0 scomode.In questo articolo, esploreremo il \u2062significato profondo di tale assegnazione, le implicazioni \u200bstoriche che ne derivano, e come\u2063 questo segnale possa influenzare \u2062il panorama dell&#8217;informazione e della societ\u00e0 civile a \u2062livello globale.<\/p>\n<h2 id=\"il-valore-simbolico-del-nobel-per-la-pace-assegnato-ai-giornalisti-nel-contesto-attuale\">Il valore simbolico del Nobel per la pace assegnato ai giornalisti nel contesto attuale<\/h2>\n<p>Il recente conferimento del Nobel per \u200dla\u200b pace \u2064a giornalisti di \u2062fama mondiale\u2064 rappresenta un \u2062atto di coraggio e \u200dun\u200c simbolo potente in tempi\u2064 in cui \u200cla verit\u00e0 \u00e8 spesso minacciata da forze oscure.In un\u2019epoca caratterizzata da fake news e disinformazione, la scelta del comitato di\u200d Oslo di riconoscere il\u2064 valore del giornalismo come baluardo della \u200cdemocrazia \u2064e della giustizia assume un \u2062significato profondamente manifesto e necessario. I giornalisti,con il loro lavoro,non solo informano,ma fungono \u200banche \u2064da custodi della memoria collettiva e della responsabilit\u00e0 civica.<\/p>\n<p>L&#8217;importanza di\u2063 tale riconoscimento\u2064 va oltre\u2064 il singolo premio; evoca un richiamo \u200ball\u2019azione per tutti coloro che si \u2063dedicano alla\u200d scrittura e all&#8217;informazione. Quando viene onorato il lavoro di chi rischia la\u200d vita per far emergere la \u2063verit\u00e0, si invia un messaggio \u200dforte e \u200bchiaro: il giornalismo \u00e8 essenziale per il benessere delle societ\u00e0 moderne. Oggi pi\u00f9 che mai, \u00e8 fondamentale difendere la libert\u00e0\u2062 di stampa, considerata\u2064 un pilastro per qualsiasi democrazia sana.L\u2019assegnazione del Nobel ai giornalisti \u2064sottolinea quanto sia vitale la loro voce in un contesto in cui il dibattito aperto e informato \u2062\u00e8 \u2063sempre pi\u00f9 in\u2062 pericolo.<\/p>\n<p>In \u2064molti paesi, i giornalisti affrontano ostacoli \u200binsormontabili, dalle minacce alle aggressioni, fino\u2064 all\u2019omicidio. Il premio Nobel rappresenta quindi un faro di speranza e una\u2064 forma\u2062 di riconoscimento per questi\u200d eroi \u200bmoderni che \u2064sfidano il\u200c rischio quotidianamente. La \u200bloro determinazione ad\u2062 apportare luce \u200cin situazioni di buio \u00e8 un autenticato\u200d esempio \u200bdi impegno civico. I premi Nobel per\u2064 la pace, in questo senso, fungono non \u200bsolo da celebrazione, ma\u2063 anche da piattaforma\u2062 per stimolare\u2064 ulteriori discussioni sul ruolo\u2062 cruciale\u2063 del giornalismo nell\u2019era digitale.<\/p>\n<p>Inoltre, il premio incoraggia \u200buna\u2062 riflessione critica sull\u2019autenticit\u00e0 delle informazioni e\u2062 sulla responsabilit\u00e0 di ciascuno di noi nel\u200c diffondere\u2064 contenuti. Viviamo in un\u2019epoca in cui il sovraccarico\u2063 di informazioni pu\u00f2 portare a un\u2019apatia verso la verit\u00e0. Riconoscere il \u200dlavoro dei giornalisti ci invita a considerare il nostro comportamento come\u200c lettori e consumatori di notizie. Dobbiamo domandarci: come possiamo supportare il giornalismo autentico e la diffusione di contenuti di qualit\u00e0? Le \u2062risposte potrebbero passare attraverso \u200bazioni quotidiane, come la scelta\u200b consapevole \u2064delle fonti informative e il \u2063sostegno \u2062a iniziative giornalistiche indipendenti.<\/p>\n<p>Il valore\u2062 simbolico di un premio Nobel\u200d per la pace\u2064 assegnato ai giornalisti assume un significato particolare\u200d nel contesto \u200cdi attacchi sempre pi\u00f9 violenti alla libert\u00e0 di espressione. Attraverso questo riconoscimento, il comitato di \u2064Oslo mette in luce\u200b l\u2019essenziale connessione tra libert\u00e0 di \u200bstampa e pace\u200b globale. Un&#8217;informazione corretta e\u2064 obiettiva \u00e8 fondamentale\u200b per prevenire \u200dconflitti e promuovere la coesione\u200c sociale. Mascherare la verit\u00e0 sotto strati di propaganda danneggia non solo il giornalismo ma anche le \u2063fondamenta stesse delle societ\u00e0 democratiche.<\/p>\n<p>In quest\u2019ottica,\u00e8 utile considerare il\u200b premio come un richiamo per le istituzioni e i governi affinch\u00e9 proteggano i giornalisti e sostengano il loro \u2062lavoro. La difesa dei diritti dei giornalisti deve essere una priorit\u00e0, ed \u00e8 essenziale\u200c che le leggi a tutela della libert\u00e0 di stampa vengano scritte, applicate e \u200crispettate. In un\u2064 contesto in cui \u2064la censura ha giovani e\u2063 adulti muti, il riconoscimento Nobel serve \u200cda monito affinch\u00e9 \u200bi valori \u200bdella libert\u00e0 di \u2062espressione e del diritto all&#8217;informazione siano garantiti \u2064e\u2063 preservati.<\/p>\n<p>L\u2019eco che questo prestigioso premio produce in tutto \u200bil mondo non pu\u00f2 essere sottovalutato. La visibilit\u00e0 che riceve il lavoro\u2063 dei giornalisti \u2064premia coloro che, in ogni angolo del pianeta,\u200b si battono per la verit\u00e0. Tale riconoscimento ha il potere di ispirare nuove generazioni di reporter a seguire le loro orme,a inseguire quell\u2019ideale di giustizia e\u2063 responsabilit\u00e0 civica. Ogni storia raccontata \u00e8\u2062 una pietra miliare \u2062nel mosaico della \u2064memoria collettiva, e ogni premio Nobel\u200b celebrato diventa \u200cun faro per coloro che hanno\u200b il coraggio di sfidare il potere con le\u2062 parole.<\/p>\n<p>il Nobel per\u200d la pace consegnato ai giornalisti\u200c non \u00e8 \u2063un premio solo per \u2063un individuo, ma per un&#8217;idea, un\u200b principio fondamentale: la verit\u00e0 ha \u2064valore,\u2064 ed \u2062\u00e8 necessaria per costruire societ\u00e0 giuste e pacifiche. Speriamo che questo prestigioso riconoscimento illumini la strada da percorrere, incoraggiando una crescente\u200b attenzione sulle\u2064 questioni \u200ddi giustizia \u200de integrit\u00e0 \u2063nel mondo dell&#8217;informazione. La lotta \u2062per la verit\u00e0 \u2064\u00e8 una battaglia \u2064che\u2064 coinvolge tutti noi, e il riconoscimento \u2062del Nobel \u200dserve da \u200dunificante chiamata \u2063a sostenere un giornalismo libero e coraggioso. <\/p>\n","protected":false},"excerpt":{"rendered":"<p>Nel 2023, il Nobel per la pace \u00e8 stato assegnato ai giornalisti, un gesto che sottolinea l&#8217;importanza cruciale dell&#8217;informazione libera e veritiera. Questo riconoscimento storico invita a riflettere sul valore della libert\u00e0 di stampa in un&#8217;epoca di disinformazione.<\/p>\n","protected":false},"author":2,"featured_media":0,"comment_status":"open","ping_status":"open","sticky":false,"template":"","format":"standard","meta":{"footnotes":""},"categories":[21],"tags":[191,402,339,159,826,830,470,185,181,831,825,829,287,832,827,299,828,473],"class_list":["post-909","post","type-post","status-publish","format-standard","hentry","category-attualita","tag-attivismo","tag-attualita","tag-comunicazione","tag-diritti-umani","tag-giornalisti","tag-importanza-del-giornalismo","tag-informazione","tag-liberta-di-stampa","tag-media","tag-messaggio-storico","tag-nobel","tag-notizie","tag-pace","tag-premio","tag-premio-nobel","tag-responsabilita-sociale","tag-riconoscimento","tag-societa"],"yoast_head":"<!-- This site is optimized with the Yoast SEO plugin v26.4 - https:\/\/yoast.com\/wordpress\/plugins\/seo\/ -->\n<title>Il Nobel per la pace assegnato ai giornalisti: un messaggio storico - Pianissimo<\/title>\n<meta name=\"robots\" content=\"index, follow, max-snippet:-1, max-image-preview:large, max-video-preview:-1\" \/>\n<link rel=\"canonical\" href=\"https:\/\/pianissimo.it\/?p=909\" \/>\n<meta property=\"og:locale\" content=\"it_IT\" \/>\n<meta property=\"og:type\" content=\"article\" \/>\n<meta property=\"og:title\" content=\"Il Nobel per la pace assegnato ai giornalisti: un messaggio storico - Pianissimo\" \/>\n<meta property=\"og:description\" content=\"Nel 2023, il Nobel per la pace \u00e8 stato assegnato ai giornalisti, un gesto che sottolinea l&#039;importanza cruciale dell&#039;informazione libera e veritiera. Questo riconoscimento storico invita a riflettere sul valore della libert\u00e0 di stampa in un&#039;epoca di disinformazione.\" \/>\n<meta property=\"og:url\" content=\"https:\/\/pianissimo.it\/?p=909\" \/>\n<meta property=\"og:site_name\" content=\"Pianissimo\" \/>\n<meta property=\"article:published_time\" content=\"2026-03-15T11:58:01+00:00\" \/>\n<meta name=\"author\" content=\"Redazione Pianissimo\" \/>\n<meta name=\"twitter:card\" content=\"summary_large_image\" \/>\n<meta name=\"twitter:label1\" content=\"Scritto da\" \/>\n\t<meta name=\"twitter:data1\" content=\"Redazione Pianissimo\" \/>\n\t<meta name=\"twitter:label2\" content=\"Tempo di lettura stimato\" \/>\n\t<meta name=\"twitter:data2\" content=\"4 minuti\" \/>\n<script type=\"application\/ld+json\" class=\"yoast-schema-graph\">{\"@context\":\"https:\/\/schema.org\",\"@graph\":[{\"@type\":\"Article\",\"@id\":\"https:\/\/pianissimo.it\/?p=909#article\",\"isPartOf\":{\"@id\":\"https:\/\/pianissimo.it\/?p=909\"},\"author\":{\"name\":\"Redazione Pianissimo\",\"@id\":\"https:\/\/pianissimo.it\/#\/schema\/person\/3af0c53515f94abe57e1d7d016f05a4e\"},\"headline\":\"Il Nobel per la pace assegnato ai giornalisti: un messaggio storico\",\"datePublished\":\"2026-03-15T11:58:01+00:00\",\"mainEntityOfPage\":{\"@id\":\"https:\/\/pianissimo.it\/?p=909\"},\"wordCount\":877,\"commentCount\":0,\"publisher\":{\"@id\":\"https:\/\/pianissimo.it\/#organization\"},\"keywords\":[\"attivismo\",\"attualit\u00e0\",\"comunicazione\",\"diritti umani\",\"giornalisti\",\"importanza del giornalismo\",\"informazione\",\"libert\u00e0 di stampa\",\"media\",\"messaggio storico\",\"Nobel\",\"notizie\",\"pace\",\"premio\",\"premio Nobel\",\"responsabilit\u00e0 sociale\",\"riconoscimento\",\"societ\u00e0\"],\"articleSection\":[\"Attualit\u00e0\"],\"inLanguage\":\"it-IT\",\"potentialAction\":[{\"@type\":\"CommentAction\",\"name\":\"Comment\",\"target\":[\"https:\/\/pianissimo.it\/?p=909#respond\"]}]},{\"@type\":\"WebPage\",\"@id\":\"https:\/\/pianissimo.it\/?p=909\",\"url\":\"https:\/\/pianissimo.it\/?p=909\",\"name\":\"Il Nobel per la pace assegnato ai giornalisti: un messaggio storico - Pianissimo\",\"isPartOf\":{\"@id\":\"https:\/\/pianissimo.it\/#website\"},\"datePublished\":\"2026-03-15T11:58:01+00:00\",\"breadcrumb\":{\"@id\":\"https:\/\/pianissimo.it\/?p=909#breadcrumb\"},\"inLanguage\":\"it-IT\",\"potentialAction\":[{\"@type\":\"ReadAction\",\"target\":[\"https:\/\/pianissimo.it\/?p=909\"]}]},{\"@type\":\"BreadcrumbList\",\"@id\":\"https:\/\/pianissimo.it\/?p=909#breadcrumb\",\"itemListElement\":[{\"@type\":\"ListItem\",\"position\":1,\"name\":\"Home\",\"item\":\"https:\/\/pianissimo.it\/\"},{\"@type\":\"ListItem\",\"position\":2,\"name\":\"Il Nobel per la pace assegnato ai giornalisti: un messaggio storico\"}]},{\"@type\":\"WebSite\",\"@id\":\"https:\/\/pianissimo.it\/#website\",\"url\":\"https:\/\/pianissimo.it\/\",\"name\":\"Pianissimo\",\"description\":\"Magazine di attualit\u00e0 e cultura\",\"publisher\":{\"@id\":\"https:\/\/pianissimo.it\/#organization\"},\"potentialAction\":[{\"@type\":\"SearchAction\",\"target\":{\"@type\":\"EntryPoint\",\"urlTemplate\":\"https:\/\/pianissimo.it\/?s={search_term_string}\"},\"query-input\":{\"@type\":\"PropertyValueSpecification\",\"valueRequired\":true,\"valueName\":\"search_term_string\"}}],\"inLanguage\":\"it-IT\"},{\"@type\":\"Organization\",\"@id\":\"https:\/\/pianissimo.it\/#organization\",\"name\":\"Pianissimo\",\"url\":\"https:\/\/pianissimo.it\/\",\"logo\":{\"@type\":\"ImageObject\",\"inLanguage\":\"it-IT\",\"@id\":\"https:\/\/pianissimo.it\/#\/schema\/logo\/image\/\",\"url\":\"https:\/\/pianissimo.it\/wp-content\/uploads\/2017\/07\/cropped-pianissimo-new.png\",\"contentUrl\":\"https:\/\/pianissimo.it\/wp-content\/uploads\/2017\/07\/cropped-pianissimo-new.png\",\"width\":395,\"height\":80,\"caption\":\"Pianissimo\"},\"image\":{\"@id\":\"https:\/\/pianissimo.it\/#\/schema\/logo\/image\/\"}},{\"@type\":\"Person\",\"@id\":\"https:\/\/pianissimo.it\/#\/schema\/person\/3af0c53515f94abe57e1d7d016f05a4e\",\"name\":\"Redazione Pianissimo\",\"image\":{\"@type\":\"ImageObject\",\"inLanguage\":\"it-IT\",\"@id\":\"https:\/\/pianissimo.it\/#\/schema\/person\/image\/\",\"url\":\"https:\/\/secure.gravatar.com\/avatar\/76342d9773f1db1d982023c896336afb4f281c3945daaf7f75fbea96d3bbf608?s=96&d=mm&r=g\",\"contentUrl\":\"https:\/\/secure.gravatar.com\/avatar\/76342d9773f1db1d982023c896336afb4f281c3945daaf7f75fbea96d3bbf608?s=96&d=mm&r=g\",\"caption\":\"Redazione Pianissimo\"},\"url\":\"https:\/\/pianissimo.it\/?author=2\"}]}<\/script>\n<!-- \/ Yoast SEO plugin. -->","yoast_head_json":{"title":"Il Nobel per la pace assegnato ai giornalisti: un messaggio storico - Pianissimo","robots":{"index":"index","follow":"follow","max-snippet":"max-snippet:-1","max-image-preview":"max-image-preview:large","max-video-preview":"max-video-preview:-1"},"canonical":"https:\/\/pianissimo.it\/?p=909","og_locale":"it_IT","og_type":"article","og_title":"Il Nobel per la pace assegnato ai giornalisti: un messaggio storico - Pianissimo","og_description":"Nel 2023, il Nobel per la pace \u00e8 stato assegnato ai giornalisti, un gesto che sottolinea l'importanza cruciale dell'informazione libera e veritiera. Questo riconoscimento storico invita a riflettere sul valore della libert\u00e0 di stampa in un'epoca di disinformazione.","og_url":"https:\/\/pianissimo.it\/?p=909","og_site_name":"Pianissimo","article_published_time":"2026-03-15T11:58:01+00:00","author":"Redazione Pianissimo","twitter_card":"summary_large_image","twitter_misc":{"Scritto da":"Redazione Pianissimo","Tempo di lettura stimato":"4 minuti"},"schema":{"@context":"https:\/\/schema.org","@graph":[{"@type":"Article","@id":"https:\/\/pianissimo.it\/?p=909#article","isPartOf":{"@id":"https:\/\/pianissimo.it\/?p=909"},"author":{"name":"Redazione Pianissimo","@id":"https:\/\/pianissimo.it\/#\/schema\/person\/3af0c53515f94abe57e1d7d016f05a4e"},"headline":"Il Nobel per la pace assegnato ai giornalisti: un messaggio storico","datePublished":"2026-03-15T11:58:01+00:00","mainEntityOfPage":{"@id":"https:\/\/pianissimo.it\/?p=909"},"wordCount":877,"commentCount":0,"publisher":{"@id":"https:\/\/pianissimo.it\/#organization"},"keywords":["attivismo","attualit\u00e0","comunicazione","diritti umani","giornalisti","importanza del giornalismo","informazione","libert\u00e0 di stampa","media","messaggio storico","Nobel","notizie","pace","premio","premio Nobel","responsabilit\u00e0 sociale","riconoscimento","societ\u00e0"],"articleSection":["Attualit\u00e0"],"inLanguage":"it-IT","potentialAction":[{"@type":"CommentAction","name":"Comment","target":["https:\/\/pianissimo.it\/?p=909#respond"]}]},{"@type":"WebPage","@id":"https:\/\/pianissimo.it\/?p=909","url":"https:\/\/pianissimo.it\/?p=909","name":"Il Nobel per la pace assegnato ai giornalisti: un messaggio storico - Pianissimo","isPartOf":{"@id":"https:\/\/pianissimo.it\/#website"},"datePublished":"2026-03-15T11:58:01+00:00","breadcrumb":{"@id":"https:\/\/pianissimo.it\/?p=909#breadcrumb"},"inLanguage":"it-IT","potentialAction":[{"@type":"ReadAction","target":["https:\/\/pianissimo.it\/?p=909"]}]},{"@type":"BreadcrumbList","@id":"https:\/\/pianissimo.it\/?p=909#breadcrumb","itemListElement":[{"@type":"ListItem","position":1,"name":"Home","item":"https:\/\/pianissimo.it\/"},{"@type":"ListItem","position":2,"name":"Il Nobel per la pace assegnato ai giornalisti: un messaggio storico"}]},{"@type":"WebSite","@id":"https:\/\/pianissimo.it\/#website","url":"https:\/\/pianissimo.it\/","name":"Pianissimo","description":"Magazine di attualit\u00e0 e cultura","publisher":{"@id":"https:\/\/pianissimo.it\/#organization"},"potentialAction":[{"@type":"SearchAction","target":{"@type":"EntryPoint","urlTemplate":"https:\/\/pianissimo.it\/?s={search_term_string}"},"query-input":{"@type":"PropertyValueSpecification","valueRequired":true,"valueName":"search_term_string"}}],"inLanguage":"it-IT"},{"@type":"Organization","@id":"https:\/\/pianissimo.it\/#organization","name":"Pianissimo","url":"https:\/\/pianissimo.it\/","logo":{"@type":"ImageObject","inLanguage":"it-IT","@id":"https:\/\/pianissimo.it\/#\/schema\/logo\/image\/","url":"https:\/\/pianissimo.it\/wp-content\/uploads\/2017\/07\/cropped-pianissimo-new.png","contentUrl":"https:\/\/pianissimo.it\/wp-content\/uploads\/2017\/07\/cropped-pianissimo-new.png","width":395,"height":80,"caption":"Pianissimo"},"image":{"@id":"https:\/\/pianissimo.it\/#\/schema\/logo\/image\/"}},{"@type":"Person","@id":"https:\/\/pianissimo.it\/#\/schema\/person\/3af0c53515f94abe57e1d7d016f05a4e","name":"Redazione Pianissimo","image":{"@type":"ImageObject","inLanguage":"it-IT","@id":"https:\/\/pianissimo.it\/#\/schema\/person\/image\/","url":"https:\/\/secure.gravatar.com\/avatar\/76342d9773f1db1d982023c896336afb4f281c3945daaf7f75fbea96d3bbf608?s=96&d=mm&r=g","contentUrl":"https:\/\/secure.gravatar.com\/avatar\/76342d9773f1db1d982023c896336afb4f281c3945daaf7f75fbea96d3bbf608?s=96&d=mm&r=g","caption":"Redazione Pianissimo"},"url":"https:\/\/pianissimo.it\/?author=2"}]}},"_links":{"self":[{"href":"https:\/\/pianissimo.it\/index.php?rest_route=\/wp\/v2\/posts\/909","targetHints":{"allow":["GET"]}}],"collection":[{"href":"https:\/\/pianissimo.it\/index.php?rest_route=\/wp\/v2\/posts"}],"about":[{"href":"https:\/\/pianissimo.it\/index.php?rest_route=\/wp\/v2\/types\/post"}],"author":[{"embeddable":true,"href":"https:\/\/pianissimo.it\/index.php?rest_route=\/wp\/v2\/users\/2"}],"replies":[{"embeddable":true,"href":"https:\/\/pianissimo.it\/index.php?rest_route=%2Fwp%2Fv2%2Fcomments&post=909"}],"version-history":[{"count":0,"href":"https:\/\/pianissimo.it\/index.php?rest_route=\/wp\/v2\/posts\/909\/revisions"}],"wp:attachment":[{"href":"https:\/\/pianissimo.it\/index.php?rest_route=%2Fwp%2Fv2%2Fmedia&parent=909"}],"wp:term":[{"taxonomy":"category","embeddable":true,"href":"https:\/\/pianissimo.it\/index.php?rest_route=%2Fwp%2Fv2%2Fcategories&post=909"},{"taxonomy":"post_tag","embeddable":true,"href":"https:\/\/pianissimo.it\/index.php?rest_route=%2Fwp%2Fv2%2Ftags&post=909"}],"curies":[{"name":"wp","href":"https:\/\/api.w.org\/{rel}","templated":true}]}}