{"id":896,"date":"2026-03-07T15:42:55","date_gmt":"2026-03-07T14:42:55","guid":{"rendered":"https:\/\/pianissimo.it\/?p=896"},"modified":"2026-03-07T15:42:56","modified_gmt":"2026-03-07T14:42:56","slug":"covid-19-limpatto-duraturo-sulla-sanita-pubblica-globale","status":"publish","type":"post","link":"https:\/\/pianissimo.it\/?p=896","title":{"rendered":"Covid-19: l\u2019impatto duraturo sulla sanit\u00e0 pubblica globale"},"content":{"rendered":"\n<p><strong>Covid-19: l\u2019impatto duraturo sulla sanit\u00e0 \u2062pubblica\u2063 globale<\/strong><\/p>\n<p>Il mondo \u2063si \u00e8 trovato di fronte a \u2064una sfida senza precedenti con l&#8217;emergere della pandemia\u2064 di Covid-19, un\u2063 evento che \u2064ha sconvolto le vite delle persone \u200ce messo a dura prova i \u200csistemi \u2063sanitari di ogni paese. Come un uragano,\u200b il virus ha messo in luce fragilit\u00e0 preesistenti e ha accelerato\u200d cambiamenti\u2063 gi\u00e0 in atto nel \u2063panorama della sanit\u00e0 pubblica. Ora, mentre ci\u2063 avviamo verso una\u2062 nuova normalit\u00e0, \u00e8 essenziale riflettere su come la\u200b gestione della crisi sanitaria possa\u2064 influenzare le politiche di salute \u200dglobale \u200bnel lungo termine. \u200bIn questo articolo, \u200cesploreremo \u2064le \u2064ripercussioni durature del Covid-19 sulla\u2062 sanit\u00e0\u2063 pubblica, analizzando \u200ble lezioni\u2062 apprese\u2063 e i nuovi paradigmi \u200dche emergono in risposta a\u2064 una crisi che ci \u2064ha insegnato quanto sia interconnesso il nostro destino collettivo.<\/p>\n<h2 id=\"covid-19-e-la-trasformazione-della-governance-sanitaria-globale\">Covid-19 e la Trasformazione della Governance \u200bSanitaria Globale<\/h2>\n<p>Negli \u2064ultimi anni,la pandemia di Covid-19 ha \u2064rivoluzionato\u200d le modalit\u00e0 di approccio alla salute pubblica,rivelando le fragilit\u00e0 degli attuali sistemi\u200d di governance sanitaria globale. Durante\u2062 la crisi, la necessit\u00e0 di una \u200drisposta \u200bcoordinata\u200d e tempestiva ha\u200c messo in evidenza l&#8217;importanza di una governance \u2063efficace \u200be della\u200c collaborazione tra i vari attori, inclusi governi, organizzazioni internazionali \u2062e il settore privato. Ci\u00f2 ha portato a una riflessione profonda sulle strutture esistenti e sulla loro capacit\u00e0 di affrontare emergenze sanitarie future.<\/p>\n<p>Una delle principali conseguenze\u200c della pandemia \u00e8 stata l&#8217;accelerazione della \u2062digitalizzazione nella sanit\u00e0.Il ricorso a piattaforme digitali per il monitoraggio dei dati epidemiologici,la telemedicina e la distribuzione\u2062 delle informazioni si \u00e8 rivelato fondamentale per\u200b fronteggiare \u2063l&#8217;emergenza. La digitalizzazione non solo \u200dha reso pi\u00f9 \u200caccessibili i \u2062servizi \u200dsanitari,ma ha anche migliorato la trasparenza e la comunicazione \u200btra le autorit\u00e0 sanitarie e i cittadini. Tuttavia, questo passaggio ha sollevato interrogativi riguardo alla privacy dei dati \u2062e all&#8217;accesso equo\u2063 alle tecnologie.<\/p>\n<p>Durante il\u2062 periodo di crisi, le \u200bistituzioni\u200c sanitarie hanno\u200c dovuto adattarsi rapidamente, affrontando un \u200baumento esponenziale\u200d della domanda di servizi. ci\u00f2 ha evidenziato l&#8217;importanza di un sistema di \u2063governance \u2063che sia versatile\u200c e in grado di assorbire le scosse senza \u200dcompromettere la qualit\u00e0 dell\u2019assistenza.Paesi come la Nuova Zelanda e la Corea del Sud hanno dimostrato come una governance proattiva e \u200dbasata\u200d sulle evidenze possa rivelarsi efficace \u200cnell&#8217;affrontare gravi crisi sanitarie. Questi esempi hanno ispirato una ripensamento delle politiche sanitarie a livello globale.<\/p>\n<p>Un altro aspetto \u2064determinante \u200b\u00e8\u200c stata \u2062la riaffermazione del ruolo delle organizzazioni internazionali, come l&#8217;Organizzazione\u200c Mondiale della \u200cSanit\u00e0 (OMS). La necessit\u00e0 di una risposta coordinata ha messo in luce la fondamentale importanza della collaborazione internazionale. \u2062Tuttavia, le critiche mosse nei confronti dell&#8217;OMS e le difficolt\u00e0 nel garantire \u200cuna distribuzione equa dei vaccini \u2063hanno dimostrato che \u00e8 necessario \u2062riformare le modalit\u00e0 di funzionamento di queste istituzioni. Nella post-pandemia, ci\u200b si attende un&#8217;analisi approfondita delle dinamiche di potere e del \u200dfinanziamento della ricerca e dello sviluppo.<\/p>\n<p>Le\u2062 disuguaglianze globali in \u200btema di salute sono emerse come una delle questioni pi\u00f9 critiche durante la pandemia. \u2064La disparit\u00e0 \u200cnell&#8217;accesso alle\u200b risorse sanitarie, tra paesi sviluppati e\u2064 in via di sviluppo, ha ostacolato gli\u2062 sforzi per contenere il\u200d virus. \u00c8 \u2064diventato evidente che una governance sanitaria globale efficace\u2063 debba affrontare anche le disparit\u00e0 economiche \u2063e\u2064 sociali. Progetti di cooperazione internazionale e \u2062iniziative di solidariet\u00e0 sono essenziali per garantire\u2062 che le nazioni meno abbienti non vengano lasciate indietro nei momenti \u2063di crisi.<\/p>\n<p>Inoltre, la pandemia\u2063 ha sottolineato l&#8217;importanza della comunicazione\u200b e dell&#8217;informazione\u2064 affidabile. L&#8217;emergere di fake news e disinformazione \u2062ha messo in difficolt\u00e0 le campagne di sensibilizzazione e \u200bprevenzione. Una governance sanitaria globale che\u200d aspiri a essere efficace\u2062 deve \u200dsviluppare strategie di comunicazione chiare e \u2063dirette, promuovendo l&#8217;educazione alla salute \u200de creando un dialogo aperto e costruttivo tra istituzioni e cittadini.<\/p>\n<p>Un \u2064altro punto cruciale nella ristrutturazione della governance sanitaria\u2063 \u00e8\u200c il\u200b rafforzamento delle capacit\u00e0 degli operatori \u2064sanitari. La pandemia ha \u2063messo a dura prova\u2062 il\u2062 personale medico e\u2064 paramedico, rivelando le lacune nel supporto e nella formazione. Investire nella formazione continua e nel\u2063 benessere degli \u2062operatori sanitari \u00e8 imprescindibile per garantire una risposta adeguata alle \u2062crisi future. Paesi che \u2064hanno promosso politiche \u200dsanitarie inclusive e attenti al personale hanno mostrato una maggiore resilienza.<\/p>\n<p>la pandemia ha dimostrato \u2063che la salute globale\u2064 \u00e8 interconnessa. Le malattie\u200d non conoscono confini e possono diffondersi \u200brapidamente.\u2064 \u00c8\u2063 fondamentale che i paesi lavorino insieme per monitorare e \u2064gestire le minacce sanitarie. Le \u200creti di\u200c cooperazione tra stati, organizzazioni non governative e settori privati sono essenziali \u2062per sviluppare strategie preventive e instaurare piani di \u200dintervento \u2063rapidi \u200bed \u200defficaci.\u200d creare un\u200b sistema di allerta precoce e condiviso\u2062 potrebbe ridurre significativamente il rischio di pandemie future.<\/p>\n<p>la\u200d crisi sanitaria \u200dglobale causata dal Covid-19 ha spinto \u200cverso \u200cun ripensamento radicale dell&#8217;attuale \u200bgovernance sanitaria. Lavorando su tutti questi fronti, si potr\u00e0 sperare in un\u2062 futuro in cui\u200b i sistemi sanitari\u2063 siano \u2064pi\u00f9 \u200cresilienti, equi \u2063ed efficaci, capaci di affrontare\u2064 non solo le pandemie,\u2063 ma anche le complessit\u00e0 di salute pubblica \u2062del nostro\u200d tempo. <\/p>\n","protected":false},"excerpt":{"rendered":"<p>La pandemia di Covid-19 ha lasciato un segno indelebile sulla sanit\u00e0 pubblica globale. Le strutture sanitarie hanno dovuto adattarsi rapidamente, rivelando fragilit\u00e0 e disuguaglianze preesistenti, ma anche stimolando innovazioni e riforme necessarie.<\/p>\n","protected":false},"author":2,"featured_media":897,"comment_status":"open","ping_status":"open","sticky":false,"template":"","format":"standard","meta":{"footnotes":""},"categories":[1],"tags":[792,669,552,797,794,545,592,550,547,798,555,799,793,795,796],"class_list":["post-896","post","type-post","status-publish","format-standard","has-post-thumbnail","hentry","category-pittura","tag-covid-19","tag-crisi-sanitaria","tag-epidemiologia","tag-gestione-della-salute","tag-impatto-duraturo","tag-malattie-infettive","tag-pandemia","tag-politiche-sanitarie","tag-prevenzione","tag-resilienza-sanitaria","tag-salute-globale","tag-salute-pubblica-globale","tag-sanita-pubblica","tag-sistemi-sanitari","tag-vaccinazione"],"yoast_head":"<!-- This site is optimized with the Yoast SEO plugin v26.4 - https:\/\/yoast.com\/wordpress\/plugins\/seo\/ -->\n<title>Covid-19: l\u2019impatto duraturo sulla sanit\u00e0 pubblica globale - Pianissimo<\/title>\n<meta name=\"robots\" content=\"index, follow, max-snippet:-1, max-image-preview:large, max-video-preview:-1\" \/>\n<link rel=\"canonical\" href=\"https:\/\/pianissimo.it\/?p=896\" \/>\n<meta property=\"og:locale\" content=\"it_IT\" \/>\n<meta property=\"og:type\" content=\"article\" \/>\n<meta property=\"og:title\" content=\"Covid-19: l\u2019impatto duraturo sulla sanit\u00e0 pubblica globale - Pianissimo\" \/>\n<meta property=\"og:description\" content=\"La pandemia di Covid-19 ha lasciato un segno indelebile sulla sanit\u00e0 pubblica globale. Le strutture sanitarie hanno dovuto adattarsi rapidamente, rivelando fragilit\u00e0 e disuguaglianze preesistenti, ma anche stimolando innovazioni e riforme necessarie.\" \/>\n<meta property=\"og:url\" content=\"https:\/\/pianissimo.it\/?p=896\" \/>\n<meta property=\"og:site_name\" content=\"Pianissimo\" \/>\n<meta property=\"article:published_time\" content=\"2026-03-07T14:42:55+00:00\" \/>\n<meta property=\"article:modified_time\" content=\"2026-03-07T14:42:56+00:00\" \/>\n<meta property=\"og:image\" content=\"https:\/\/pianissimo.it\/wp-content\/uploads\/2026\/03\/896-3bc36d51-covid-19-limpatto-duraturo-sulla-sanita-pubblica-globale.jpg\" \/>\n\t<meta property=\"og:image:width\" content=\"640\" \/>\n\t<meta property=\"og:image:height\" content=\"427\" \/>\n\t<meta property=\"og:image:type\" content=\"image\/jpeg\" \/>\n<meta name=\"author\" content=\"Redazione Pianissimo\" \/>\n<meta name=\"twitter:card\" content=\"summary_large_image\" \/>\n<meta name=\"twitter:label1\" content=\"Scritto da\" \/>\n\t<meta name=\"twitter:data1\" content=\"Redazione Pianissimo\" \/>\n\t<meta name=\"twitter:label2\" content=\"Tempo di lettura stimato\" \/>\n\t<meta name=\"twitter:data2\" content=\"4 minuti\" \/>\n<script type=\"application\/ld+json\" class=\"yoast-schema-graph\">{\"@context\":\"https:\/\/schema.org\",\"@graph\":[{\"@type\":\"Article\",\"@id\":\"https:\/\/pianissimo.it\/?p=896#article\",\"isPartOf\":{\"@id\":\"https:\/\/pianissimo.it\/?p=896\"},\"author\":{\"name\":\"Redazione Pianissimo\",\"@id\":\"https:\/\/pianissimo.it\/#\/schema\/person\/3af0c53515f94abe57e1d7d016f05a4e\"},\"headline\":\"Covid-19: l\u2019impatto duraturo sulla sanit\u00e0 pubblica globale\",\"datePublished\":\"2026-03-07T14:42:55+00:00\",\"dateModified\":\"2026-03-07T14:42:56+00:00\",\"mainEntityOfPage\":{\"@id\":\"https:\/\/pianissimo.it\/?p=896\"},\"wordCount\":812,\"commentCount\":0,\"publisher\":{\"@id\":\"https:\/\/pianissimo.it\/#organization\"},\"image\":{\"@id\":\"https:\/\/pianissimo.it\/?p=896#primaryimage\"},\"thumbnailUrl\":\"https:\/\/pianissimo.it\/wp-content\/uploads\/2026\/03\/896-3bc36d51-covid-19-limpatto-duraturo-sulla-sanita-pubblica-globale.jpg\",\"keywords\":[\"Covid-19\",\"crisi sanitaria\",\"Epidemiologia\",\"gestione della salute\",\"impatto duraturo\",\"Malattie Infettive\",\"pandemia\",\"Politiche Sanitarie\",\"Prevenzione\",\"resilienza sanitaria\",\"Salute Globale\",\"salute pubblica globale\",\"sanit\u00e0 pubblica\",\"sistemi sanitari\",\"vaccinazione\"],\"articleSection\":[\"Pittura\"],\"inLanguage\":\"it-IT\",\"potentialAction\":[{\"@type\":\"CommentAction\",\"name\":\"Comment\",\"target\":[\"https:\/\/pianissimo.it\/?p=896#respond\"]}]},{\"@type\":\"WebPage\",\"@id\":\"https:\/\/pianissimo.it\/?p=896\",\"url\":\"https:\/\/pianissimo.it\/?p=896\",\"name\":\"Covid-19: l\u2019impatto duraturo sulla sanit\u00e0 pubblica globale - Pianissimo\",\"isPartOf\":{\"@id\":\"https:\/\/pianissimo.it\/#website\"},\"primaryImageOfPage\":{\"@id\":\"https:\/\/pianissimo.it\/?p=896#primaryimage\"},\"image\":{\"@id\":\"https:\/\/pianissimo.it\/?p=896#primaryimage\"},\"thumbnailUrl\":\"https:\/\/pianissimo.it\/wp-content\/uploads\/2026\/03\/896-3bc36d51-covid-19-limpatto-duraturo-sulla-sanita-pubblica-globale.jpg\",\"datePublished\":\"2026-03-07T14:42:55+00:00\",\"dateModified\":\"2026-03-07T14:42:56+00:00\",\"breadcrumb\":{\"@id\":\"https:\/\/pianissimo.it\/?p=896#breadcrumb\"},\"inLanguage\":\"it-IT\",\"potentialAction\":[{\"@type\":\"ReadAction\",\"target\":[\"https:\/\/pianissimo.it\/?p=896\"]}]},{\"@type\":\"ImageObject\",\"inLanguage\":\"it-IT\",\"@id\":\"https:\/\/pianissimo.it\/?p=896#primaryimage\",\"url\":\"https:\/\/pianissimo.it\/wp-content\/uploads\/2026\/03\/896-3bc36d51-covid-19-limpatto-duraturo-sulla-sanita-pubblica-globale.jpg\",\"contentUrl\":\"https:\/\/pianissimo.it\/wp-content\/uploads\/2026\/03\/896-3bc36d51-covid-19-limpatto-duraturo-sulla-sanita-pubblica-globale.jpg\",\"width\":640,\"height\":427,\"caption\":\"Covid-19: l\u2019impatto duraturo sulla sanit\u00e0 pubblica globale\"},{\"@type\":\"BreadcrumbList\",\"@id\":\"https:\/\/pianissimo.it\/?p=896#breadcrumb\",\"itemListElement\":[{\"@type\":\"ListItem\",\"position\":1,\"name\":\"Home\",\"item\":\"https:\/\/pianissimo.it\/\"},{\"@type\":\"ListItem\",\"position\":2,\"name\":\"Covid-19: l\u2019impatto duraturo sulla sanit\u00e0 pubblica globale\"}]},{\"@type\":\"WebSite\",\"@id\":\"https:\/\/pianissimo.it\/#website\",\"url\":\"https:\/\/pianissimo.it\/\",\"name\":\"Pianissimo\",\"description\":\"Magazine di attualit\u00e0 e cultura\",\"publisher\":{\"@id\":\"https:\/\/pianissimo.it\/#organization\"},\"potentialAction\":[{\"@type\":\"SearchAction\",\"target\":{\"@type\":\"EntryPoint\",\"urlTemplate\":\"https:\/\/pianissimo.it\/?s={search_term_string}\"},\"query-input\":{\"@type\":\"PropertyValueSpecification\",\"valueRequired\":true,\"valueName\":\"search_term_string\"}}],\"inLanguage\":\"it-IT\"},{\"@type\":\"Organization\",\"@id\":\"https:\/\/pianissimo.it\/#organization\",\"name\":\"Pianissimo\",\"url\":\"https:\/\/pianissimo.it\/\",\"logo\":{\"@type\":\"ImageObject\",\"inLanguage\":\"it-IT\",\"@id\":\"https:\/\/pianissimo.it\/#\/schema\/logo\/image\/\",\"url\":\"https:\/\/pianissimo.it\/wp-content\/uploads\/2017\/07\/cropped-pianissimo-new.png\",\"contentUrl\":\"https:\/\/pianissimo.it\/wp-content\/uploads\/2017\/07\/cropped-pianissimo-new.png\",\"width\":395,\"height\":80,\"caption\":\"Pianissimo\"},\"image\":{\"@id\":\"https:\/\/pianissimo.it\/#\/schema\/logo\/image\/\"}},{\"@type\":\"Person\",\"@id\":\"https:\/\/pianissimo.it\/#\/schema\/person\/3af0c53515f94abe57e1d7d016f05a4e\",\"name\":\"Redazione Pianissimo\",\"image\":{\"@type\":\"ImageObject\",\"inLanguage\":\"it-IT\",\"@id\":\"https:\/\/pianissimo.it\/#\/schema\/person\/image\/\",\"url\":\"https:\/\/secure.gravatar.com\/avatar\/76342d9773f1db1d982023c896336afb4f281c3945daaf7f75fbea96d3bbf608?s=96&d=mm&r=g\",\"contentUrl\":\"https:\/\/secure.gravatar.com\/avatar\/76342d9773f1db1d982023c896336afb4f281c3945daaf7f75fbea96d3bbf608?s=96&d=mm&r=g\",\"caption\":\"Redazione Pianissimo\"},\"url\":\"https:\/\/pianissimo.it\/?author=2\"}]}<\/script>\n<!-- \/ Yoast SEO plugin. -->","yoast_head_json":{"title":"Covid-19: l\u2019impatto duraturo sulla sanit\u00e0 pubblica globale - Pianissimo","robots":{"index":"index","follow":"follow","max-snippet":"max-snippet:-1","max-image-preview":"max-image-preview:large","max-video-preview":"max-video-preview:-1"},"canonical":"https:\/\/pianissimo.it\/?p=896","og_locale":"it_IT","og_type":"article","og_title":"Covid-19: l\u2019impatto duraturo sulla sanit\u00e0 pubblica globale - Pianissimo","og_description":"La pandemia di Covid-19 ha lasciato un segno indelebile sulla sanit\u00e0 pubblica globale. Le strutture sanitarie hanno dovuto adattarsi rapidamente, rivelando fragilit\u00e0 e disuguaglianze preesistenti, ma anche stimolando innovazioni e riforme necessarie.","og_url":"https:\/\/pianissimo.it\/?p=896","og_site_name":"Pianissimo","article_published_time":"2026-03-07T14:42:55+00:00","article_modified_time":"2026-03-07T14:42:56+00:00","og_image":[{"width":640,"height":427,"url":"https:\/\/pianissimo.it\/wp-content\/uploads\/2026\/03\/896-3bc36d51-covid-19-limpatto-duraturo-sulla-sanita-pubblica-globale.jpg","type":"image\/jpeg"}],"author":"Redazione Pianissimo","twitter_card":"summary_large_image","twitter_misc":{"Scritto da":"Redazione Pianissimo","Tempo di lettura stimato":"4 minuti"},"schema":{"@context":"https:\/\/schema.org","@graph":[{"@type":"Article","@id":"https:\/\/pianissimo.it\/?p=896#article","isPartOf":{"@id":"https:\/\/pianissimo.it\/?p=896"},"author":{"name":"Redazione Pianissimo","@id":"https:\/\/pianissimo.it\/#\/schema\/person\/3af0c53515f94abe57e1d7d016f05a4e"},"headline":"Covid-19: l\u2019impatto duraturo sulla sanit\u00e0 pubblica globale","datePublished":"2026-03-07T14:42:55+00:00","dateModified":"2026-03-07T14:42:56+00:00","mainEntityOfPage":{"@id":"https:\/\/pianissimo.it\/?p=896"},"wordCount":812,"commentCount":0,"publisher":{"@id":"https:\/\/pianissimo.it\/#organization"},"image":{"@id":"https:\/\/pianissimo.it\/?p=896#primaryimage"},"thumbnailUrl":"https:\/\/pianissimo.it\/wp-content\/uploads\/2026\/03\/896-3bc36d51-covid-19-limpatto-duraturo-sulla-sanita-pubblica-globale.jpg","keywords":["Covid-19","crisi sanitaria","Epidemiologia","gestione della salute","impatto duraturo","Malattie Infettive","pandemia","Politiche Sanitarie","Prevenzione","resilienza sanitaria","Salute Globale","salute pubblica globale","sanit\u00e0 pubblica","sistemi sanitari","vaccinazione"],"articleSection":["Pittura"],"inLanguage":"it-IT","potentialAction":[{"@type":"CommentAction","name":"Comment","target":["https:\/\/pianissimo.it\/?p=896#respond"]}]},{"@type":"WebPage","@id":"https:\/\/pianissimo.it\/?p=896","url":"https:\/\/pianissimo.it\/?p=896","name":"Covid-19: l\u2019impatto duraturo sulla sanit\u00e0 pubblica globale - Pianissimo","isPartOf":{"@id":"https:\/\/pianissimo.it\/#website"},"primaryImageOfPage":{"@id":"https:\/\/pianissimo.it\/?p=896#primaryimage"},"image":{"@id":"https:\/\/pianissimo.it\/?p=896#primaryimage"},"thumbnailUrl":"https:\/\/pianissimo.it\/wp-content\/uploads\/2026\/03\/896-3bc36d51-covid-19-limpatto-duraturo-sulla-sanita-pubblica-globale.jpg","datePublished":"2026-03-07T14:42:55+00:00","dateModified":"2026-03-07T14:42:56+00:00","breadcrumb":{"@id":"https:\/\/pianissimo.it\/?p=896#breadcrumb"},"inLanguage":"it-IT","potentialAction":[{"@type":"ReadAction","target":["https:\/\/pianissimo.it\/?p=896"]}]},{"@type":"ImageObject","inLanguage":"it-IT","@id":"https:\/\/pianissimo.it\/?p=896#primaryimage","url":"https:\/\/pianissimo.it\/wp-content\/uploads\/2026\/03\/896-3bc36d51-covid-19-limpatto-duraturo-sulla-sanita-pubblica-globale.jpg","contentUrl":"https:\/\/pianissimo.it\/wp-content\/uploads\/2026\/03\/896-3bc36d51-covid-19-limpatto-duraturo-sulla-sanita-pubblica-globale.jpg","width":640,"height":427,"caption":"Covid-19: l\u2019impatto duraturo sulla sanit\u00e0 pubblica globale"},{"@type":"BreadcrumbList","@id":"https:\/\/pianissimo.it\/?p=896#breadcrumb","itemListElement":[{"@type":"ListItem","position":1,"name":"Home","item":"https:\/\/pianissimo.it\/"},{"@type":"ListItem","position":2,"name":"Covid-19: l\u2019impatto duraturo sulla sanit\u00e0 pubblica globale"}]},{"@type":"WebSite","@id":"https:\/\/pianissimo.it\/#website","url":"https:\/\/pianissimo.it\/","name":"Pianissimo","description":"Magazine di attualit\u00e0 e cultura","publisher":{"@id":"https:\/\/pianissimo.it\/#organization"},"potentialAction":[{"@type":"SearchAction","target":{"@type":"EntryPoint","urlTemplate":"https:\/\/pianissimo.it\/?s={search_term_string}"},"query-input":{"@type":"PropertyValueSpecification","valueRequired":true,"valueName":"search_term_string"}}],"inLanguage":"it-IT"},{"@type":"Organization","@id":"https:\/\/pianissimo.it\/#organization","name":"Pianissimo","url":"https:\/\/pianissimo.it\/","logo":{"@type":"ImageObject","inLanguage":"it-IT","@id":"https:\/\/pianissimo.it\/#\/schema\/logo\/image\/","url":"https:\/\/pianissimo.it\/wp-content\/uploads\/2017\/07\/cropped-pianissimo-new.png","contentUrl":"https:\/\/pianissimo.it\/wp-content\/uploads\/2017\/07\/cropped-pianissimo-new.png","width":395,"height":80,"caption":"Pianissimo"},"image":{"@id":"https:\/\/pianissimo.it\/#\/schema\/logo\/image\/"}},{"@type":"Person","@id":"https:\/\/pianissimo.it\/#\/schema\/person\/3af0c53515f94abe57e1d7d016f05a4e","name":"Redazione Pianissimo","image":{"@type":"ImageObject","inLanguage":"it-IT","@id":"https:\/\/pianissimo.it\/#\/schema\/person\/image\/","url":"https:\/\/secure.gravatar.com\/avatar\/76342d9773f1db1d982023c896336afb4f281c3945daaf7f75fbea96d3bbf608?s=96&d=mm&r=g","contentUrl":"https:\/\/secure.gravatar.com\/avatar\/76342d9773f1db1d982023c896336afb4f281c3945daaf7f75fbea96d3bbf608?s=96&d=mm&r=g","caption":"Redazione Pianissimo"},"url":"https:\/\/pianissimo.it\/?author=2"}]}},"_links":{"self":[{"href":"https:\/\/pianissimo.it\/index.php?rest_route=\/wp\/v2\/posts\/896","targetHints":{"allow":["GET"]}}],"collection":[{"href":"https:\/\/pianissimo.it\/index.php?rest_route=\/wp\/v2\/posts"}],"about":[{"href":"https:\/\/pianissimo.it\/index.php?rest_route=\/wp\/v2\/types\/post"}],"author":[{"embeddable":true,"href":"https:\/\/pianissimo.it\/index.php?rest_route=\/wp\/v2\/users\/2"}],"replies":[{"embeddable":true,"href":"https:\/\/pianissimo.it\/index.php?rest_route=%2Fwp%2Fv2%2Fcomments&post=896"}],"version-history":[{"count":1,"href":"https:\/\/pianissimo.it\/index.php?rest_route=\/wp\/v2\/posts\/896\/revisions"}],"predecessor-version":[{"id":898,"href":"https:\/\/pianissimo.it\/index.php?rest_route=\/wp\/v2\/posts\/896\/revisions\/898"}],"wp:featuredmedia":[{"embeddable":true,"href":"https:\/\/pianissimo.it\/index.php?rest_route=\/wp\/v2\/media\/897"}],"wp:attachment":[{"href":"https:\/\/pianissimo.it\/index.php?rest_route=%2Fwp%2Fv2%2Fmedia&parent=896"}],"wp:term":[{"taxonomy":"category","embeddable":true,"href":"https:\/\/pianissimo.it\/index.php?rest_route=%2Fwp%2Fv2%2Fcategories&post=896"},{"taxonomy":"post_tag","embeddable":true,"href":"https:\/\/pianissimo.it\/index.php?rest_route=%2Fwp%2Fv2%2Ftags&post=896"}],"curies":[{"name":"wp","href":"https:\/\/api.w.org\/{rel}","templated":true}]}}