{"id":587,"date":"2020-07-02T18:00:18","date_gmt":"2020-07-02T16:00:18","guid":{"rendered":"https:\/\/pianissimo.it\/?p=587"},"modified":"2020-07-02T18:00:18","modified_gmt":"2020-07-02T16:00:18","slug":"piero-chiambretti-lascia-cr4","status":"publish","type":"post","link":"https:\/\/pianissimo.it\/?p=587","title":{"rendered":"Piero Chiambretti lascia CR4"},"content":{"rendered":"<p>Per\u00a0<strong>Piero Chiambretti<\/strong>. \u00e8 arrivato il momento di cambiare le cose, in un periodo molto difficile per questo personaggio, capace di fare giornalismo in modo unico e originale.<\/p>\n<p>A quanto pare, Chiambretti si prepara a lasciare\u00a0<strong><em>#CR4 \u2013 La Repubblica delle Donne<\/em><\/strong>.<\/p>\n<p>Dopo la perdita della madre, Chiambretti sembra avere iniziato un percorso diverso, \u00e8 lui stesso a raccontare come la sua vita sia cambiata, e di non sapere se torner\u00e0 in TV.<\/p>\n<p>L&#8217;ipotesi, dopo 40 anni di grande televisione, \u00e8 di un possibile pensionamento.<\/p>\n<p>Una enorme perdita per il pubblico e per la qualit\u00e0 generale della televisione, che avrebbe bisogno di pi\u00f9 Chiambretti, ma una scelta personale sulla quale non si pu\u00f2 sindacare.<\/p>\n<p>Il giornalista e presentatore ha spiegato di non aver ancora definito progetti chiari per il futuro, e di sperare in un cambiamento, una vera e propria vita nuova.<\/p>\n<p>Le idee non gli mancano e parla gi\u00e0 di un programma dove i bambini sostituiscono gli adulti.<\/p>\n<p>Chiambretti \u00e8 un elemento portante della televisione italiana, un personaggio di grande sensibilit\u00e0, capace di realizzare interviste memorabili e programmi che hanno lasciato il segno.<\/p>\n<p>Proprio per questo il suo possibile addio, sarebbe davvero un abbassamento del livello generale della nostra televisione.<\/p>\n<p>La perdita della madre, con la quale si \u00e8 ammalato nello stesso periodo, ha colpito duramente Chiambretti, che non manca di ricordare la mamma e l&#8217;esperienza vissuta, nonostante non ami parlare troppo delle sue vicende private.<\/p>\n<p>\u201cNon amo rendere pubblico\u00a0<strong>quello che \u00e8 privato<\/strong>. Dietro quelle due settimane in ospedale ci sono la malattia, la morte di mia madre, il senso della vita che \u00e8 cambiato, il ripensamento delle mie scelte professionali.\u00a0<strong>\u00c8 stata un\u2019esperienza troppo personale<\/strong>, troppo dolorosa per farla diventare un fenomeno da baraccone\u201d.<\/p>\n<p>Non possiamo che augurargli il meglio, sperando che possa tornare ad avere l&#8217;entusiasmo di un tempo, e nel totale rispetto delle sue decisioni.<\/p>\n","protected":false},"excerpt":{"rendered":"<p>Per\u00a0Piero Chiambretti. \u00e8 arrivato il momento di cambiare le cose, in un periodo molto difficile per questo personaggio, capace di fare giornalismo in modo unico e originale. A quanto pare, Chiambretti si prepara a lasciare\u00a0#CR4 \u2013 La Repubblica delle Donne. Dopo la perdita della madre, Chiambretti sembra avere iniziato un percorso diverso, \u00e8 lui stesso [&hellip;]<\/p>\n","protected":false},"author":4,"featured_media":588,"comment_status":"open","ping_status":"open","sticky":false,"template":"","format":"standard","meta":{"footnotes":""},"categories":[21],"tags":[105],"class_list":["post-587","post","type-post","status-publish","format-standard","has-post-thumbnail","hentry","category-attualita","tag-chiambretti"],"yoast_head":"<!-- This site is optimized with the Yoast SEO plugin v26.4 - https:\/\/yoast.com\/wordpress\/plugins\/seo\/ -->\n<title>Piero Chiambretti lascia CR4 - Pianissimo<\/title>\n<meta name=\"robots\" content=\"index, follow, max-snippet:-1, max-image-preview:large, max-video-preview:-1\" \/>\n<link rel=\"canonical\" href=\"https:\/\/pianissimo.it\/?p=587\" \/>\n<meta property=\"og:locale\" content=\"it_IT\" \/>\n<meta property=\"og:type\" content=\"article\" \/>\n<meta property=\"og:title\" content=\"Piero Chiambretti lascia CR4 - Pianissimo\" \/>\n<meta property=\"og:description\" content=\"Per\u00a0Piero Chiambretti. \u00e8 arrivato il momento di cambiare le cose, in un periodo molto difficile per questo personaggio, capace di fare giornalismo in modo unico e originale. A quanto pare, Chiambretti si prepara a lasciare\u00a0#CR4 \u2013 La Repubblica delle Donne. Dopo la perdita della madre, Chiambretti sembra avere iniziato un percorso diverso, \u00e8 lui stesso [&hellip;]\" \/>\n<meta property=\"og:url\" content=\"https:\/\/pianissimo.it\/?p=587\" \/>\n<meta property=\"og:site_name\" content=\"Pianissimo\" \/>\n<meta property=\"article:published_time\" content=\"2020-07-02T16:00:18+00:00\" \/>\n<meta property=\"og:image\" content=\"https:\/\/pianissimo.it\/wp-content\/uploads\/2020\/07\/Chriambretti.jpeg\" \/>\n\t<meta property=\"og:image:width\" content=\"259\" \/>\n\t<meta property=\"og:image:height\" content=\"194\" \/>\n\t<meta property=\"og:image:type\" content=\"image\/jpeg\" \/>\n<meta name=\"author\" content=\"Franco Carbone\" \/>\n<meta name=\"twitter:card\" content=\"summary_large_image\" \/>\n<meta name=\"twitter:label1\" content=\"Scritto da\" \/>\n\t<meta name=\"twitter:data1\" content=\"Franco Carbone\" \/>\n\t<meta name=\"twitter:label2\" content=\"Tempo di lettura stimato\" \/>\n\t<meta name=\"twitter:data2\" content=\"2 minuti\" \/>\n<script type=\"application\/ld+json\" class=\"yoast-schema-graph\">{\"@context\":\"https:\/\/schema.org\",\"@graph\":[{\"@type\":\"Article\",\"@id\":\"https:\/\/pianissimo.it\/?p=587#article\",\"isPartOf\":{\"@id\":\"https:\/\/pianissimo.it\/?p=587\"},\"author\":{\"name\":\"Franco Carbone\",\"@id\":\"https:\/\/pianissimo.it\/#\/schema\/person\/bfb0b3af910409f35d95706d2f397242\"},\"headline\":\"Piero Chiambretti lascia CR4\",\"datePublished\":\"2020-07-02T16:00:18+00:00\",\"mainEntityOfPage\":{\"@id\":\"https:\/\/pianissimo.it\/?p=587\"},\"wordCount\":305,\"commentCount\":0,\"publisher\":{\"@id\":\"https:\/\/pianissimo.it\/#organization\"},\"image\":{\"@id\":\"https:\/\/pianissimo.it\/?p=587#primaryimage\"},\"thumbnailUrl\":\"https:\/\/pianissimo.it\/wp-content\/uploads\/2020\/07\/Chriambretti.jpeg\",\"keywords\":[\"Chiambretti\"],\"articleSection\":[\"Attualit\u00e0\"],\"inLanguage\":\"it-IT\",\"potentialAction\":[{\"@type\":\"CommentAction\",\"name\":\"Comment\",\"target\":[\"https:\/\/pianissimo.it\/?p=587#respond\"]}]},{\"@type\":\"WebPage\",\"@id\":\"https:\/\/pianissimo.it\/?p=587\",\"url\":\"https:\/\/pianissimo.it\/?p=587\",\"name\":\"Piero Chiambretti lascia CR4 - Pianissimo\",\"isPartOf\":{\"@id\":\"https:\/\/pianissimo.it\/#website\"},\"primaryImageOfPage\":{\"@id\":\"https:\/\/pianissimo.it\/?p=587#primaryimage\"},\"image\":{\"@id\":\"https:\/\/pianissimo.it\/?p=587#primaryimage\"},\"thumbnailUrl\":\"https:\/\/pianissimo.it\/wp-content\/uploads\/2020\/07\/Chriambretti.jpeg\",\"datePublished\":\"2020-07-02T16:00:18+00:00\",\"breadcrumb\":{\"@id\":\"https:\/\/pianissimo.it\/?p=587#breadcrumb\"},\"inLanguage\":\"it-IT\",\"potentialAction\":[{\"@type\":\"ReadAction\",\"target\":[\"https:\/\/pianissimo.it\/?p=587\"]}]},{\"@type\":\"ImageObject\",\"inLanguage\":\"it-IT\",\"@id\":\"https:\/\/pianissimo.it\/?p=587#primaryimage\",\"url\":\"https:\/\/pianissimo.it\/wp-content\/uploads\/2020\/07\/Chriambretti.jpeg\",\"contentUrl\":\"https:\/\/pianissimo.it\/wp-content\/uploads\/2020\/07\/Chriambretti.jpeg\",\"width\":259,\"height\":194},{\"@type\":\"BreadcrumbList\",\"@id\":\"https:\/\/pianissimo.it\/?p=587#breadcrumb\",\"itemListElement\":[{\"@type\":\"ListItem\",\"position\":1,\"name\":\"Home\",\"item\":\"https:\/\/pianissimo.it\/\"},{\"@type\":\"ListItem\",\"position\":2,\"name\":\"Piero Chiambretti lascia CR4\"}]},{\"@type\":\"WebSite\",\"@id\":\"https:\/\/pianissimo.it\/#website\",\"url\":\"https:\/\/pianissimo.it\/\",\"name\":\"Pianissimo\",\"description\":\"Magazine di attualit\u00e0 e cultura\",\"publisher\":{\"@id\":\"https:\/\/pianissimo.it\/#organization\"},\"potentialAction\":[{\"@type\":\"SearchAction\",\"target\":{\"@type\":\"EntryPoint\",\"urlTemplate\":\"https:\/\/pianissimo.it\/?s={search_term_string}\"},\"query-input\":{\"@type\":\"PropertyValueSpecification\",\"valueRequired\":true,\"valueName\":\"search_term_string\"}}],\"inLanguage\":\"it-IT\"},{\"@type\":\"Organization\",\"@id\":\"https:\/\/pianissimo.it\/#organization\",\"name\":\"Pianissimo\",\"url\":\"https:\/\/pianissimo.it\/\",\"logo\":{\"@type\":\"ImageObject\",\"inLanguage\":\"it-IT\",\"@id\":\"https:\/\/pianissimo.it\/#\/schema\/logo\/image\/\",\"url\":\"https:\/\/pianissimo.it\/wp-content\/uploads\/2017\/07\/cropped-pianissimo-new.png\",\"contentUrl\":\"https:\/\/pianissimo.it\/wp-content\/uploads\/2017\/07\/cropped-pianissimo-new.png\",\"width\":395,\"height\":80,\"caption\":\"Pianissimo\"},\"image\":{\"@id\":\"https:\/\/pianissimo.it\/#\/schema\/logo\/image\/\"}},{\"@type\":\"Person\",\"@id\":\"https:\/\/pianissimo.it\/#\/schema\/person\/bfb0b3af910409f35d95706d2f397242\",\"name\":\"Franco Carbone\",\"image\":{\"@type\":\"ImageObject\",\"inLanguage\":\"it-IT\",\"@id\":\"https:\/\/pianissimo.it\/#\/schema\/person\/image\/\",\"url\":\"https:\/\/secure.gravatar.com\/avatar\/e50f04a4e5a7fb057d23eff5550b8da642e40eb7bf3ea9e213736d357d7a5fbe?s=96&d=mm&r=g\",\"contentUrl\":\"https:\/\/secure.gravatar.com\/avatar\/e50f04a4e5a7fb057d23eff5550b8da642e40eb7bf3ea9e213736d357d7a5fbe?s=96&d=mm&r=g\",\"caption\":\"Franco Carbone\"},\"url\":\"https:\/\/pianissimo.it\/?author=4\"}]}<\/script>\n<!-- \/ Yoast SEO plugin. -->","yoast_head_json":{"title":"Piero Chiambretti lascia CR4 - Pianissimo","robots":{"index":"index","follow":"follow","max-snippet":"max-snippet:-1","max-image-preview":"max-image-preview:large","max-video-preview":"max-video-preview:-1"},"canonical":"https:\/\/pianissimo.it\/?p=587","og_locale":"it_IT","og_type":"article","og_title":"Piero Chiambretti lascia CR4 - Pianissimo","og_description":"Per\u00a0Piero Chiambretti. \u00e8 arrivato il momento di cambiare le cose, in un periodo molto difficile per questo personaggio, capace di fare giornalismo in modo unico e originale. A quanto pare, Chiambretti si prepara a lasciare\u00a0#CR4 \u2013 La Repubblica delle Donne. Dopo la perdita della madre, Chiambretti sembra avere iniziato un percorso diverso, \u00e8 lui stesso [&hellip;]","og_url":"https:\/\/pianissimo.it\/?p=587","og_site_name":"Pianissimo","article_published_time":"2020-07-02T16:00:18+00:00","og_image":[{"width":259,"height":194,"url":"https:\/\/pianissimo.it\/wp-content\/uploads\/2020\/07\/Chriambretti.jpeg","type":"image\/jpeg"}],"author":"Franco Carbone","twitter_card":"summary_large_image","twitter_misc":{"Scritto da":"Franco Carbone","Tempo di lettura stimato":"2 minuti"},"schema":{"@context":"https:\/\/schema.org","@graph":[{"@type":"Article","@id":"https:\/\/pianissimo.it\/?p=587#article","isPartOf":{"@id":"https:\/\/pianissimo.it\/?p=587"},"author":{"name":"Franco Carbone","@id":"https:\/\/pianissimo.it\/#\/schema\/person\/bfb0b3af910409f35d95706d2f397242"},"headline":"Piero Chiambretti lascia CR4","datePublished":"2020-07-02T16:00:18+00:00","mainEntityOfPage":{"@id":"https:\/\/pianissimo.it\/?p=587"},"wordCount":305,"commentCount":0,"publisher":{"@id":"https:\/\/pianissimo.it\/#organization"},"image":{"@id":"https:\/\/pianissimo.it\/?p=587#primaryimage"},"thumbnailUrl":"https:\/\/pianissimo.it\/wp-content\/uploads\/2020\/07\/Chriambretti.jpeg","keywords":["Chiambretti"],"articleSection":["Attualit\u00e0"],"inLanguage":"it-IT","potentialAction":[{"@type":"CommentAction","name":"Comment","target":["https:\/\/pianissimo.it\/?p=587#respond"]}]},{"@type":"WebPage","@id":"https:\/\/pianissimo.it\/?p=587","url":"https:\/\/pianissimo.it\/?p=587","name":"Piero Chiambretti lascia CR4 - Pianissimo","isPartOf":{"@id":"https:\/\/pianissimo.it\/#website"},"primaryImageOfPage":{"@id":"https:\/\/pianissimo.it\/?p=587#primaryimage"},"image":{"@id":"https:\/\/pianissimo.it\/?p=587#primaryimage"},"thumbnailUrl":"https:\/\/pianissimo.it\/wp-content\/uploads\/2020\/07\/Chriambretti.jpeg","datePublished":"2020-07-02T16:00:18+00:00","breadcrumb":{"@id":"https:\/\/pianissimo.it\/?p=587#breadcrumb"},"inLanguage":"it-IT","potentialAction":[{"@type":"ReadAction","target":["https:\/\/pianissimo.it\/?p=587"]}]},{"@type":"ImageObject","inLanguage":"it-IT","@id":"https:\/\/pianissimo.it\/?p=587#primaryimage","url":"https:\/\/pianissimo.it\/wp-content\/uploads\/2020\/07\/Chriambretti.jpeg","contentUrl":"https:\/\/pianissimo.it\/wp-content\/uploads\/2020\/07\/Chriambretti.jpeg","width":259,"height":194},{"@type":"BreadcrumbList","@id":"https:\/\/pianissimo.it\/?p=587#breadcrumb","itemListElement":[{"@type":"ListItem","position":1,"name":"Home","item":"https:\/\/pianissimo.it\/"},{"@type":"ListItem","position":2,"name":"Piero Chiambretti lascia CR4"}]},{"@type":"WebSite","@id":"https:\/\/pianissimo.it\/#website","url":"https:\/\/pianissimo.it\/","name":"Pianissimo","description":"Magazine di attualit\u00e0 e cultura","publisher":{"@id":"https:\/\/pianissimo.it\/#organization"},"potentialAction":[{"@type":"SearchAction","target":{"@type":"EntryPoint","urlTemplate":"https:\/\/pianissimo.it\/?s={search_term_string}"},"query-input":{"@type":"PropertyValueSpecification","valueRequired":true,"valueName":"search_term_string"}}],"inLanguage":"it-IT"},{"@type":"Organization","@id":"https:\/\/pianissimo.it\/#organization","name":"Pianissimo","url":"https:\/\/pianissimo.it\/","logo":{"@type":"ImageObject","inLanguage":"it-IT","@id":"https:\/\/pianissimo.it\/#\/schema\/logo\/image\/","url":"https:\/\/pianissimo.it\/wp-content\/uploads\/2017\/07\/cropped-pianissimo-new.png","contentUrl":"https:\/\/pianissimo.it\/wp-content\/uploads\/2017\/07\/cropped-pianissimo-new.png","width":395,"height":80,"caption":"Pianissimo"},"image":{"@id":"https:\/\/pianissimo.it\/#\/schema\/logo\/image\/"}},{"@type":"Person","@id":"https:\/\/pianissimo.it\/#\/schema\/person\/bfb0b3af910409f35d95706d2f397242","name":"Franco Carbone","image":{"@type":"ImageObject","inLanguage":"it-IT","@id":"https:\/\/pianissimo.it\/#\/schema\/person\/image\/","url":"https:\/\/secure.gravatar.com\/avatar\/e50f04a4e5a7fb057d23eff5550b8da642e40eb7bf3ea9e213736d357d7a5fbe?s=96&d=mm&r=g","contentUrl":"https:\/\/secure.gravatar.com\/avatar\/e50f04a4e5a7fb057d23eff5550b8da642e40eb7bf3ea9e213736d357d7a5fbe?s=96&d=mm&r=g","caption":"Franco Carbone"},"url":"https:\/\/pianissimo.it\/?author=4"}]}},"_links":{"self":[{"href":"https:\/\/pianissimo.it\/index.php?rest_route=\/wp\/v2\/posts\/587","targetHints":{"allow":["GET"]}}],"collection":[{"href":"https:\/\/pianissimo.it\/index.php?rest_route=\/wp\/v2\/posts"}],"about":[{"href":"https:\/\/pianissimo.it\/index.php?rest_route=\/wp\/v2\/types\/post"}],"author":[{"embeddable":true,"href":"https:\/\/pianissimo.it\/index.php?rest_route=\/wp\/v2\/users\/4"}],"replies":[{"embeddable":true,"href":"https:\/\/pianissimo.it\/index.php?rest_route=%2Fwp%2Fv2%2Fcomments&post=587"}],"version-history":[{"count":1,"href":"https:\/\/pianissimo.it\/index.php?rest_route=\/wp\/v2\/posts\/587\/revisions"}],"predecessor-version":[{"id":589,"href":"https:\/\/pianissimo.it\/index.php?rest_route=\/wp\/v2\/posts\/587\/revisions\/589"}],"wp:featuredmedia":[{"embeddable":true,"href":"https:\/\/pianissimo.it\/index.php?rest_route=\/wp\/v2\/media\/588"}],"wp:attachment":[{"href":"https:\/\/pianissimo.it\/index.php?rest_route=%2Fwp%2Fv2%2Fmedia&parent=587"}],"wp:term":[{"taxonomy":"category","embeddable":true,"href":"https:\/\/pianissimo.it\/index.php?rest_route=%2Fwp%2Fv2%2Fcategories&post=587"},{"taxonomy":"post_tag","embeddable":true,"href":"https:\/\/pianissimo.it\/index.php?rest_route=%2Fwp%2Fv2%2Ftags&post=587"}],"curies":[{"name":"wp","href":"https:\/\/api.w.org\/{rel}","templated":true}]}}