{"id":576,"date":"2020-05-26T19:07:02","date_gmt":"2020-05-26T17:07:02","guid":{"rendered":"https:\/\/pianissimo.it\/?p=576"},"modified":"2020-05-26T19:07:02","modified_gmt":"2020-05-26T17:07:02","slug":"andrea-bocelli-donera-plasma-curare-coronavirus","status":"publish","type":"post","link":"https:\/\/pianissimo.it\/?p=576","title":{"rendered":"Andrea Bocelli doner\u00e0 il plasma per curare il Coronavirus"},"content":{"rendered":"<p><strong>Andrea Bocelli<\/strong>\u00a0ha avuto il\u00a0<strong>Coronavirus.<\/strong><\/p>\n<p>A dirlo \u00e8 lo stesso artista che racconta di avere avuto il virus e di essere guarito.<\/p>\n<p>Adesso doner\u00e0 il plasma per aiutare a curare le persone che lottano contro questo virus.<\/p>\n<p>Bocelli ha raccontato di avere avuto il coronavirus, del quale si sono ammalati anche i due figli.<\/p>\n<p>\u201cLa mia esperienza con il coronavirus? Una \u201ctragedia\u201d spiega.<\/p>\n<p>Tutta la famiglia si sarebbe ammalata nel corso di una cena.<\/p>\n<p>&#8220;Abbiamo superato molto bene la malattia anche se io purtroppo ho dovuto annullare molti concerti ed \u00e8 stata una brutta esperienza. \u00c8 stato come vivere un incubo perch\u00e9 avevo la sensazione di non avere pi\u00f9 il controllo delle cose. Speravo di svegliarmi da un momento all\u2019altro. Questo virus ha messo in ginocchio il mondo intero e io anche oggi non riesco a capirlo, a metabolizzare questa sciagura\u201d.<\/p>\n<p>Il virus avrebbe colpito Bocelli, nonostante i sintomi siano rimasti sotto la soglia di emergenza.<\/p>\n<p>Il coronavirus, ancora oggi pandemia mondiale, ha quindi colpito anche lo storico tenore, tra i personaggi pi\u00f9 importanti del panorama lirico italiano.<\/p>\n<p>La notizia della guarigione, far\u00e0 piacere ai fan di Bocelli, e soprattutto la sua scelta di donare il plasma per aiutare chi ancora sta lottando con la malattia.<\/p>\n<p>Bocelli si \u00e8 esibito in occasione del primo maggio.<\/p>\n<p>L&#8217;abbiamo visto anche in una live su Instagram dove si \u00e8 esibito nei primi giorni del lockdown.<\/p>\n<p>Il coronavirus, ha colpito duramente il mondo della musica, facendo cancellare tutti i concerti previsti e i festival, posticipati ormai al 2021, nella speranza che, entro quella data emerga un vaccino e il virus sia debellato.<\/p>\n<p>La crisi del mercato della musica, legata principalmente alle live e ai settori interessati, \u00e8 una delle tante situazioni che il virus che creato, danneggiando fortemente molti lavoratori che, in modo diretto o meno, lavoravano grazie ai grandi festival e ai concerti.<\/p>\n","protected":false},"excerpt":{"rendered":"<p>Andrea Bocelli\u00a0ha avuto il\u00a0Coronavirus. A dirlo \u00e8 lo stesso artista che racconta di avere avuto il virus e di essere guarito. Adesso doner\u00e0 il plasma per aiutare a curare le persone che lottano contro questo virus. Bocelli ha raccontato di avere avuto il coronavirus, del quale si sono ammalati anche i due figli. \u201cLa mia [&hellip;]<\/p>\n","protected":false},"author":4,"featured_media":577,"comment_status":"open","ping_status":"open","sticky":false,"template":"","format":"standard","meta":{"footnotes":""},"categories":[18],"tags":[122],"class_list":["post-576","post","type-post","status-publish","format-standard","has-post-thumbnail","hentry","category-musica","tag-andrea-bocelli"],"yoast_head":"<!-- This site is optimized with the Yoast SEO plugin v26.4 - https:\/\/yoast.com\/wordpress\/plugins\/seo\/ -->\n<title>Andrea Bocelli doner\u00e0 il plasma per curare il Coronavirus - Pianissimo<\/title>\n<meta name=\"robots\" content=\"index, follow, max-snippet:-1, max-image-preview:large, max-video-preview:-1\" \/>\n<link rel=\"canonical\" href=\"https:\/\/pianissimo.it\/?p=576\" \/>\n<meta property=\"og:locale\" content=\"it_IT\" \/>\n<meta property=\"og:type\" content=\"article\" \/>\n<meta property=\"og:title\" content=\"Andrea Bocelli doner\u00e0 il plasma per curare il Coronavirus - Pianissimo\" \/>\n<meta property=\"og:description\" content=\"Andrea Bocelli\u00a0ha avuto il\u00a0Coronavirus. A dirlo \u00e8 lo stesso artista che racconta di avere avuto il virus e di essere guarito. Adesso doner\u00e0 il plasma per aiutare a curare le persone che lottano contro questo virus. Bocelli ha raccontato di avere avuto il coronavirus, del quale si sono ammalati anche i due figli. \u201cLa mia [&hellip;]\" \/>\n<meta property=\"og:url\" content=\"https:\/\/pianissimo.it\/?p=576\" \/>\n<meta property=\"og:site_name\" content=\"Pianissimo\" \/>\n<meta property=\"article:published_time\" content=\"2020-05-26T17:07:02+00:00\" \/>\n<meta property=\"og:image\" content=\"https:\/\/pianissimo.it\/wp-content\/uploads\/2020\/05\/Andrea-Bocelli.jpg\" \/>\n\t<meta property=\"og:image:width\" content=\"656\" \/>\n\t<meta property=\"og:image:height\" content=\"492\" \/>\n\t<meta property=\"og:image:type\" content=\"image\/jpeg\" \/>\n<meta name=\"author\" content=\"Franco Carbone\" \/>\n<meta name=\"twitter:card\" content=\"summary_large_image\" \/>\n<meta name=\"twitter:label1\" content=\"Scritto da\" \/>\n\t<meta name=\"twitter:data1\" content=\"Franco Carbone\" \/>\n\t<meta name=\"twitter:label2\" content=\"Tempo di lettura stimato\" \/>\n\t<meta name=\"twitter:data2\" content=\"2 minuti\" \/>\n<script type=\"application\/ld+json\" class=\"yoast-schema-graph\">{\"@context\":\"https:\/\/schema.org\",\"@graph\":[{\"@type\":\"Article\",\"@id\":\"https:\/\/pianissimo.it\/?p=576#article\",\"isPartOf\":{\"@id\":\"https:\/\/pianissimo.it\/?p=576\"},\"author\":{\"name\":\"Franco Carbone\",\"@id\":\"https:\/\/pianissimo.it\/#\/schema\/person\/bfb0b3af910409f35d95706d2f397242\"},\"headline\":\"Andrea Bocelli doner\u00e0 il plasma per curare il Coronavirus\",\"datePublished\":\"2020-05-26T17:07:02+00:00\",\"mainEntityOfPage\":{\"@id\":\"https:\/\/pianissimo.it\/?p=576\"},\"wordCount\":314,\"commentCount\":0,\"publisher\":{\"@id\":\"https:\/\/pianissimo.it\/#organization\"},\"image\":{\"@id\":\"https:\/\/pianissimo.it\/?p=576#primaryimage\"},\"thumbnailUrl\":\"https:\/\/pianissimo.it\/wp-content\/uploads\/2020\/05\/Andrea-Bocelli.jpg\",\"keywords\":[\"Andrea Bocelli\"],\"articleSection\":[\"Musica\"],\"inLanguage\":\"it-IT\",\"potentialAction\":[{\"@type\":\"CommentAction\",\"name\":\"Comment\",\"target\":[\"https:\/\/pianissimo.it\/?p=576#respond\"]}]},{\"@type\":\"WebPage\",\"@id\":\"https:\/\/pianissimo.it\/?p=576\",\"url\":\"https:\/\/pianissimo.it\/?p=576\",\"name\":\"Andrea Bocelli doner\u00e0 il plasma per curare il Coronavirus - Pianissimo\",\"isPartOf\":{\"@id\":\"https:\/\/pianissimo.it\/#website\"},\"primaryImageOfPage\":{\"@id\":\"https:\/\/pianissimo.it\/?p=576#primaryimage\"},\"image\":{\"@id\":\"https:\/\/pianissimo.it\/?p=576#primaryimage\"},\"thumbnailUrl\":\"https:\/\/pianissimo.it\/wp-content\/uploads\/2020\/05\/Andrea-Bocelli.jpg\",\"datePublished\":\"2020-05-26T17:07:02+00:00\",\"breadcrumb\":{\"@id\":\"https:\/\/pianissimo.it\/?p=576#breadcrumb\"},\"inLanguage\":\"it-IT\",\"potentialAction\":[{\"@type\":\"ReadAction\",\"target\":[\"https:\/\/pianissimo.it\/?p=576\"]}]},{\"@type\":\"ImageObject\",\"inLanguage\":\"it-IT\",\"@id\":\"https:\/\/pianissimo.it\/?p=576#primaryimage\",\"url\":\"https:\/\/pianissimo.it\/wp-content\/uploads\/2020\/05\/Andrea-Bocelli.jpg\",\"contentUrl\":\"https:\/\/pianissimo.it\/wp-content\/uploads\/2020\/05\/Andrea-Bocelli.jpg\",\"width\":656,\"height\":492},{\"@type\":\"BreadcrumbList\",\"@id\":\"https:\/\/pianissimo.it\/?p=576#breadcrumb\",\"itemListElement\":[{\"@type\":\"ListItem\",\"position\":1,\"name\":\"Home\",\"item\":\"https:\/\/pianissimo.it\/\"},{\"@type\":\"ListItem\",\"position\":2,\"name\":\"Andrea Bocelli doner\u00e0 il plasma per curare il Coronavirus\"}]},{\"@type\":\"WebSite\",\"@id\":\"https:\/\/pianissimo.it\/#website\",\"url\":\"https:\/\/pianissimo.it\/\",\"name\":\"Pianissimo\",\"description\":\"Magazine di attualit\u00e0 e cultura\",\"publisher\":{\"@id\":\"https:\/\/pianissimo.it\/#organization\"},\"potentialAction\":[{\"@type\":\"SearchAction\",\"target\":{\"@type\":\"EntryPoint\",\"urlTemplate\":\"https:\/\/pianissimo.it\/?s={search_term_string}\"},\"query-input\":{\"@type\":\"PropertyValueSpecification\",\"valueRequired\":true,\"valueName\":\"search_term_string\"}}],\"inLanguage\":\"it-IT\"},{\"@type\":\"Organization\",\"@id\":\"https:\/\/pianissimo.it\/#organization\",\"name\":\"Pianissimo\",\"url\":\"https:\/\/pianissimo.it\/\",\"logo\":{\"@type\":\"ImageObject\",\"inLanguage\":\"it-IT\",\"@id\":\"https:\/\/pianissimo.it\/#\/schema\/logo\/image\/\",\"url\":\"https:\/\/pianissimo.it\/wp-content\/uploads\/2017\/07\/cropped-pianissimo-new.png\",\"contentUrl\":\"https:\/\/pianissimo.it\/wp-content\/uploads\/2017\/07\/cropped-pianissimo-new.png\",\"width\":395,\"height\":80,\"caption\":\"Pianissimo\"},\"image\":{\"@id\":\"https:\/\/pianissimo.it\/#\/schema\/logo\/image\/\"}},{\"@type\":\"Person\",\"@id\":\"https:\/\/pianissimo.it\/#\/schema\/person\/bfb0b3af910409f35d95706d2f397242\",\"name\":\"Franco Carbone\",\"image\":{\"@type\":\"ImageObject\",\"inLanguage\":\"it-IT\",\"@id\":\"https:\/\/pianissimo.it\/#\/schema\/person\/image\/\",\"url\":\"https:\/\/secure.gravatar.com\/avatar\/e50f04a4e5a7fb057d23eff5550b8da642e40eb7bf3ea9e213736d357d7a5fbe?s=96&d=mm&r=g\",\"contentUrl\":\"https:\/\/secure.gravatar.com\/avatar\/e50f04a4e5a7fb057d23eff5550b8da642e40eb7bf3ea9e213736d357d7a5fbe?s=96&d=mm&r=g\",\"caption\":\"Franco Carbone\"},\"url\":\"https:\/\/pianissimo.it\/?author=4\"}]}<\/script>\n<!-- \/ Yoast SEO plugin. -->","yoast_head_json":{"title":"Andrea Bocelli doner\u00e0 il plasma per curare il Coronavirus - Pianissimo","robots":{"index":"index","follow":"follow","max-snippet":"max-snippet:-1","max-image-preview":"max-image-preview:large","max-video-preview":"max-video-preview:-1"},"canonical":"https:\/\/pianissimo.it\/?p=576","og_locale":"it_IT","og_type":"article","og_title":"Andrea Bocelli doner\u00e0 il plasma per curare il Coronavirus - Pianissimo","og_description":"Andrea Bocelli\u00a0ha avuto il\u00a0Coronavirus. A dirlo \u00e8 lo stesso artista che racconta di avere avuto il virus e di essere guarito. Adesso doner\u00e0 il plasma per aiutare a curare le persone che lottano contro questo virus. Bocelli ha raccontato di avere avuto il coronavirus, del quale si sono ammalati anche i due figli. \u201cLa mia [&hellip;]","og_url":"https:\/\/pianissimo.it\/?p=576","og_site_name":"Pianissimo","article_published_time":"2020-05-26T17:07:02+00:00","og_image":[{"width":656,"height":492,"url":"https:\/\/pianissimo.it\/wp-content\/uploads\/2020\/05\/Andrea-Bocelli.jpg","type":"image\/jpeg"}],"author":"Franco Carbone","twitter_card":"summary_large_image","twitter_misc":{"Scritto da":"Franco Carbone","Tempo di lettura stimato":"2 minuti"},"schema":{"@context":"https:\/\/schema.org","@graph":[{"@type":"Article","@id":"https:\/\/pianissimo.it\/?p=576#article","isPartOf":{"@id":"https:\/\/pianissimo.it\/?p=576"},"author":{"name":"Franco Carbone","@id":"https:\/\/pianissimo.it\/#\/schema\/person\/bfb0b3af910409f35d95706d2f397242"},"headline":"Andrea Bocelli doner\u00e0 il plasma per curare il Coronavirus","datePublished":"2020-05-26T17:07:02+00:00","mainEntityOfPage":{"@id":"https:\/\/pianissimo.it\/?p=576"},"wordCount":314,"commentCount":0,"publisher":{"@id":"https:\/\/pianissimo.it\/#organization"},"image":{"@id":"https:\/\/pianissimo.it\/?p=576#primaryimage"},"thumbnailUrl":"https:\/\/pianissimo.it\/wp-content\/uploads\/2020\/05\/Andrea-Bocelli.jpg","keywords":["Andrea Bocelli"],"articleSection":["Musica"],"inLanguage":"it-IT","potentialAction":[{"@type":"CommentAction","name":"Comment","target":["https:\/\/pianissimo.it\/?p=576#respond"]}]},{"@type":"WebPage","@id":"https:\/\/pianissimo.it\/?p=576","url":"https:\/\/pianissimo.it\/?p=576","name":"Andrea Bocelli doner\u00e0 il plasma per curare il Coronavirus - Pianissimo","isPartOf":{"@id":"https:\/\/pianissimo.it\/#website"},"primaryImageOfPage":{"@id":"https:\/\/pianissimo.it\/?p=576#primaryimage"},"image":{"@id":"https:\/\/pianissimo.it\/?p=576#primaryimage"},"thumbnailUrl":"https:\/\/pianissimo.it\/wp-content\/uploads\/2020\/05\/Andrea-Bocelli.jpg","datePublished":"2020-05-26T17:07:02+00:00","breadcrumb":{"@id":"https:\/\/pianissimo.it\/?p=576#breadcrumb"},"inLanguage":"it-IT","potentialAction":[{"@type":"ReadAction","target":["https:\/\/pianissimo.it\/?p=576"]}]},{"@type":"ImageObject","inLanguage":"it-IT","@id":"https:\/\/pianissimo.it\/?p=576#primaryimage","url":"https:\/\/pianissimo.it\/wp-content\/uploads\/2020\/05\/Andrea-Bocelli.jpg","contentUrl":"https:\/\/pianissimo.it\/wp-content\/uploads\/2020\/05\/Andrea-Bocelli.jpg","width":656,"height":492},{"@type":"BreadcrumbList","@id":"https:\/\/pianissimo.it\/?p=576#breadcrumb","itemListElement":[{"@type":"ListItem","position":1,"name":"Home","item":"https:\/\/pianissimo.it\/"},{"@type":"ListItem","position":2,"name":"Andrea Bocelli doner\u00e0 il plasma per curare il Coronavirus"}]},{"@type":"WebSite","@id":"https:\/\/pianissimo.it\/#website","url":"https:\/\/pianissimo.it\/","name":"Pianissimo","description":"Magazine di attualit\u00e0 e cultura","publisher":{"@id":"https:\/\/pianissimo.it\/#organization"},"potentialAction":[{"@type":"SearchAction","target":{"@type":"EntryPoint","urlTemplate":"https:\/\/pianissimo.it\/?s={search_term_string}"},"query-input":{"@type":"PropertyValueSpecification","valueRequired":true,"valueName":"search_term_string"}}],"inLanguage":"it-IT"},{"@type":"Organization","@id":"https:\/\/pianissimo.it\/#organization","name":"Pianissimo","url":"https:\/\/pianissimo.it\/","logo":{"@type":"ImageObject","inLanguage":"it-IT","@id":"https:\/\/pianissimo.it\/#\/schema\/logo\/image\/","url":"https:\/\/pianissimo.it\/wp-content\/uploads\/2017\/07\/cropped-pianissimo-new.png","contentUrl":"https:\/\/pianissimo.it\/wp-content\/uploads\/2017\/07\/cropped-pianissimo-new.png","width":395,"height":80,"caption":"Pianissimo"},"image":{"@id":"https:\/\/pianissimo.it\/#\/schema\/logo\/image\/"}},{"@type":"Person","@id":"https:\/\/pianissimo.it\/#\/schema\/person\/bfb0b3af910409f35d95706d2f397242","name":"Franco Carbone","image":{"@type":"ImageObject","inLanguage":"it-IT","@id":"https:\/\/pianissimo.it\/#\/schema\/person\/image\/","url":"https:\/\/secure.gravatar.com\/avatar\/e50f04a4e5a7fb057d23eff5550b8da642e40eb7bf3ea9e213736d357d7a5fbe?s=96&d=mm&r=g","contentUrl":"https:\/\/secure.gravatar.com\/avatar\/e50f04a4e5a7fb057d23eff5550b8da642e40eb7bf3ea9e213736d357d7a5fbe?s=96&d=mm&r=g","caption":"Franco Carbone"},"url":"https:\/\/pianissimo.it\/?author=4"}]}},"_links":{"self":[{"href":"https:\/\/pianissimo.it\/index.php?rest_route=\/wp\/v2\/posts\/576","targetHints":{"allow":["GET"]}}],"collection":[{"href":"https:\/\/pianissimo.it\/index.php?rest_route=\/wp\/v2\/posts"}],"about":[{"href":"https:\/\/pianissimo.it\/index.php?rest_route=\/wp\/v2\/types\/post"}],"author":[{"embeddable":true,"href":"https:\/\/pianissimo.it\/index.php?rest_route=\/wp\/v2\/users\/4"}],"replies":[{"embeddable":true,"href":"https:\/\/pianissimo.it\/index.php?rest_route=%2Fwp%2Fv2%2Fcomments&post=576"}],"version-history":[{"count":1,"href":"https:\/\/pianissimo.it\/index.php?rest_route=\/wp\/v2\/posts\/576\/revisions"}],"predecessor-version":[{"id":578,"href":"https:\/\/pianissimo.it\/index.php?rest_route=\/wp\/v2\/posts\/576\/revisions\/578"}],"wp:featuredmedia":[{"embeddable":true,"href":"https:\/\/pianissimo.it\/index.php?rest_route=\/wp\/v2\/media\/577"}],"wp:attachment":[{"href":"https:\/\/pianissimo.it\/index.php?rest_route=%2Fwp%2Fv2%2Fmedia&parent=576"}],"wp:term":[{"taxonomy":"category","embeddable":true,"href":"https:\/\/pianissimo.it\/index.php?rest_route=%2Fwp%2Fv2%2Fcategories&post=576"},{"taxonomy":"post_tag","embeddable":true,"href":"https:\/\/pianissimo.it\/index.php?rest_route=%2Fwp%2Fv2%2Ftags&post=576"}],"curies":[{"name":"wp","href":"https:\/\/api.w.org\/{rel}","templated":true}]}}