{"id":526,"date":"2019-12-20T15:22:48","date_gmt":"2019-12-20T14:22:48","guid":{"rendered":"https:\/\/pianissimo.it\/?p=526"},"modified":"2019-12-20T15:22:48","modified_gmt":"2019-12-20T14:22:48","slug":"taylor-mega-chiambretti-scontro-gossip","status":"publish","type":"post","link":"https:\/\/pianissimo.it\/?p=526","title":{"rendered":"Taylor Mega contro Chiambretti, il nuovo scontro gossip"},"content":{"rendered":"<p>Tra Taylor Mega e Chiambretti \u00e8 scontro totale.<\/p>\n<p>Territorio del duello \u00e8 Instagram dove la Mega scrive:<\/p>\n<blockquote><p>\u201cOggi \u00e8 andata in onda\u00a0<em>La Repubblica Delle Donne<\/em>\u00a0e lui si \u00e8 scusato per la scorsa puntata con il suo pubblico per il litigio tra donne che \u00e8 andato in onda. Innanzitutto non era un litigio tra donne, perch\u00e9 io e mia sorella siamo state insultate pesantemente e minacciate da una tua opinionista. Quando una persona viene insultata e minacciata non \u00e8 che sta zitta o ride a caso. Io ho risposto in maniera molto educata, accesa ma rimanendo nei limiti dell\u2019educazione. Il pubblico in studio ha applaudito quando questa donna si comportava in questa maniera e ha usato questi toni, e non ha chiesto scusa a me e mia sorella che siamo state le ospiti invitate in studio\u201d.<\/p><\/blockquote>\n<p class=\"disable\">Successivamente,<strong> Taylor Mega\u00a0<\/strong>ha chiesto a Chiambretti di visitare l&#8217;associazione che la Mega avrebbe sostenuto con il denaro guadagnato nel tempo facendo il suo particolare lavoro di influencer.<\/p>\n<p class=\"disable\">A quanto pare Taylor \u00e8 davvero arrabbiata con il conduttore al quale ha scritto:<\/p>\n<blockquote>\n<p class=\"disable\">\u201cCapirai cosa significa lottare ogni giorno contro le persone, come l\u2019opinionista che hai tu in studio che aggrediscono in maniera verbale altre donne andando anche a lederne la dignit\u00e0. Cos\u00ec magari anche il tuo salotto televisivo sar\u00e0 un luogo ci maggiore educazione, rispetto e civilt\u00e0\u201d.<\/p>\n<\/blockquote>\n<p class=\"disable\">Un duello senza precedenti che potrebbe sfociare in un ulteriore invito e in eventuali chiarimenti tra i due.<\/p>\n<p class=\"disable\">Resta da vedere se Chiambretti decider\u00e0 di rincarare la dose o se la cosa finir\u00e0 qui.<\/p>\n","protected":false},"excerpt":{"rendered":"<p>Tra Taylor Mega e Chiambretti \u00e8 scontro totale. Territorio del duello \u00e8 Instagram dove la Mega scrive: \u201cOggi \u00e8 andata in onda\u00a0La Repubblica Delle Donne\u00a0e lui si \u00e8 scusato per la scorsa puntata con il suo pubblico per il litigio tra donne che \u00e8 andato in onda. Innanzitutto non era un litigio tra donne, perch\u00e9 [&hellip;]<\/p>\n","protected":false},"author":4,"featured_media":527,"comment_status":"open","ping_status":"open","sticky":false,"template":"","format":"standard","meta":{"footnotes":""},"categories":[21],"tags":[105,104],"class_list":["post-526","post","type-post","status-publish","format-standard","has-post-thumbnail","hentry","category-attualita","tag-chiambretti","tag-taylo-mega"],"yoast_head":"<!-- This site is optimized with the Yoast SEO plugin v26.4 - https:\/\/yoast.com\/wordpress\/plugins\/seo\/ -->\n<title>Taylor Mega contro Chiambretti, il nuovo scontro gossip - Pianissimo<\/title>\n<meta name=\"robots\" content=\"index, follow, max-snippet:-1, max-image-preview:large, max-video-preview:-1\" \/>\n<link rel=\"canonical\" href=\"https:\/\/pianissimo.it\/?p=526\" \/>\n<meta property=\"og:locale\" content=\"it_IT\" \/>\n<meta property=\"og:type\" content=\"article\" \/>\n<meta property=\"og:title\" content=\"Taylor Mega contro Chiambretti, il nuovo scontro gossip - Pianissimo\" \/>\n<meta property=\"og:description\" content=\"Tra Taylor Mega e Chiambretti \u00e8 scontro totale. Territorio del duello \u00e8 Instagram dove la Mega scrive: \u201cOggi \u00e8 andata in onda\u00a0La Repubblica Delle Donne\u00a0e lui si \u00e8 scusato per la scorsa puntata con il suo pubblico per il litigio tra donne che \u00e8 andato in onda. Innanzitutto non era un litigio tra donne, perch\u00e9 [&hellip;]\" \/>\n<meta property=\"og:url\" content=\"https:\/\/pianissimo.it\/?p=526\" \/>\n<meta property=\"og:site_name\" content=\"Pianissimo\" \/>\n<meta property=\"article:published_time\" content=\"2019-12-20T14:22:48+00:00\" \/>\n<meta property=\"og:image\" content=\"https:\/\/pianissimo.it\/wp-content\/uploads\/2019\/12\/Taylor-Mega.jpg\" \/>\n\t<meta property=\"og:image:width\" content=\"1694\" \/>\n\t<meta property=\"og:image:height\" content=\"1052\" \/>\n\t<meta property=\"og:image:type\" content=\"image\/jpeg\" \/>\n<meta name=\"author\" content=\"Franco Carbone\" \/>\n<meta name=\"twitter:card\" content=\"summary_large_image\" \/>\n<meta name=\"twitter:label1\" content=\"Scritto da\" \/>\n\t<meta name=\"twitter:data1\" content=\"Franco Carbone\" \/>\n\t<meta name=\"twitter:label2\" content=\"Tempo di lettura stimato\" \/>\n\t<meta name=\"twitter:data2\" content=\"1 minuto\" \/>\n<script type=\"application\/ld+json\" class=\"yoast-schema-graph\">{\"@context\":\"https:\/\/schema.org\",\"@graph\":[{\"@type\":\"Article\",\"@id\":\"https:\/\/pianissimo.it\/?p=526#article\",\"isPartOf\":{\"@id\":\"https:\/\/pianissimo.it\/?p=526\"},\"author\":{\"name\":\"Franco Carbone\",\"@id\":\"https:\/\/pianissimo.it\/#\/schema\/person\/bfb0b3af910409f35d95706d2f397242\"},\"headline\":\"Taylor Mega contro Chiambretti, il nuovo scontro gossip\",\"datePublished\":\"2019-12-20T14:22:48+00:00\",\"mainEntityOfPage\":{\"@id\":\"https:\/\/pianissimo.it\/?p=526\"},\"wordCount\":261,\"commentCount\":0,\"publisher\":{\"@id\":\"https:\/\/pianissimo.it\/#organization\"},\"image\":{\"@id\":\"https:\/\/pianissimo.it\/?p=526#primaryimage\"},\"thumbnailUrl\":\"https:\/\/pianissimo.it\/wp-content\/uploads\/2019\/12\/Taylor-Mega.jpg\",\"keywords\":[\"Chiambretti\",\"Taylo Mega\"],\"articleSection\":[\"Attualit\u00e0\"],\"inLanguage\":\"it-IT\",\"potentialAction\":[{\"@type\":\"CommentAction\",\"name\":\"Comment\",\"target\":[\"https:\/\/pianissimo.it\/?p=526#respond\"]}]},{\"@type\":\"WebPage\",\"@id\":\"https:\/\/pianissimo.it\/?p=526\",\"url\":\"https:\/\/pianissimo.it\/?p=526\",\"name\":\"Taylor Mega contro Chiambretti, il nuovo scontro gossip - Pianissimo\",\"isPartOf\":{\"@id\":\"https:\/\/pianissimo.it\/#website\"},\"primaryImageOfPage\":{\"@id\":\"https:\/\/pianissimo.it\/?p=526#primaryimage\"},\"image\":{\"@id\":\"https:\/\/pianissimo.it\/?p=526#primaryimage\"},\"thumbnailUrl\":\"https:\/\/pianissimo.it\/wp-content\/uploads\/2019\/12\/Taylor-Mega.jpg\",\"datePublished\":\"2019-12-20T14:22:48+00:00\",\"breadcrumb\":{\"@id\":\"https:\/\/pianissimo.it\/?p=526#breadcrumb\"},\"inLanguage\":\"it-IT\",\"potentialAction\":[{\"@type\":\"ReadAction\",\"target\":[\"https:\/\/pianissimo.it\/?p=526\"]}]},{\"@type\":\"ImageObject\",\"inLanguage\":\"it-IT\",\"@id\":\"https:\/\/pianissimo.it\/?p=526#primaryimage\",\"url\":\"https:\/\/pianissimo.it\/wp-content\/uploads\/2019\/12\/Taylor-Mega.jpg\",\"contentUrl\":\"https:\/\/pianissimo.it\/wp-content\/uploads\/2019\/12\/Taylor-Mega.jpg\",\"width\":1694,\"height\":1052},{\"@type\":\"BreadcrumbList\",\"@id\":\"https:\/\/pianissimo.it\/?p=526#breadcrumb\",\"itemListElement\":[{\"@type\":\"ListItem\",\"position\":1,\"name\":\"Home\",\"item\":\"https:\/\/pianissimo.it\/\"},{\"@type\":\"ListItem\",\"position\":2,\"name\":\"Taylor Mega contro Chiambretti, il nuovo scontro gossip\"}]},{\"@type\":\"WebSite\",\"@id\":\"https:\/\/pianissimo.it\/#website\",\"url\":\"https:\/\/pianissimo.it\/\",\"name\":\"Pianissimo\",\"description\":\"Magazine di attualit\u00e0 e cultura\",\"publisher\":{\"@id\":\"https:\/\/pianissimo.it\/#organization\"},\"potentialAction\":[{\"@type\":\"SearchAction\",\"target\":{\"@type\":\"EntryPoint\",\"urlTemplate\":\"https:\/\/pianissimo.it\/?s={search_term_string}\"},\"query-input\":{\"@type\":\"PropertyValueSpecification\",\"valueRequired\":true,\"valueName\":\"search_term_string\"}}],\"inLanguage\":\"it-IT\"},{\"@type\":\"Organization\",\"@id\":\"https:\/\/pianissimo.it\/#organization\",\"name\":\"Pianissimo\",\"url\":\"https:\/\/pianissimo.it\/\",\"logo\":{\"@type\":\"ImageObject\",\"inLanguage\":\"it-IT\",\"@id\":\"https:\/\/pianissimo.it\/#\/schema\/logo\/image\/\",\"url\":\"https:\/\/pianissimo.it\/wp-content\/uploads\/2017\/07\/cropped-pianissimo-new.png\",\"contentUrl\":\"https:\/\/pianissimo.it\/wp-content\/uploads\/2017\/07\/cropped-pianissimo-new.png\",\"width\":395,\"height\":80,\"caption\":\"Pianissimo\"},\"image\":{\"@id\":\"https:\/\/pianissimo.it\/#\/schema\/logo\/image\/\"}},{\"@type\":\"Person\",\"@id\":\"https:\/\/pianissimo.it\/#\/schema\/person\/bfb0b3af910409f35d95706d2f397242\",\"name\":\"Franco Carbone\",\"image\":{\"@type\":\"ImageObject\",\"inLanguage\":\"it-IT\",\"@id\":\"https:\/\/pianissimo.it\/#\/schema\/person\/image\/\",\"url\":\"https:\/\/secure.gravatar.com\/avatar\/e50f04a4e5a7fb057d23eff5550b8da642e40eb7bf3ea9e213736d357d7a5fbe?s=96&d=mm&r=g\",\"contentUrl\":\"https:\/\/secure.gravatar.com\/avatar\/e50f04a4e5a7fb057d23eff5550b8da642e40eb7bf3ea9e213736d357d7a5fbe?s=96&d=mm&r=g\",\"caption\":\"Franco Carbone\"},\"url\":\"https:\/\/pianissimo.it\/?author=4\"}]}<\/script>\n<!-- \/ Yoast SEO plugin. -->","yoast_head_json":{"title":"Taylor Mega contro Chiambretti, il nuovo scontro gossip - Pianissimo","robots":{"index":"index","follow":"follow","max-snippet":"max-snippet:-1","max-image-preview":"max-image-preview:large","max-video-preview":"max-video-preview:-1"},"canonical":"https:\/\/pianissimo.it\/?p=526","og_locale":"it_IT","og_type":"article","og_title":"Taylor Mega contro Chiambretti, il nuovo scontro gossip - Pianissimo","og_description":"Tra Taylor Mega e Chiambretti \u00e8 scontro totale. Territorio del duello \u00e8 Instagram dove la Mega scrive: \u201cOggi \u00e8 andata in onda\u00a0La Repubblica Delle Donne\u00a0e lui si \u00e8 scusato per la scorsa puntata con il suo pubblico per il litigio tra donne che \u00e8 andato in onda. Innanzitutto non era un litigio tra donne, perch\u00e9 [&hellip;]","og_url":"https:\/\/pianissimo.it\/?p=526","og_site_name":"Pianissimo","article_published_time":"2019-12-20T14:22:48+00:00","og_image":[{"width":1694,"height":1052,"url":"https:\/\/pianissimo.it\/wp-content\/uploads\/2019\/12\/Taylor-Mega.jpg","type":"image\/jpeg"}],"author":"Franco Carbone","twitter_card":"summary_large_image","twitter_misc":{"Scritto da":"Franco Carbone","Tempo di lettura stimato":"1 minuto"},"schema":{"@context":"https:\/\/schema.org","@graph":[{"@type":"Article","@id":"https:\/\/pianissimo.it\/?p=526#article","isPartOf":{"@id":"https:\/\/pianissimo.it\/?p=526"},"author":{"name":"Franco Carbone","@id":"https:\/\/pianissimo.it\/#\/schema\/person\/bfb0b3af910409f35d95706d2f397242"},"headline":"Taylor Mega contro Chiambretti, il nuovo scontro gossip","datePublished":"2019-12-20T14:22:48+00:00","mainEntityOfPage":{"@id":"https:\/\/pianissimo.it\/?p=526"},"wordCount":261,"commentCount":0,"publisher":{"@id":"https:\/\/pianissimo.it\/#organization"},"image":{"@id":"https:\/\/pianissimo.it\/?p=526#primaryimage"},"thumbnailUrl":"https:\/\/pianissimo.it\/wp-content\/uploads\/2019\/12\/Taylor-Mega.jpg","keywords":["Chiambretti","Taylo Mega"],"articleSection":["Attualit\u00e0"],"inLanguage":"it-IT","potentialAction":[{"@type":"CommentAction","name":"Comment","target":["https:\/\/pianissimo.it\/?p=526#respond"]}]},{"@type":"WebPage","@id":"https:\/\/pianissimo.it\/?p=526","url":"https:\/\/pianissimo.it\/?p=526","name":"Taylor Mega contro Chiambretti, il nuovo scontro gossip - Pianissimo","isPartOf":{"@id":"https:\/\/pianissimo.it\/#website"},"primaryImageOfPage":{"@id":"https:\/\/pianissimo.it\/?p=526#primaryimage"},"image":{"@id":"https:\/\/pianissimo.it\/?p=526#primaryimage"},"thumbnailUrl":"https:\/\/pianissimo.it\/wp-content\/uploads\/2019\/12\/Taylor-Mega.jpg","datePublished":"2019-12-20T14:22:48+00:00","breadcrumb":{"@id":"https:\/\/pianissimo.it\/?p=526#breadcrumb"},"inLanguage":"it-IT","potentialAction":[{"@type":"ReadAction","target":["https:\/\/pianissimo.it\/?p=526"]}]},{"@type":"ImageObject","inLanguage":"it-IT","@id":"https:\/\/pianissimo.it\/?p=526#primaryimage","url":"https:\/\/pianissimo.it\/wp-content\/uploads\/2019\/12\/Taylor-Mega.jpg","contentUrl":"https:\/\/pianissimo.it\/wp-content\/uploads\/2019\/12\/Taylor-Mega.jpg","width":1694,"height":1052},{"@type":"BreadcrumbList","@id":"https:\/\/pianissimo.it\/?p=526#breadcrumb","itemListElement":[{"@type":"ListItem","position":1,"name":"Home","item":"https:\/\/pianissimo.it\/"},{"@type":"ListItem","position":2,"name":"Taylor Mega contro Chiambretti, il nuovo scontro gossip"}]},{"@type":"WebSite","@id":"https:\/\/pianissimo.it\/#website","url":"https:\/\/pianissimo.it\/","name":"Pianissimo","description":"Magazine di attualit\u00e0 e cultura","publisher":{"@id":"https:\/\/pianissimo.it\/#organization"},"potentialAction":[{"@type":"SearchAction","target":{"@type":"EntryPoint","urlTemplate":"https:\/\/pianissimo.it\/?s={search_term_string}"},"query-input":{"@type":"PropertyValueSpecification","valueRequired":true,"valueName":"search_term_string"}}],"inLanguage":"it-IT"},{"@type":"Organization","@id":"https:\/\/pianissimo.it\/#organization","name":"Pianissimo","url":"https:\/\/pianissimo.it\/","logo":{"@type":"ImageObject","inLanguage":"it-IT","@id":"https:\/\/pianissimo.it\/#\/schema\/logo\/image\/","url":"https:\/\/pianissimo.it\/wp-content\/uploads\/2017\/07\/cropped-pianissimo-new.png","contentUrl":"https:\/\/pianissimo.it\/wp-content\/uploads\/2017\/07\/cropped-pianissimo-new.png","width":395,"height":80,"caption":"Pianissimo"},"image":{"@id":"https:\/\/pianissimo.it\/#\/schema\/logo\/image\/"}},{"@type":"Person","@id":"https:\/\/pianissimo.it\/#\/schema\/person\/bfb0b3af910409f35d95706d2f397242","name":"Franco Carbone","image":{"@type":"ImageObject","inLanguage":"it-IT","@id":"https:\/\/pianissimo.it\/#\/schema\/person\/image\/","url":"https:\/\/secure.gravatar.com\/avatar\/e50f04a4e5a7fb057d23eff5550b8da642e40eb7bf3ea9e213736d357d7a5fbe?s=96&d=mm&r=g","contentUrl":"https:\/\/secure.gravatar.com\/avatar\/e50f04a4e5a7fb057d23eff5550b8da642e40eb7bf3ea9e213736d357d7a5fbe?s=96&d=mm&r=g","caption":"Franco Carbone"},"url":"https:\/\/pianissimo.it\/?author=4"}]}},"_links":{"self":[{"href":"https:\/\/pianissimo.it\/index.php?rest_route=\/wp\/v2\/posts\/526","targetHints":{"allow":["GET"]}}],"collection":[{"href":"https:\/\/pianissimo.it\/index.php?rest_route=\/wp\/v2\/posts"}],"about":[{"href":"https:\/\/pianissimo.it\/index.php?rest_route=\/wp\/v2\/types\/post"}],"author":[{"embeddable":true,"href":"https:\/\/pianissimo.it\/index.php?rest_route=\/wp\/v2\/users\/4"}],"replies":[{"embeddable":true,"href":"https:\/\/pianissimo.it\/index.php?rest_route=%2Fwp%2Fv2%2Fcomments&post=526"}],"version-history":[{"count":1,"href":"https:\/\/pianissimo.it\/index.php?rest_route=\/wp\/v2\/posts\/526\/revisions"}],"predecessor-version":[{"id":528,"href":"https:\/\/pianissimo.it\/index.php?rest_route=\/wp\/v2\/posts\/526\/revisions\/528"}],"wp:featuredmedia":[{"embeddable":true,"href":"https:\/\/pianissimo.it\/index.php?rest_route=\/wp\/v2\/media\/527"}],"wp:attachment":[{"href":"https:\/\/pianissimo.it\/index.php?rest_route=%2Fwp%2Fv2%2Fmedia&parent=526"}],"wp:term":[{"taxonomy":"category","embeddable":true,"href":"https:\/\/pianissimo.it\/index.php?rest_route=%2Fwp%2Fv2%2Fcategories&post=526"},{"taxonomy":"post_tag","embeddable":true,"href":"https:\/\/pianissimo.it\/index.php?rest_route=%2Fwp%2Fv2%2Ftags&post=526"}],"curies":[{"name":"wp","href":"https:\/\/api.w.org\/{rel}","templated":true}]}}