{"id":519,"date":"2019-12-03T14:28:33","date_gmt":"2019-12-03T13:28:33","guid":{"rendered":"https:\/\/pianissimo.it\/?p=519"},"modified":"2019-12-03T14:28:33","modified_gmt":"2019-12-03T13:28:33","slug":"max-pezzali-concerto-san-siro","status":"publish","type":"post","link":"https:\/\/pianissimo.it\/?p=519","title":{"rendered":"Max Pezzali e il concerto a San Siro"},"content":{"rendered":"<p>Max pezzali si prepara al suo concerto a San Siro, occasione dove ripercorrer\u00e0 la sua incredibile carriera con grandi classici come \u201c<strong>Nord Sud Ovest Est<\/strong>\u201d, \u201c<strong>Come mai<\/strong>\u201d, \u201c<strong>Sei un mito<\/strong>\u201d e \u201c<strong>Una canzone d\u2019amore<\/strong>\u201d, fino ad arrivare ai successi pi\u00f9 recenti.<\/p>\n<p>Si tratta di una scuderia di canzoni che hanno fatto la storia di numerose generazioni e che rendono, ancora oggi, Max Pezzali uno dei pezzi da 90 della musica italiana pi\u00f9 recente.<\/p>\n<p>Max Parla dell&#8217;evento a San Siro, un traguardo incedibile per l&#8217;autore:<\/p>\n<p>&#8220;In questo momento non lo so nemmeno io. Da qui in poi bisogna organizzare tutto. Sicuramente l&#8217;evento di San Siro sar\u00e0 un modo per cantare tutte le canzoni insieme. Lo vedo come il racconto di una storia che va avanti da diversi anni. Poi non so come verr\u00e0 modulato il tutto. Immagino che possa aprire la strada a un tour successivo ma \u00e8 ancora prematuro parlarne.&#8221;<\/p>\n<p>&#8220;Quello che so \u00e8 che dovr\u00e0 essere uno spettacolo all&#8217;altezza del prestigio del luogo e della sua grandezza. Certo, non partiamo da zero. Alla fine sono pi\u00f9 di 25 anni che siamo in giro a fare tour. Un po&#8217; di esperienza sul campo ce la siamo fatta. Ma \u00e8 come se fino a ora avessimo giocato in serie A e adesso ci tocca la Champions: non \u00e8 la stessa cosa.&#8221;<\/p>\n<p>Max Pezzali \u00e8 anche al lavoro sul nuovo album, un progetto che lo sta impegnando moltissimo:<\/p>\n<p>&#8220;Vorrei arrivare ad avere selezionato e finito tutti i pezzi che servono entro gennaio o febbraio, per poi potermi concentrare sull&#8217;organizzazione e sugli aspetti tecnici del concerto di San Siro.&#8221;<\/p>\n<p>Eccolo poi che affronta il suo ultimo singolo, &#8220;In questa citt\u00e0&#8221;, un pezzo che sta ottenendo un grande successo di pubblico.<\/p>\n<p>&#8220;Credo che le canzoni debbano essere soprattutto oneste. Chi scrive non deve avere filtri o sovrastrutture. Ho voluto raccontare, per immagini, la mia vita reale, che si divide tra Pavia e Roma. E volevo raccontare come, nonostante la fatica immensa di vivere in una citt\u00e0 cos\u00ec immensa,\u00a0Roma sappia sempre come farsi amare. E&#8217; per me, che arrivo da fuori, \u00e8 stato pi\u00f9 facile che per uno che a Roma ci \u00e8 nato e quindi non ha quel distacco necessario per apprezzare certe cose.&#8221;<\/p>\n<p>&nbsp;<\/p>\n<div class=\"k-align-figure k-align-left\">\n<figure class=\"media media__i\"><\/figure>\n<\/div>\n","protected":false},"excerpt":{"rendered":"<p>Max pezzali si prepara al suo concerto a San Siro, occasione dove ripercorrer\u00e0 la sua incredibile carriera con grandi classici come \u201cNord Sud Ovest Est\u201d, \u201cCome mai\u201d, \u201cSei un mito\u201d e \u201cUna canzone d\u2019amore\u201d, fino ad arrivare ai successi pi\u00f9 recenti. Si tratta di una scuderia di canzoni che hanno fatto la storia di numerose [&hellip;]<\/p>\n","protected":false},"author":4,"featured_media":520,"comment_status":"open","ping_status":"open","sticky":false,"template":"","format":"standard","meta":{"footnotes":""},"categories":[18],"tags":[102,101],"class_list":["post-519","post","type-post","status-publish","format-standard","has-post-thumbnail","hentry","category-musica","tag-102","tag-max-pezzali"],"yoast_head":"<!-- This site is optimized with the Yoast SEO plugin v26.4 - https:\/\/yoast.com\/wordpress\/plugins\/seo\/ -->\n<title>Max Pezzali e il concerto a San Siro - Pianissimo<\/title>\n<meta name=\"robots\" content=\"index, follow, max-snippet:-1, max-image-preview:large, max-video-preview:-1\" \/>\n<link rel=\"canonical\" href=\"https:\/\/pianissimo.it\/?p=519\" \/>\n<meta property=\"og:locale\" content=\"it_IT\" \/>\n<meta property=\"og:type\" content=\"article\" \/>\n<meta property=\"og:title\" content=\"Max Pezzali e il concerto a San Siro - Pianissimo\" \/>\n<meta property=\"og:description\" content=\"Max pezzali si prepara al suo concerto a San Siro, occasione dove ripercorrer\u00e0 la sua incredibile carriera con grandi classici come \u201cNord Sud Ovest Est\u201d, \u201cCome mai\u201d, \u201cSei un mito\u201d e \u201cUna canzone d\u2019amore\u201d, fino ad arrivare ai successi pi\u00f9 recenti. Si tratta di una scuderia di canzoni che hanno fatto la storia di numerose [&hellip;]\" \/>\n<meta property=\"og:url\" content=\"https:\/\/pianissimo.it\/?p=519\" \/>\n<meta property=\"og:site_name\" content=\"Pianissimo\" \/>\n<meta property=\"article:published_time\" content=\"2019-12-03T13:28:33+00:00\" \/>\n<meta property=\"og:image\" content=\"https:\/\/pianissimo.it\/wp-content\/uploads\/2019\/12\/Max-Pezzali.jpg\" \/>\n\t<meta property=\"og:image:width\" content=\"620\" \/>\n\t<meta property=\"og:image:height\" content=\"340\" \/>\n\t<meta property=\"og:image:type\" content=\"image\/jpeg\" \/>\n<meta name=\"author\" content=\"Franco Carbone\" \/>\n<meta name=\"twitter:card\" content=\"summary_large_image\" \/>\n<meta name=\"twitter:label1\" content=\"Scritto da\" \/>\n\t<meta name=\"twitter:data1\" content=\"Franco Carbone\" \/>\n\t<meta name=\"twitter:label2\" content=\"Tempo di lettura stimato\" \/>\n\t<meta name=\"twitter:data2\" content=\"2 minuti\" \/>\n<script type=\"application\/ld+json\" class=\"yoast-schema-graph\">{\"@context\":\"https:\/\/schema.org\",\"@graph\":[{\"@type\":\"Article\",\"@id\":\"https:\/\/pianissimo.it\/?p=519#article\",\"isPartOf\":{\"@id\":\"https:\/\/pianissimo.it\/?p=519\"},\"author\":{\"name\":\"Franco Carbone\",\"@id\":\"https:\/\/pianissimo.it\/#\/schema\/person\/bfb0b3af910409f35d95706d2f397242\"},\"headline\":\"Max Pezzali e il concerto a San Siro\",\"datePublished\":\"2019-12-03T13:28:33+00:00\",\"mainEntityOfPage\":{\"@id\":\"https:\/\/pianissimo.it\/?p=519\"},\"wordCount\":372,\"commentCount\":0,\"publisher\":{\"@id\":\"https:\/\/pianissimo.it\/#organization\"},\"image\":{\"@id\":\"https:\/\/pianissimo.it\/?p=519#primaryimage\"},\"thumbnailUrl\":\"https:\/\/pianissimo.it\/wp-content\/uploads\/2019\/12\/Max-Pezzali.jpg\",\"keywords\":[\"883\",\"Max Pezzali\"],\"articleSection\":[\"Musica\"],\"inLanguage\":\"it-IT\",\"potentialAction\":[{\"@type\":\"CommentAction\",\"name\":\"Comment\",\"target\":[\"https:\/\/pianissimo.it\/?p=519#respond\"]}]},{\"@type\":\"WebPage\",\"@id\":\"https:\/\/pianissimo.it\/?p=519\",\"url\":\"https:\/\/pianissimo.it\/?p=519\",\"name\":\"Max Pezzali e il concerto a San Siro - Pianissimo\",\"isPartOf\":{\"@id\":\"https:\/\/pianissimo.it\/#website\"},\"primaryImageOfPage\":{\"@id\":\"https:\/\/pianissimo.it\/?p=519#primaryimage\"},\"image\":{\"@id\":\"https:\/\/pianissimo.it\/?p=519#primaryimage\"},\"thumbnailUrl\":\"https:\/\/pianissimo.it\/wp-content\/uploads\/2019\/12\/Max-Pezzali.jpg\",\"datePublished\":\"2019-12-03T13:28:33+00:00\",\"breadcrumb\":{\"@id\":\"https:\/\/pianissimo.it\/?p=519#breadcrumb\"},\"inLanguage\":\"it-IT\",\"potentialAction\":[{\"@type\":\"ReadAction\",\"target\":[\"https:\/\/pianissimo.it\/?p=519\"]}]},{\"@type\":\"ImageObject\",\"inLanguage\":\"it-IT\",\"@id\":\"https:\/\/pianissimo.it\/?p=519#primaryimage\",\"url\":\"https:\/\/pianissimo.it\/wp-content\/uploads\/2019\/12\/Max-Pezzali.jpg\",\"contentUrl\":\"https:\/\/pianissimo.it\/wp-content\/uploads\/2019\/12\/Max-Pezzali.jpg\",\"width\":620,\"height\":340},{\"@type\":\"BreadcrumbList\",\"@id\":\"https:\/\/pianissimo.it\/?p=519#breadcrumb\",\"itemListElement\":[{\"@type\":\"ListItem\",\"position\":1,\"name\":\"Home\",\"item\":\"https:\/\/pianissimo.it\/\"},{\"@type\":\"ListItem\",\"position\":2,\"name\":\"Max Pezzali e il concerto a San Siro\"}]},{\"@type\":\"WebSite\",\"@id\":\"https:\/\/pianissimo.it\/#website\",\"url\":\"https:\/\/pianissimo.it\/\",\"name\":\"Pianissimo\",\"description\":\"Magazine di attualit\u00e0 e cultura\",\"publisher\":{\"@id\":\"https:\/\/pianissimo.it\/#organization\"},\"potentialAction\":[{\"@type\":\"SearchAction\",\"target\":{\"@type\":\"EntryPoint\",\"urlTemplate\":\"https:\/\/pianissimo.it\/?s={search_term_string}\"},\"query-input\":{\"@type\":\"PropertyValueSpecification\",\"valueRequired\":true,\"valueName\":\"search_term_string\"}}],\"inLanguage\":\"it-IT\"},{\"@type\":\"Organization\",\"@id\":\"https:\/\/pianissimo.it\/#organization\",\"name\":\"Pianissimo\",\"url\":\"https:\/\/pianissimo.it\/\",\"logo\":{\"@type\":\"ImageObject\",\"inLanguage\":\"it-IT\",\"@id\":\"https:\/\/pianissimo.it\/#\/schema\/logo\/image\/\",\"url\":\"https:\/\/pianissimo.it\/wp-content\/uploads\/2017\/07\/cropped-pianissimo-new.png\",\"contentUrl\":\"https:\/\/pianissimo.it\/wp-content\/uploads\/2017\/07\/cropped-pianissimo-new.png\",\"width\":395,\"height\":80,\"caption\":\"Pianissimo\"},\"image\":{\"@id\":\"https:\/\/pianissimo.it\/#\/schema\/logo\/image\/\"}},{\"@type\":\"Person\",\"@id\":\"https:\/\/pianissimo.it\/#\/schema\/person\/bfb0b3af910409f35d95706d2f397242\",\"name\":\"Franco Carbone\",\"image\":{\"@type\":\"ImageObject\",\"inLanguage\":\"it-IT\",\"@id\":\"https:\/\/pianissimo.it\/#\/schema\/person\/image\/\",\"url\":\"https:\/\/secure.gravatar.com\/avatar\/e50f04a4e5a7fb057d23eff5550b8da642e40eb7bf3ea9e213736d357d7a5fbe?s=96&d=mm&r=g\",\"contentUrl\":\"https:\/\/secure.gravatar.com\/avatar\/e50f04a4e5a7fb057d23eff5550b8da642e40eb7bf3ea9e213736d357d7a5fbe?s=96&d=mm&r=g\",\"caption\":\"Franco Carbone\"},\"url\":\"https:\/\/pianissimo.it\/?author=4\"}]}<\/script>\n<!-- \/ Yoast SEO plugin. -->","yoast_head_json":{"title":"Max Pezzali e il concerto a San Siro - Pianissimo","robots":{"index":"index","follow":"follow","max-snippet":"max-snippet:-1","max-image-preview":"max-image-preview:large","max-video-preview":"max-video-preview:-1"},"canonical":"https:\/\/pianissimo.it\/?p=519","og_locale":"it_IT","og_type":"article","og_title":"Max Pezzali e il concerto a San Siro - Pianissimo","og_description":"Max pezzali si prepara al suo concerto a San Siro, occasione dove ripercorrer\u00e0 la sua incredibile carriera con grandi classici come \u201cNord Sud Ovest Est\u201d, \u201cCome mai\u201d, \u201cSei un mito\u201d e \u201cUna canzone d\u2019amore\u201d, fino ad arrivare ai successi pi\u00f9 recenti. Si tratta di una scuderia di canzoni che hanno fatto la storia di numerose [&hellip;]","og_url":"https:\/\/pianissimo.it\/?p=519","og_site_name":"Pianissimo","article_published_time":"2019-12-03T13:28:33+00:00","og_image":[{"width":620,"height":340,"url":"https:\/\/pianissimo.it\/wp-content\/uploads\/2019\/12\/Max-Pezzali.jpg","type":"image\/jpeg"}],"author":"Franco Carbone","twitter_card":"summary_large_image","twitter_misc":{"Scritto da":"Franco Carbone","Tempo di lettura stimato":"2 minuti"},"schema":{"@context":"https:\/\/schema.org","@graph":[{"@type":"Article","@id":"https:\/\/pianissimo.it\/?p=519#article","isPartOf":{"@id":"https:\/\/pianissimo.it\/?p=519"},"author":{"name":"Franco Carbone","@id":"https:\/\/pianissimo.it\/#\/schema\/person\/bfb0b3af910409f35d95706d2f397242"},"headline":"Max Pezzali e il concerto a San Siro","datePublished":"2019-12-03T13:28:33+00:00","mainEntityOfPage":{"@id":"https:\/\/pianissimo.it\/?p=519"},"wordCount":372,"commentCount":0,"publisher":{"@id":"https:\/\/pianissimo.it\/#organization"},"image":{"@id":"https:\/\/pianissimo.it\/?p=519#primaryimage"},"thumbnailUrl":"https:\/\/pianissimo.it\/wp-content\/uploads\/2019\/12\/Max-Pezzali.jpg","keywords":["883","Max Pezzali"],"articleSection":["Musica"],"inLanguage":"it-IT","potentialAction":[{"@type":"CommentAction","name":"Comment","target":["https:\/\/pianissimo.it\/?p=519#respond"]}]},{"@type":"WebPage","@id":"https:\/\/pianissimo.it\/?p=519","url":"https:\/\/pianissimo.it\/?p=519","name":"Max Pezzali e il concerto a San Siro - Pianissimo","isPartOf":{"@id":"https:\/\/pianissimo.it\/#website"},"primaryImageOfPage":{"@id":"https:\/\/pianissimo.it\/?p=519#primaryimage"},"image":{"@id":"https:\/\/pianissimo.it\/?p=519#primaryimage"},"thumbnailUrl":"https:\/\/pianissimo.it\/wp-content\/uploads\/2019\/12\/Max-Pezzali.jpg","datePublished":"2019-12-03T13:28:33+00:00","breadcrumb":{"@id":"https:\/\/pianissimo.it\/?p=519#breadcrumb"},"inLanguage":"it-IT","potentialAction":[{"@type":"ReadAction","target":["https:\/\/pianissimo.it\/?p=519"]}]},{"@type":"ImageObject","inLanguage":"it-IT","@id":"https:\/\/pianissimo.it\/?p=519#primaryimage","url":"https:\/\/pianissimo.it\/wp-content\/uploads\/2019\/12\/Max-Pezzali.jpg","contentUrl":"https:\/\/pianissimo.it\/wp-content\/uploads\/2019\/12\/Max-Pezzali.jpg","width":620,"height":340},{"@type":"BreadcrumbList","@id":"https:\/\/pianissimo.it\/?p=519#breadcrumb","itemListElement":[{"@type":"ListItem","position":1,"name":"Home","item":"https:\/\/pianissimo.it\/"},{"@type":"ListItem","position":2,"name":"Max Pezzali e il concerto a San Siro"}]},{"@type":"WebSite","@id":"https:\/\/pianissimo.it\/#website","url":"https:\/\/pianissimo.it\/","name":"Pianissimo","description":"Magazine di attualit\u00e0 e cultura","publisher":{"@id":"https:\/\/pianissimo.it\/#organization"},"potentialAction":[{"@type":"SearchAction","target":{"@type":"EntryPoint","urlTemplate":"https:\/\/pianissimo.it\/?s={search_term_string}"},"query-input":{"@type":"PropertyValueSpecification","valueRequired":true,"valueName":"search_term_string"}}],"inLanguage":"it-IT"},{"@type":"Organization","@id":"https:\/\/pianissimo.it\/#organization","name":"Pianissimo","url":"https:\/\/pianissimo.it\/","logo":{"@type":"ImageObject","inLanguage":"it-IT","@id":"https:\/\/pianissimo.it\/#\/schema\/logo\/image\/","url":"https:\/\/pianissimo.it\/wp-content\/uploads\/2017\/07\/cropped-pianissimo-new.png","contentUrl":"https:\/\/pianissimo.it\/wp-content\/uploads\/2017\/07\/cropped-pianissimo-new.png","width":395,"height":80,"caption":"Pianissimo"},"image":{"@id":"https:\/\/pianissimo.it\/#\/schema\/logo\/image\/"}},{"@type":"Person","@id":"https:\/\/pianissimo.it\/#\/schema\/person\/bfb0b3af910409f35d95706d2f397242","name":"Franco Carbone","image":{"@type":"ImageObject","inLanguage":"it-IT","@id":"https:\/\/pianissimo.it\/#\/schema\/person\/image\/","url":"https:\/\/secure.gravatar.com\/avatar\/e50f04a4e5a7fb057d23eff5550b8da642e40eb7bf3ea9e213736d357d7a5fbe?s=96&d=mm&r=g","contentUrl":"https:\/\/secure.gravatar.com\/avatar\/e50f04a4e5a7fb057d23eff5550b8da642e40eb7bf3ea9e213736d357d7a5fbe?s=96&d=mm&r=g","caption":"Franco Carbone"},"url":"https:\/\/pianissimo.it\/?author=4"}]}},"_links":{"self":[{"href":"https:\/\/pianissimo.it\/index.php?rest_route=\/wp\/v2\/posts\/519","targetHints":{"allow":["GET"]}}],"collection":[{"href":"https:\/\/pianissimo.it\/index.php?rest_route=\/wp\/v2\/posts"}],"about":[{"href":"https:\/\/pianissimo.it\/index.php?rest_route=\/wp\/v2\/types\/post"}],"author":[{"embeddable":true,"href":"https:\/\/pianissimo.it\/index.php?rest_route=\/wp\/v2\/users\/4"}],"replies":[{"embeddable":true,"href":"https:\/\/pianissimo.it\/index.php?rest_route=%2Fwp%2Fv2%2Fcomments&post=519"}],"version-history":[{"count":1,"href":"https:\/\/pianissimo.it\/index.php?rest_route=\/wp\/v2\/posts\/519\/revisions"}],"predecessor-version":[{"id":521,"href":"https:\/\/pianissimo.it\/index.php?rest_route=\/wp\/v2\/posts\/519\/revisions\/521"}],"wp:featuredmedia":[{"embeddable":true,"href":"https:\/\/pianissimo.it\/index.php?rest_route=\/wp\/v2\/media\/520"}],"wp:attachment":[{"href":"https:\/\/pianissimo.it\/index.php?rest_route=%2Fwp%2Fv2%2Fmedia&parent=519"}],"wp:term":[{"taxonomy":"category","embeddable":true,"href":"https:\/\/pianissimo.it\/index.php?rest_route=%2Fwp%2Fv2%2Fcategories&post=519"},{"taxonomy":"post_tag","embeddable":true,"href":"https:\/\/pianissimo.it\/index.php?rest_route=%2Fwp%2Fv2%2Ftags&post=519"}],"curies":[{"name":"wp","href":"https:\/\/api.w.org\/{rel}","templated":true}]}}