{"id":516,"date":"2019-11-29T13:21:45","date_gmt":"2019-11-29T12:21:45","guid":{"rendered":"https:\/\/pianissimo.it\/?p=516"},"modified":"2019-11-29T13:21:45","modified_gmt":"2019-11-29T12:21:45","slug":"biagio-antonacci-torna-album-studio","status":"publish","type":"post","link":"https:\/\/pianissimo.it\/?p=516","title":{"rendered":"Biagio Antonacci torna con il nuovo album in Studio"},"content":{"rendered":"<div class=\"p p__media__i p__media__bottom\">\n<p>Dopo il tour con Laura Pausini,\u00a0<strong>Biagio Antonacci <\/strong>ritorna con il suo\u00a015esimo album in studio.<\/p>\n<p>&#8220;<strong>Chiaramente visibili dallo spazio<\/strong>&#8220;, esco proprio oggi, il 29 novembre, un disco personale, privo di collaborazioni che rivede Antonacci tornare al suo stile principale.<\/p>\n<p>Eccolo che spiega:<\/p>\n<p>&#8220;Ho sempre gli occhi di quel ragazzino\u00a0e ogni volta mi sento come se dovessi dimostrare qualcosa\u00a0a\u00a0me stesso&#8221;, confessa.<\/p>\n<\/div>\n<div class=\"p\">\n<p>&#8220;Ho cercato\u00a0di rispettare i sogni di quel ragazzo di Rozzano che voleva fare il suo primo disco Mai avrei pensato di arrivare a scrivere quindici album da studio e nemmeno di poter continuare negli anni ha suscitare interesse&#8221;.<\/p>\n<p>Biagio Antonacci \u00e8 molto colpito dai suoi fan, ed \u00e8 felice di cantare per un pubblico variegato e popolare.<\/p>\n<p>&#8220;Canto delle persone comuni, che sono i veri eroi. Arrivo dalla periferia e da una famiglia che ha fatto fatica. Ho vissuto il cantiere come geometra per otto anni e conosco il valore dei soldi, perch\u00e9\u00a0prima non ne ho avuti&#8221;.<br \/>\n&#8220;Chiaramente visibili dallo spazio&#8221; \u00e8 un disco estremamente positivo dove Antonacci d\u00e0 vita a una serie di canzoni leggere con un messaggio di speranza e privo di negativit\u00e0 particolari.<\/p>\n<p>&#8220;Qualcuno o qualcosa ci osserva e vede i nostri pregi e anche i nostri e anche i nostri difetti. A mio avviso vede pi\u00f9 cose belle&#8221;.<\/p>\n<p>Un disco destinato al successo che non deluder\u00e0 i fan del cantautore.<\/p>\n<p>Probabilmente Antonacci non si affermer\u00e0 tra i giovani ma riesce comunque a conquistare il suo pubblico con un nuovo lavoro a distanza di anni dall&#8217;ultimo disco.<\/p>\n<\/div>\n","protected":false},"excerpt":{"rendered":"<p>Dopo il tour con Laura Pausini,\u00a0Biagio Antonacci ritorna con il suo\u00a015esimo album in studio. &#8220;Chiaramente visibili dallo spazio&#8220;, esco proprio oggi, il 29 novembre, un disco personale, privo di collaborazioni che rivede Antonacci tornare al suo stile principale. Eccolo che spiega: &#8220;Ho sempre gli occhi di quel ragazzino\u00a0e ogni volta mi sento come se dovessi [&hellip;]<\/p>\n","protected":false},"author":4,"featured_media":517,"comment_status":"open","ping_status":"open","sticky":false,"template":"","format":"standard","meta":{"footnotes":""},"categories":[18],"tags":[100],"class_list":["post-516","post","type-post","status-publish","format-standard","has-post-thumbnail","hentry","category-musica","tag-biagio-antonacci"],"yoast_head":"<!-- This site is optimized with the Yoast SEO plugin v26.4 - https:\/\/yoast.com\/wordpress\/plugins\/seo\/ -->\n<title>Biagio Antonacci torna con il nuovo album in Studio - Pianissimo<\/title>\n<meta name=\"robots\" content=\"index, follow, max-snippet:-1, max-image-preview:large, max-video-preview:-1\" \/>\n<link rel=\"canonical\" href=\"https:\/\/pianissimo.it\/?p=516\" \/>\n<meta property=\"og:locale\" content=\"it_IT\" \/>\n<meta property=\"og:type\" content=\"article\" \/>\n<meta property=\"og:title\" content=\"Biagio Antonacci torna con il nuovo album in Studio - Pianissimo\" \/>\n<meta property=\"og:description\" content=\"Dopo il tour con Laura Pausini,\u00a0Biagio Antonacci ritorna con il suo\u00a015esimo album in studio. &#8220;Chiaramente visibili dallo spazio&#8220;, esco proprio oggi, il 29 novembre, un disco personale, privo di collaborazioni che rivede Antonacci tornare al suo stile principale. Eccolo che spiega: &#8220;Ho sempre gli occhi di quel ragazzino\u00a0e ogni volta mi sento come se dovessi [&hellip;]\" \/>\n<meta property=\"og:url\" content=\"https:\/\/pianissimo.it\/?p=516\" \/>\n<meta property=\"og:site_name\" content=\"Pianissimo\" \/>\n<meta property=\"article:published_time\" content=\"2019-11-29T12:21:45+00:00\" \/>\n<meta property=\"og:image\" content=\"https:\/\/pianissimo.it\/wp-content\/uploads\/2019\/11\/Biagio-Antonacci.jpg\" \/>\n\t<meta property=\"og:image:width\" content=\"800\" \/>\n\t<meta property=\"og:image:height\" content=\"445\" \/>\n\t<meta property=\"og:image:type\" content=\"image\/jpeg\" \/>\n<meta name=\"author\" content=\"Franco Carbone\" \/>\n<meta name=\"twitter:card\" content=\"summary_large_image\" \/>\n<meta name=\"twitter:label1\" content=\"Scritto da\" \/>\n\t<meta name=\"twitter:data1\" content=\"Franco Carbone\" \/>\n\t<meta name=\"twitter:label2\" content=\"Tempo di lettura stimato\" \/>\n\t<meta name=\"twitter:data2\" content=\"1 minuto\" \/>\n<script type=\"application\/ld+json\" class=\"yoast-schema-graph\">{\"@context\":\"https:\/\/schema.org\",\"@graph\":[{\"@type\":\"Article\",\"@id\":\"https:\/\/pianissimo.it\/?p=516#article\",\"isPartOf\":{\"@id\":\"https:\/\/pianissimo.it\/?p=516\"},\"author\":{\"name\":\"Franco Carbone\",\"@id\":\"https:\/\/pianissimo.it\/#\/schema\/person\/bfb0b3af910409f35d95706d2f397242\"},\"headline\":\"Biagio Antonacci torna con il nuovo album in Studio\",\"datePublished\":\"2019-11-29T12:21:45+00:00\",\"mainEntityOfPage\":{\"@id\":\"https:\/\/pianissimo.it\/?p=516\"},\"wordCount\":261,\"commentCount\":0,\"publisher\":{\"@id\":\"https:\/\/pianissimo.it\/#organization\"},\"image\":{\"@id\":\"https:\/\/pianissimo.it\/?p=516#primaryimage\"},\"thumbnailUrl\":\"https:\/\/pianissimo.it\/wp-content\/uploads\/2019\/11\/Biagio-Antonacci.jpg\",\"keywords\":[\"Biagio Antonacci\"],\"articleSection\":[\"Musica\"],\"inLanguage\":\"it-IT\",\"potentialAction\":[{\"@type\":\"CommentAction\",\"name\":\"Comment\",\"target\":[\"https:\/\/pianissimo.it\/?p=516#respond\"]}]},{\"@type\":\"WebPage\",\"@id\":\"https:\/\/pianissimo.it\/?p=516\",\"url\":\"https:\/\/pianissimo.it\/?p=516\",\"name\":\"Biagio Antonacci torna con il nuovo album in Studio - Pianissimo\",\"isPartOf\":{\"@id\":\"https:\/\/pianissimo.it\/#website\"},\"primaryImageOfPage\":{\"@id\":\"https:\/\/pianissimo.it\/?p=516#primaryimage\"},\"image\":{\"@id\":\"https:\/\/pianissimo.it\/?p=516#primaryimage\"},\"thumbnailUrl\":\"https:\/\/pianissimo.it\/wp-content\/uploads\/2019\/11\/Biagio-Antonacci.jpg\",\"datePublished\":\"2019-11-29T12:21:45+00:00\",\"breadcrumb\":{\"@id\":\"https:\/\/pianissimo.it\/?p=516#breadcrumb\"},\"inLanguage\":\"it-IT\",\"potentialAction\":[{\"@type\":\"ReadAction\",\"target\":[\"https:\/\/pianissimo.it\/?p=516\"]}]},{\"@type\":\"ImageObject\",\"inLanguage\":\"it-IT\",\"@id\":\"https:\/\/pianissimo.it\/?p=516#primaryimage\",\"url\":\"https:\/\/pianissimo.it\/wp-content\/uploads\/2019\/11\/Biagio-Antonacci.jpg\",\"contentUrl\":\"https:\/\/pianissimo.it\/wp-content\/uploads\/2019\/11\/Biagio-Antonacci.jpg\",\"width\":800,\"height\":445},{\"@type\":\"BreadcrumbList\",\"@id\":\"https:\/\/pianissimo.it\/?p=516#breadcrumb\",\"itemListElement\":[{\"@type\":\"ListItem\",\"position\":1,\"name\":\"Home\",\"item\":\"https:\/\/pianissimo.it\/\"},{\"@type\":\"ListItem\",\"position\":2,\"name\":\"Biagio Antonacci torna con il nuovo album in Studio\"}]},{\"@type\":\"WebSite\",\"@id\":\"https:\/\/pianissimo.it\/#website\",\"url\":\"https:\/\/pianissimo.it\/\",\"name\":\"Pianissimo\",\"description\":\"Magazine di attualit\u00e0 e cultura\",\"publisher\":{\"@id\":\"https:\/\/pianissimo.it\/#organization\"},\"potentialAction\":[{\"@type\":\"SearchAction\",\"target\":{\"@type\":\"EntryPoint\",\"urlTemplate\":\"https:\/\/pianissimo.it\/?s={search_term_string}\"},\"query-input\":{\"@type\":\"PropertyValueSpecification\",\"valueRequired\":true,\"valueName\":\"search_term_string\"}}],\"inLanguage\":\"it-IT\"},{\"@type\":\"Organization\",\"@id\":\"https:\/\/pianissimo.it\/#organization\",\"name\":\"Pianissimo\",\"url\":\"https:\/\/pianissimo.it\/\",\"logo\":{\"@type\":\"ImageObject\",\"inLanguage\":\"it-IT\",\"@id\":\"https:\/\/pianissimo.it\/#\/schema\/logo\/image\/\",\"url\":\"https:\/\/pianissimo.it\/wp-content\/uploads\/2017\/07\/cropped-pianissimo-new.png\",\"contentUrl\":\"https:\/\/pianissimo.it\/wp-content\/uploads\/2017\/07\/cropped-pianissimo-new.png\",\"width\":395,\"height\":80,\"caption\":\"Pianissimo\"},\"image\":{\"@id\":\"https:\/\/pianissimo.it\/#\/schema\/logo\/image\/\"}},{\"@type\":\"Person\",\"@id\":\"https:\/\/pianissimo.it\/#\/schema\/person\/bfb0b3af910409f35d95706d2f397242\",\"name\":\"Franco Carbone\",\"image\":{\"@type\":\"ImageObject\",\"inLanguage\":\"it-IT\",\"@id\":\"https:\/\/pianissimo.it\/#\/schema\/person\/image\/\",\"url\":\"https:\/\/secure.gravatar.com\/avatar\/e50f04a4e5a7fb057d23eff5550b8da642e40eb7bf3ea9e213736d357d7a5fbe?s=96&d=mm&r=g\",\"contentUrl\":\"https:\/\/secure.gravatar.com\/avatar\/e50f04a4e5a7fb057d23eff5550b8da642e40eb7bf3ea9e213736d357d7a5fbe?s=96&d=mm&r=g\",\"caption\":\"Franco Carbone\"},\"url\":\"https:\/\/pianissimo.it\/?author=4\"}]}<\/script>\n<!-- \/ Yoast SEO plugin. -->","yoast_head_json":{"title":"Biagio Antonacci torna con il nuovo album in Studio - Pianissimo","robots":{"index":"index","follow":"follow","max-snippet":"max-snippet:-1","max-image-preview":"max-image-preview:large","max-video-preview":"max-video-preview:-1"},"canonical":"https:\/\/pianissimo.it\/?p=516","og_locale":"it_IT","og_type":"article","og_title":"Biagio Antonacci torna con il nuovo album in Studio - Pianissimo","og_description":"Dopo il tour con Laura Pausini,\u00a0Biagio Antonacci ritorna con il suo\u00a015esimo album in studio. &#8220;Chiaramente visibili dallo spazio&#8220;, esco proprio oggi, il 29 novembre, un disco personale, privo di collaborazioni che rivede Antonacci tornare al suo stile principale. Eccolo che spiega: &#8220;Ho sempre gli occhi di quel ragazzino\u00a0e ogni volta mi sento come se dovessi [&hellip;]","og_url":"https:\/\/pianissimo.it\/?p=516","og_site_name":"Pianissimo","article_published_time":"2019-11-29T12:21:45+00:00","og_image":[{"width":800,"height":445,"url":"https:\/\/pianissimo.it\/wp-content\/uploads\/2019\/11\/Biagio-Antonacci.jpg","type":"image\/jpeg"}],"author":"Franco Carbone","twitter_card":"summary_large_image","twitter_misc":{"Scritto da":"Franco Carbone","Tempo di lettura stimato":"1 minuto"},"schema":{"@context":"https:\/\/schema.org","@graph":[{"@type":"Article","@id":"https:\/\/pianissimo.it\/?p=516#article","isPartOf":{"@id":"https:\/\/pianissimo.it\/?p=516"},"author":{"name":"Franco Carbone","@id":"https:\/\/pianissimo.it\/#\/schema\/person\/bfb0b3af910409f35d95706d2f397242"},"headline":"Biagio Antonacci torna con il nuovo album in Studio","datePublished":"2019-11-29T12:21:45+00:00","mainEntityOfPage":{"@id":"https:\/\/pianissimo.it\/?p=516"},"wordCount":261,"commentCount":0,"publisher":{"@id":"https:\/\/pianissimo.it\/#organization"},"image":{"@id":"https:\/\/pianissimo.it\/?p=516#primaryimage"},"thumbnailUrl":"https:\/\/pianissimo.it\/wp-content\/uploads\/2019\/11\/Biagio-Antonacci.jpg","keywords":["Biagio Antonacci"],"articleSection":["Musica"],"inLanguage":"it-IT","potentialAction":[{"@type":"CommentAction","name":"Comment","target":["https:\/\/pianissimo.it\/?p=516#respond"]}]},{"@type":"WebPage","@id":"https:\/\/pianissimo.it\/?p=516","url":"https:\/\/pianissimo.it\/?p=516","name":"Biagio Antonacci torna con il nuovo album in Studio - Pianissimo","isPartOf":{"@id":"https:\/\/pianissimo.it\/#website"},"primaryImageOfPage":{"@id":"https:\/\/pianissimo.it\/?p=516#primaryimage"},"image":{"@id":"https:\/\/pianissimo.it\/?p=516#primaryimage"},"thumbnailUrl":"https:\/\/pianissimo.it\/wp-content\/uploads\/2019\/11\/Biagio-Antonacci.jpg","datePublished":"2019-11-29T12:21:45+00:00","breadcrumb":{"@id":"https:\/\/pianissimo.it\/?p=516#breadcrumb"},"inLanguage":"it-IT","potentialAction":[{"@type":"ReadAction","target":["https:\/\/pianissimo.it\/?p=516"]}]},{"@type":"ImageObject","inLanguage":"it-IT","@id":"https:\/\/pianissimo.it\/?p=516#primaryimage","url":"https:\/\/pianissimo.it\/wp-content\/uploads\/2019\/11\/Biagio-Antonacci.jpg","contentUrl":"https:\/\/pianissimo.it\/wp-content\/uploads\/2019\/11\/Biagio-Antonacci.jpg","width":800,"height":445},{"@type":"BreadcrumbList","@id":"https:\/\/pianissimo.it\/?p=516#breadcrumb","itemListElement":[{"@type":"ListItem","position":1,"name":"Home","item":"https:\/\/pianissimo.it\/"},{"@type":"ListItem","position":2,"name":"Biagio Antonacci torna con il nuovo album in Studio"}]},{"@type":"WebSite","@id":"https:\/\/pianissimo.it\/#website","url":"https:\/\/pianissimo.it\/","name":"Pianissimo","description":"Magazine di attualit\u00e0 e cultura","publisher":{"@id":"https:\/\/pianissimo.it\/#organization"},"potentialAction":[{"@type":"SearchAction","target":{"@type":"EntryPoint","urlTemplate":"https:\/\/pianissimo.it\/?s={search_term_string}"},"query-input":{"@type":"PropertyValueSpecification","valueRequired":true,"valueName":"search_term_string"}}],"inLanguage":"it-IT"},{"@type":"Organization","@id":"https:\/\/pianissimo.it\/#organization","name":"Pianissimo","url":"https:\/\/pianissimo.it\/","logo":{"@type":"ImageObject","inLanguage":"it-IT","@id":"https:\/\/pianissimo.it\/#\/schema\/logo\/image\/","url":"https:\/\/pianissimo.it\/wp-content\/uploads\/2017\/07\/cropped-pianissimo-new.png","contentUrl":"https:\/\/pianissimo.it\/wp-content\/uploads\/2017\/07\/cropped-pianissimo-new.png","width":395,"height":80,"caption":"Pianissimo"},"image":{"@id":"https:\/\/pianissimo.it\/#\/schema\/logo\/image\/"}},{"@type":"Person","@id":"https:\/\/pianissimo.it\/#\/schema\/person\/bfb0b3af910409f35d95706d2f397242","name":"Franco Carbone","image":{"@type":"ImageObject","inLanguage":"it-IT","@id":"https:\/\/pianissimo.it\/#\/schema\/person\/image\/","url":"https:\/\/secure.gravatar.com\/avatar\/e50f04a4e5a7fb057d23eff5550b8da642e40eb7bf3ea9e213736d357d7a5fbe?s=96&d=mm&r=g","contentUrl":"https:\/\/secure.gravatar.com\/avatar\/e50f04a4e5a7fb057d23eff5550b8da642e40eb7bf3ea9e213736d357d7a5fbe?s=96&d=mm&r=g","caption":"Franco Carbone"},"url":"https:\/\/pianissimo.it\/?author=4"}]}},"_links":{"self":[{"href":"https:\/\/pianissimo.it\/index.php?rest_route=\/wp\/v2\/posts\/516","targetHints":{"allow":["GET"]}}],"collection":[{"href":"https:\/\/pianissimo.it\/index.php?rest_route=\/wp\/v2\/posts"}],"about":[{"href":"https:\/\/pianissimo.it\/index.php?rest_route=\/wp\/v2\/types\/post"}],"author":[{"embeddable":true,"href":"https:\/\/pianissimo.it\/index.php?rest_route=\/wp\/v2\/users\/4"}],"replies":[{"embeddable":true,"href":"https:\/\/pianissimo.it\/index.php?rest_route=%2Fwp%2Fv2%2Fcomments&post=516"}],"version-history":[{"count":1,"href":"https:\/\/pianissimo.it\/index.php?rest_route=\/wp\/v2\/posts\/516\/revisions"}],"predecessor-version":[{"id":518,"href":"https:\/\/pianissimo.it\/index.php?rest_route=\/wp\/v2\/posts\/516\/revisions\/518"}],"wp:featuredmedia":[{"embeddable":true,"href":"https:\/\/pianissimo.it\/index.php?rest_route=\/wp\/v2\/media\/517"}],"wp:attachment":[{"href":"https:\/\/pianissimo.it\/index.php?rest_route=%2Fwp%2Fv2%2Fmedia&parent=516"}],"wp:term":[{"taxonomy":"category","embeddable":true,"href":"https:\/\/pianissimo.it\/index.php?rest_route=%2Fwp%2Fv2%2Fcategories&post=516"},{"taxonomy":"post_tag","embeddable":true,"href":"https:\/\/pianissimo.it\/index.php?rest_route=%2Fwp%2Fv2%2Ftags&post=516"}],"curies":[{"name":"wp","href":"https:\/\/api.w.org\/{rel}","templated":true}]}}