{"id":502,"date":"2019-10-28T16:45:49","date_gmt":"2019-10-28T15:45:49","guid":{"rendered":"https:\/\/pianissimo.it\/?p=502"},"modified":"2019-10-28T16:45:49","modified_gmt":"2019-10-28T15:45:49","slug":"emma-marrone-apparizione-tv","status":"publish","type":"post","link":"https:\/\/pianissimo.it\/?p=502","title":{"rendered":"Emma Marrone: prima apparizione in tv"},"content":{"rendered":"<p>Emma Marrone\u00a0torna per la\u00a0<strong>prima<\/strong>\u00a0volta in\u00a0<strong>tv<\/strong>\u00a0<strong>dopo<\/strong>\u00a0l\u2019<strong>intervento della scorsa settimana.<\/strong><\/p>\n<p>Emma Marrone \u00e8 stata ospite a<em> Che tempo che fa\u2019<\/em>\u00a0domenica sera su Raidue. C<\/p>\n<p>Ha esordito cantando il suo singolo:\u00a0<em>\u2018Io sono bella\u2019<\/em>, per poi rispondere alle domande fatte dal conduttore.<\/p>\n<p>Si \u00e8 parlato del suo recente<strong>\u00a0intervento chirurgico.<\/strong><\/p>\n<p><em>\u201cNon \u00e8 stata una passeggiata di salute ma ora sto qui. Sto bene, anzi mai stata meglio\u201d, <\/em>ha detto Emma.<\/p>\n<p>Commentando gli haters che hanno scritto sulla sua pagina proprio mentre si trovava ad affrontare un complesso intervento, Emma ha spiegato:<\/p>\n<p><em>\u201cIn quei giorni l\u00ec avevo cose pi\u00f9 importanti da gestire che non quattro sfigati che vengono a riversare il loro odio sui social, sinceramente. Penso che come noi personaggi famosi ci mettiamo la\u00a0<strong>faccia<\/strong>, anche tutti gli altri utenti dei social dovrebbero poter essere identificabili\u201d<\/em>.<\/p>\n<p>Emma ha poi raccontato la sua felicit\u00e0 per il singolo &#8220;Io sono bella&#8221;, pezzo scritto da Vasco Rossi, uno dei suoi idoli:<\/p>\n<p><em>\u201cVasco mi ha detto che mi ha sempre seguito con interesse e mi ha tenuta d\u2019occhio. Mi ha studiato, \u00e8 andato a leggere tutte le mie interviste. E\u2019 andato su YouTube a vedere i miei video e ne ha visto anche uno in cui canto \u2018La nostra relazione<\/em><em>. E\u2019 rimasto\u00a0<strong>impressionato<\/strong>\u00a0e d\u00e0 l\u00ec ha voluto scrivere una canzone per me perch\u00e9 pensa che me lo meritavo\u201d.<\/em><\/p>\n<p>A quanto pare, Emma sta bene e le cose sembrano andare in una buona direzione.<\/p>\n<p>Vederla di nuovo sul palco a cantare \u00e8 stato davvero bello.<\/p>\n","protected":false},"excerpt":{"rendered":"<p>Emma Marrone\u00a0torna per la\u00a0prima\u00a0volta in\u00a0tv\u00a0dopo\u00a0l\u2019intervento della scorsa settimana. Emma Marrone \u00e8 stata ospite a Che tempo che fa\u2019\u00a0domenica sera su Raidue. C Ha esordito cantando il suo singolo:\u00a0\u2018Io sono bella\u2019, per poi rispondere alle domande fatte dal conduttore. Si \u00e8 parlato del suo recente\u00a0intervento chirurgico. \u201cNon \u00e8 stata una passeggiata di salute ma ora sto [&hellip;]<\/p>\n","protected":false},"author":4,"featured_media":503,"comment_status":"open","ping_status":"open","sticky":false,"template":"","format":"standard","meta":{"footnotes":""},"categories":[21,18],"tags":[95],"class_list":["post-502","post","type-post","status-publish","format-standard","has-post-thumbnail","hentry","category-attualita","category-musica","tag-emma-marrone"],"yoast_head":"<!-- This site is optimized with the Yoast SEO plugin v26.4 - https:\/\/yoast.com\/wordpress\/plugins\/seo\/ -->\n<title>Emma Marrone: prima apparizione in tv - Pianissimo<\/title>\n<meta name=\"robots\" content=\"index, follow, max-snippet:-1, max-image-preview:large, max-video-preview:-1\" \/>\n<link rel=\"canonical\" href=\"https:\/\/pianissimo.it\/?p=502\" \/>\n<meta property=\"og:locale\" content=\"it_IT\" \/>\n<meta property=\"og:type\" content=\"article\" \/>\n<meta property=\"og:title\" content=\"Emma Marrone: prima apparizione in tv - Pianissimo\" \/>\n<meta property=\"og:description\" content=\"Emma Marrone\u00a0torna per la\u00a0prima\u00a0volta in\u00a0tv\u00a0dopo\u00a0l\u2019intervento della scorsa settimana. Emma Marrone \u00e8 stata ospite a Che tempo che fa\u2019\u00a0domenica sera su Raidue. C Ha esordito cantando il suo singolo:\u00a0\u2018Io sono bella\u2019, per poi rispondere alle domande fatte dal conduttore. Si \u00e8 parlato del suo recente\u00a0intervento chirurgico. \u201cNon \u00e8 stata una passeggiata di salute ma ora sto [&hellip;]\" \/>\n<meta property=\"og:url\" content=\"https:\/\/pianissimo.it\/?p=502\" \/>\n<meta property=\"og:site_name\" content=\"Pianissimo\" \/>\n<meta property=\"article:published_time\" content=\"2019-10-28T15:45:49+00:00\" \/>\n<meta property=\"og:image\" content=\"https:\/\/pianissimo.it\/wp-content\/uploads\/2019\/10\/Emma-Marrone.jpg\" \/>\n\t<meta property=\"og:image:width\" content=\"640\" \/>\n\t<meta property=\"og:image:height\" content=\"367\" \/>\n\t<meta property=\"og:image:type\" content=\"image\/jpeg\" \/>\n<meta name=\"author\" content=\"Franco Carbone\" \/>\n<meta name=\"twitter:card\" content=\"summary_large_image\" \/>\n<meta name=\"twitter:label1\" content=\"Scritto da\" \/>\n\t<meta name=\"twitter:data1\" content=\"Franco Carbone\" \/>\n\t<meta name=\"twitter:label2\" content=\"Tempo di lettura stimato\" \/>\n\t<meta name=\"twitter:data2\" content=\"1 minuto\" \/>\n<script type=\"application\/ld+json\" class=\"yoast-schema-graph\">{\"@context\":\"https:\/\/schema.org\",\"@graph\":[{\"@type\":\"Article\",\"@id\":\"https:\/\/pianissimo.it\/?p=502#article\",\"isPartOf\":{\"@id\":\"https:\/\/pianissimo.it\/?p=502\"},\"author\":{\"name\":\"Franco Carbone\",\"@id\":\"https:\/\/pianissimo.it\/#\/schema\/person\/bfb0b3af910409f35d95706d2f397242\"},\"headline\":\"Emma Marrone: prima apparizione in tv\",\"datePublished\":\"2019-10-28T15:45:49+00:00\",\"mainEntityOfPage\":{\"@id\":\"https:\/\/pianissimo.it\/?p=502\"},\"wordCount\":258,\"commentCount\":0,\"publisher\":{\"@id\":\"https:\/\/pianissimo.it\/#organization\"},\"image\":{\"@id\":\"https:\/\/pianissimo.it\/?p=502#primaryimage\"},\"thumbnailUrl\":\"https:\/\/pianissimo.it\/wp-content\/uploads\/2019\/10\/Emma-Marrone.jpg\",\"keywords\":[\"Emma Marrone\"],\"articleSection\":[\"Attualit\u00e0\",\"Musica\"],\"inLanguage\":\"it-IT\",\"potentialAction\":[{\"@type\":\"CommentAction\",\"name\":\"Comment\",\"target\":[\"https:\/\/pianissimo.it\/?p=502#respond\"]}]},{\"@type\":\"WebPage\",\"@id\":\"https:\/\/pianissimo.it\/?p=502\",\"url\":\"https:\/\/pianissimo.it\/?p=502\",\"name\":\"Emma Marrone: prima apparizione in tv - Pianissimo\",\"isPartOf\":{\"@id\":\"https:\/\/pianissimo.it\/#website\"},\"primaryImageOfPage\":{\"@id\":\"https:\/\/pianissimo.it\/?p=502#primaryimage\"},\"image\":{\"@id\":\"https:\/\/pianissimo.it\/?p=502#primaryimage\"},\"thumbnailUrl\":\"https:\/\/pianissimo.it\/wp-content\/uploads\/2019\/10\/Emma-Marrone.jpg\",\"datePublished\":\"2019-10-28T15:45:49+00:00\",\"breadcrumb\":{\"@id\":\"https:\/\/pianissimo.it\/?p=502#breadcrumb\"},\"inLanguage\":\"it-IT\",\"potentialAction\":[{\"@type\":\"ReadAction\",\"target\":[\"https:\/\/pianissimo.it\/?p=502\"]}]},{\"@type\":\"ImageObject\",\"inLanguage\":\"it-IT\",\"@id\":\"https:\/\/pianissimo.it\/?p=502#primaryimage\",\"url\":\"https:\/\/pianissimo.it\/wp-content\/uploads\/2019\/10\/Emma-Marrone.jpg\",\"contentUrl\":\"https:\/\/pianissimo.it\/wp-content\/uploads\/2019\/10\/Emma-Marrone.jpg\",\"width\":640,\"height\":367},{\"@type\":\"BreadcrumbList\",\"@id\":\"https:\/\/pianissimo.it\/?p=502#breadcrumb\",\"itemListElement\":[{\"@type\":\"ListItem\",\"position\":1,\"name\":\"Home\",\"item\":\"https:\/\/pianissimo.it\/\"},{\"@type\":\"ListItem\",\"position\":2,\"name\":\"Emma Marrone: prima apparizione in tv\"}]},{\"@type\":\"WebSite\",\"@id\":\"https:\/\/pianissimo.it\/#website\",\"url\":\"https:\/\/pianissimo.it\/\",\"name\":\"Pianissimo\",\"description\":\"Magazine di attualit\u00e0 e cultura\",\"publisher\":{\"@id\":\"https:\/\/pianissimo.it\/#organization\"},\"potentialAction\":[{\"@type\":\"SearchAction\",\"target\":{\"@type\":\"EntryPoint\",\"urlTemplate\":\"https:\/\/pianissimo.it\/?s={search_term_string}\"},\"query-input\":{\"@type\":\"PropertyValueSpecification\",\"valueRequired\":true,\"valueName\":\"search_term_string\"}}],\"inLanguage\":\"it-IT\"},{\"@type\":\"Organization\",\"@id\":\"https:\/\/pianissimo.it\/#organization\",\"name\":\"Pianissimo\",\"url\":\"https:\/\/pianissimo.it\/\",\"logo\":{\"@type\":\"ImageObject\",\"inLanguage\":\"it-IT\",\"@id\":\"https:\/\/pianissimo.it\/#\/schema\/logo\/image\/\",\"url\":\"https:\/\/pianissimo.it\/wp-content\/uploads\/2017\/07\/cropped-pianissimo-new.png\",\"contentUrl\":\"https:\/\/pianissimo.it\/wp-content\/uploads\/2017\/07\/cropped-pianissimo-new.png\",\"width\":395,\"height\":80,\"caption\":\"Pianissimo\"},\"image\":{\"@id\":\"https:\/\/pianissimo.it\/#\/schema\/logo\/image\/\"}},{\"@type\":\"Person\",\"@id\":\"https:\/\/pianissimo.it\/#\/schema\/person\/bfb0b3af910409f35d95706d2f397242\",\"name\":\"Franco Carbone\",\"image\":{\"@type\":\"ImageObject\",\"inLanguage\":\"it-IT\",\"@id\":\"https:\/\/pianissimo.it\/#\/schema\/person\/image\/\",\"url\":\"https:\/\/secure.gravatar.com\/avatar\/e50f04a4e5a7fb057d23eff5550b8da642e40eb7bf3ea9e213736d357d7a5fbe?s=96&d=mm&r=g\",\"contentUrl\":\"https:\/\/secure.gravatar.com\/avatar\/e50f04a4e5a7fb057d23eff5550b8da642e40eb7bf3ea9e213736d357d7a5fbe?s=96&d=mm&r=g\",\"caption\":\"Franco Carbone\"},\"url\":\"https:\/\/pianissimo.it\/?author=4\"}]}<\/script>\n<!-- \/ Yoast SEO plugin. -->","yoast_head_json":{"title":"Emma Marrone: prima apparizione in tv - Pianissimo","robots":{"index":"index","follow":"follow","max-snippet":"max-snippet:-1","max-image-preview":"max-image-preview:large","max-video-preview":"max-video-preview:-1"},"canonical":"https:\/\/pianissimo.it\/?p=502","og_locale":"it_IT","og_type":"article","og_title":"Emma Marrone: prima apparizione in tv - Pianissimo","og_description":"Emma Marrone\u00a0torna per la\u00a0prima\u00a0volta in\u00a0tv\u00a0dopo\u00a0l\u2019intervento della scorsa settimana. Emma Marrone \u00e8 stata ospite a Che tempo che fa\u2019\u00a0domenica sera su Raidue. C Ha esordito cantando il suo singolo:\u00a0\u2018Io sono bella\u2019, per poi rispondere alle domande fatte dal conduttore. Si \u00e8 parlato del suo recente\u00a0intervento chirurgico. \u201cNon \u00e8 stata una passeggiata di salute ma ora sto [&hellip;]","og_url":"https:\/\/pianissimo.it\/?p=502","og_site_name":"Pianissimo","article_published_time":"2019-10-28T15:45:49+00:00","og_image":[{"width":640,"height":367,"url":"https:\/\/pianissimo.it\/wp-content\/uploads\/2019\/10\/Emma-Marrone.jpg","type":"image\/jpeg"}],"author":"Franco Carbone","twitter_card":"summary_large_image","twitter_misc":{"Scritto da":"Franco Carbone","Tempo di lettura stimato":"1 minuto"},"schema":{"@context":"https:\/\/schema.org","@graph":[{"@type":"Article","@id":"https:\/\/pianissimo.it\/?p=502#article","isPartOf":{"@id":"https:\/\/pianissimo.it\/?p=502"},"author":{"name":"Franco Carbone","@id":"https:\/\/pianissimo.it\/#\/schema\/person\/bfb0b3af910409f35d95706d2f397242"},"headline":"Emma Marrone: prima apparizione in tv","datePublished":"2019-10-28T15:45:49+00:00","mainEntityOfPage":{"@id":"https:\/\/pianissimo.it\/?p=502"},"wordCount":258,"commentCount":0,"publisher":{"@id":"https:\/\/pianissimo.it\/#organization"},"image":{"@id":"https:\/\/pianissimo.it\/?p=502#primaryimage"},"thumbnailUrl":"https:\/\/pianissimo.it\/wp-content\/uploads\/2019\/10\/Emma-Marrone.jpg","keywords":["Emma Marrone"],"articleSection":["Attualit\u00e0","Musica"],"inLanguage":"it-IT","potentialAction":[{"@type":"CommentAction","name":"Comment","target":["https:\/\/pianissimo.it\/?p=502#respond"]}]},{"@type":"WebPage","@id":"https:\/\/pianissimo.it\/?p=502","url":"https:\/\/pianissimo.it\/?p=502","name":"Emma Marrone: prima apparizione in tv - Pianissimo","isPartOf":{"@id":"https:\/\/pianissimo.it\/#website"},"primaryImageOfPage":{"@id":"https:\/\/pianissimo.it\/?p=502#primaryimage"},"image":{"@id":"https:\/\/pianissimo.it\/?p=502#primaryimage"},"thumbnailUrl":"https:\/\/pianissimo.it\/wp-content\/uploads\/2019\/10\/Emma-Marrone.jpg","datePublished":"2019-10-28T15:45:49+00:00","breadcrumb":{"@id":"https:\/\/pianissimo.it\/?p=502#breadcrumb"},"inLanguage":"it-IT","potentialAction":[{"@type":"ReadAction","target":["https:\/\/pianissimo.it\/?p=502"]}]},{"@type":"ImageObject","inLanguage":"it-IT","@id":"https:\/\/pianissimo.it\/?p=502#primaryimage","url":"https:\/\/pianissimo.it\/wp-content\/uploads\/2019\/10\/Emma-Marrone.jpg","contentUrl":"https:\/\/pianissimo.it\/wp-content\/uploads\/2019\/10\/Emma-Marrone.jpg","width":640,"height":367},{"@type":"BreadcrumbList","@id":"https:\/\/pianissimo.it\/?p=502#breadcrumb","itemListElement":[{"@type":"ListItem","position":1,"name":"Home","item":"https:\/\/pianissimo.it\/"},{"@type":"ListItem","position":2,"name":"Emma Marrone: prima apparizione in tv"}]},{"@type":"WebSite","@id":"https:\/\/pianissimo.it\/#website","url":"https:\/\/pianissimo.it\/","name":"Pianissimo","description":"Magazine di attualit\u00e0 e cultura","publisher":{"@id":"https:\/\/pianissimo.it\/#organization"},"potentialAction":[{"@type":"SearchAction","target":{"@type":"EntryPoint","urlTemplate":"https:\/\/pianissimo.it\/?s={search_term_string}"},"query-input":{"@type":"PropertyValueSpecification","valueRequired":true,"valueName":"search_term_string"}}],"inLanguage":"it-IT"},{"@type":"Organization","@id":"https:\/\/pianissimo.it\/#organization","name":"Pianissimo","url":"https:\/\/pianissimo.it\/","logo":{"@type":"ImageObject","inLanguage":"it-IT","@id":"https:\/\/pianissimo.it\/#\/schema\/logo\/image\/","url":"https:\/\/pianissimo.it\/wp-content\/uploads\/2017\/07\/cropped-pianissimo-new.png","contentUrl":"https:\/\/pianissimo.it\/wp-content\/uploads\/2017\/07\/cropped-pianissimo-new.png","width":395,"height":80,"caption":"Pianissimo"},"image":{"@id":"https:\/\/pianissimo.it\/#\/schema\/logo\/image\/"}},{"@type":"Person","@id":"https:\/\/pianissimo.it\/#\/schema\/person\/bfb0b3af910409f35d95706d2f397242","name":"Franco Carbone","image":{"@type":"ImageObject","inLanguage":"it-IT","@id":"https:\/\/pianissimo.it\/#\/schema\/person\/image\/","url":"https:\/\/secure.gravatar.com\/avatar\/e50f04a4e5a7fb057d23eff5550b8da642e40eb7bf3ea9e213736d357d7a5fbe?s=96&d=mm&r=g","contentUrl":"https:\/\/secure.gravatar.com\/avatar\/e50f04a4e5a7fb057d23eff5550b8da642e40eb7bf3ea9e213736d357d7a5fbe?s=96&d=mm&r=g","caption":"Franco Carbone"},"url":"https:\/\/pianissimo.it\/?author=4"}]}},"_links":{"self":[{"href":"https:\/\/pianissimo.it\/index.php?rest_route=\/wp\/v2\/posts\/502","targetHints":{"allow":["GET"]}}],"collection":[{"href":"https:\/\/pianissimo.it\/index.php?rest_route=\/wp\/v2\/posts"}],"about":[{"href":"https:\/\/pianissimo.it\/index.php?rest_route=\/wp\/v2\/types\/post"}],"author":[{"embeddable":true,"href":"https:\/\/pianissimo.it\/index.php?rest_route=\/wp\/v2\/users\/4"}],"replies":[{"embeddable":true,"href":"https:\/\/pianissimo.it\/index.php?rest_route=%2Fwp%2Fv2%2Fcomments&post=502"}],"version-history":[{"count":1,"href":"https:\/\/pianissimo.it\/index.php?rest_route=\/wp\/v2\/posts\/502\/revisions"}],"predecessor-version":[{"id":504,"href":"https:\/\/pianissimo.it\/index.php?rest_route=\/wp\/v2\/posts\/502\/revisions\/504"}],"wp:featuredmedia":[{"embeddable":true,"href":"https:\/\/pianissimo.it\/index.php?rest_route=\/wp\/v2\/media\/503"}],"wp:attachment":[{"href":"https:\/\/pianissimo.it\/index.php?rest_route=%2Fwp%2Fv2%2Fmedia&parent=502"}],"wp:term":[{"taxonomy":"category","embeddable":true,"href":"https:\/\/pianissimo.it\/index.php?rest_route=%2Fwp%2Fv2%2Fcategories&post=502"},{"taxonomy":"post_tag","embeddable":true,"href":"https:\/\/pianissimo.it\/index.php?rest_route=%2Fwp%2Fv2%2Ftags&post=502"}],"curies":[{"name":"wp","href":"https:\/\/api.w.org\/{rel}","templated":true}]}}