{"id":499,"date":"2019-10-28T16:28:00","date_gmt":"2019-10-28T15:28:00","guid":{"rendered":"https:\/\/pianissimo.it\/?p=499"},"modified":"2019-10-28T16:28:00","modified_gmt":"2019-10-28T15:28:00","slug":"oscar-lina-wertmuller","status":"publish","type":"post","link":"https:\/\/pianissimo.it\/?p=499","title":{"rendered":"Oscar a Lina Wertmuller"},"content":{"rendered":"<p>Lina Wertmuller riceve l&#8217;Oscar e si dimostra emozionatissima.<\/p>\n<p>La Wertmuller oggi 91enne, non ha mancato di stupire gli spettatori con il suo umorismo.<\/p>\n<p>Ha scherzato sul palco degli Oscar, dove ha ricevuto il premio alla carriera.<\/p>\n<p>Ad attenderla c&#8217;erano Isabella Rossellini e Sophia Loren.<\/p>\n<p>&#8220;Bisogna cambiare il nome a questa statuetta, perch\u00e9\u00a0Oscar? Chiamiamolo con un nome di donna, chiamiamolo Anna&#8221;, ha detto la Wertmuller scherzando davanti alle telecamere.<\/p>\n<p>La Wertmuller \u00e8 riuscita a trasformare l&#8217;evento in un momento divertente, scherzando e commentando diversi argomenti.<\/p>\n<p>Mentre riceveva l&#8217;Oscar alla carriera, Lina Wertmuller ha parlato con Isabella Rossellini sul palco in viola, e che ha portato la Wertmuller a fare spesso il segno delle corna.<\/p>\n<p>Lina Wertmuller \u00e8 infatti molto superstiziosa, e il viola ha scatenato la sua reazione.<\/p>\n<p>A presentare il riconoscimento alla prima donna che nel 1976 venne candidata per l&#8217;Oscar alla regia, c&#8217;erano le colleghe Greta Gerwig e Jane Campion.<\/p>\n<p>&#8220;Ti trovo benissimo&#8221; ha detto la Loren. &#8220;Sono qui per te per salutarti, era tempo che ci vedessimo&#8221;.<\/p>\n<p>Nel corso della cerimonia, sono stati premiati anche David Lynch, Geena Davis e Wes Studi.<\/p>\n<p>Un Oscar importante per la Wertmuller con una carriera incredibile fatta di film straordinari e capaci di segnare il mondo del Cinema e della cultura.<\/p>\n<p>L&#8217;Oscar sta passando invece in sordina.<\/p>\n<p>La manifestazione infatti, non sembra pi\u00f9 attirare quella visibilit\u00e0 di un tempo e, le varie nomination, sono rimaste ai lati delle pagine dei giornali.<\/p>\n<p>Di sicuro per\u00f2, la notizia dell&#8217;Oscar alla Wertmuller \u00e8 davvero importante, un riconoscimento alla carriera per una delle registe pi\u00f9 influenti di sempre, capace di portare il Cinema italiano a livelli altissimi.<\/p>\n<p>Le opere della Wertmuller sono ancora oggi fresche e uniche, in grado di conquistare gli spettatori di ogni tempo e di mostrare come si possa raccontare una storia, violando tutte le regole e gli stilemi del genere.<\/p>\n<p>Un Cinema complesso e crudele, ma anche sincero e privo degli orpelli che caratterizzano molte delle pellicole italiane.<\/p>\n","protected":false},"excerpt":{"rendered":"<p>Lina Wertmuller riceve l&#8217;Oscar e si dimostra emozionatissima. La Wertmuller oggi 91enne, non ha mancato di stupire gli spettatori con il suo umorismo. Ha scherzato sul palco degli Oscar, dove ha ricevuto il premio alla carriera. Ad attenderla c&#8217;erano Isabella Rossellini e Sophia Loren. &#8220;Bisogna cambiare il nome a questa statuetta, perch\u00e9\u00a0Oscar? Chiamiamolo con un [&hellip;]<\/p>\n","protected":false},"author":4,"featured_media":500,"comment_status":"open","ping_status":"open","sticky":false,"template":"","format":"standard","meta":{"footnotes":""},"categories":[16],"tags":[94],"class_list":["post-499","post","type-post","status-publish","format-standard","has-post-thumbnail","hentry","category-cinema","tag-lina-wertmuller"],"yoast_head":"<!-- This site is optimized with the Yoast SEO plugin v26.4 - https:\/\/yoast.com\/wordpress\/plugins\/seo\/ -->\n<title>Oscar a Lina Wertmuller - Pianissimo<\/title>\n<meta name=\"robots\" content=\"index, follow, max-snippet:-1, max-image-preview:large, max-video-preview:-1\" \/>\n<link rel=\"canonical\" href=\"https:\/\/pianissimo.it\/?p=499\" \/>\n<meta property=\"og:locale\" content=\"it_IT\" \/>\n<meta property=\"og:type\" content=\"article\" \/>\n<meta property=\"og:title\" content=\"Oscar a Lina Wertmuller - Pianissimo\" \/>\n<meta property=\"og:description\" content=\"Lina Wertmuller riceve l&#8217;Oscar e si dimostra emozionatissima. La Wertmuller oggi 91enne, non ha mancato di stupire gli spettatori con il suo umorismo. Ha scherzato sul palco degli Oscar, dove ha ricevuto il premio alla carriera. Ad attenderla c&#8217;erano Isabella Rossellini e Sophia Loren. &#8220;Bisogna cambiare il nome a questa statuetta, perch\u00e9\u00a0Oscar? Chiamiamolo con un [&hellip;]\" \/>\n<meta property=\"og:url\" content=\"https:\/\/pianissimo.it\/?p=499\" \/>\n<meta property=\"og:site_name\" content=\"Pianissimo\" \/>\n<meta property=\"article:published_time\" content=\"2019-10-28T15:28:00+00:00\" \/>\n<meta property=\"og:image\" content=\"https:\/\/pianissimo.it\/wp-content\/uploads\/2019\/10\/Lina-Wertmuller.jpeg\" \/>\n\t<meta property=\"og:image:width\" content=\"654\" \/>\n\t<meta property=\"og:image:height\" content=\"368\" \/>\n\t<meta property=\"og:image:type\" content=\"image\/jpeg\" \/>\n<meta name=\"author\" content=\"Franco Carbone\" \/>\n<meta name=\"twitter:card\" content=\"summary_large_image\" \/>\n<meta name=\"twitter:label1\" content=\"Scritto da\" \/>\n\t<meta name=\"twitter:data1\" content=\"Franco Carbone\" \/>\n\t<meta name=\"twitter:label2\" content=\"Tempo di lettura stimato\" \/>\n\t<meta name=\"twitter:data2\" content=\"2 minuti\" \/>\n<script type=\"application\/ld+json\" class=\"yoast-schema-graph\">{\"@context\":\"https:\/\/schema.org\",\"@graph\":[{\"@type\":\"Article\",\"@id\":\"https:\/\/pianissimo.it\/?p=499#article\",\"isPartOf\":{\"@id\":\"https:\/\/pianissimo.it\/?p=499\"},\"author\":{\"name\":\"Franco Carbone\",\"@id\":\"https:\/\/pianissimo.it\/#\/schema\/person\/bfb0b3af910409f35d95706d2f397242\"},\"headline\":\"Oscar a Lina Wertmuller\",\"datePublished\":\"2019-10-28T15:28:00+00:00\",\"mainEntityOfPage\":{\"@id\":\"https:\/\/pianissimo.it\/?p=499\"},\"wordCount\":327,\"commentCount\":0,\"publisher\":{\"@id\":\"https:\/\/pianissimo.it\/#organization\"},\"image\":{\"@id\":\"https:\/\/pianissimo.it\/?p=499#primaryimage\"},\"thumbnailUrl\":\"https:\/\/pianissimo.it\/wp-content\/uploads\/2019\/10\/Lina-Wertmuller.jpeg\",\"keywords\":[\"Lina Wertmuller\"],\"articleSection\":[\"Cinema\"],\"inLanguage\":\"it-IT\",\"potentialAction\":[{\"@type\":\"CommentAction\",\"name\":\"Comment\",\"target\":[\"https:\/\/pianissimo.it\/?p=499#respond\"]}]},{\"@type\":\"WebPage\",\"@id\":\"https:\/\/pianissimo.it\/?p=499\",\"url\":\"https:\/\/pianissimo.it\/?p=499\",\"name\":\"Oscar a Lina Wertmuller - Pianissimo\",\"isPartOf\":{\"@id\":\"https:\/\/pianissimo.it\/#website\"},\"primaryImageOfPage\":{\"@id\":\"https:\/\/pianissimo.it\/?p=499#primaryimage\"},\"image\":{\"@id\":\"https:\/\/pianissimo.it\/?p=499#primaryimage\"},\"thumbnailUrl\":\"https:\/\/pianissimo.it\/wp-content\/uploads\/2019\/10\/Lina-Wertmuller.jpeg\",\"datePublished\":\"2019-10-28T15:28:00+00:00\",\"breadcrumb\":{\"@id\":\"https:\/\/pianissimo.it\/?p=499#breadcrumb\"},\"inLanguage\":\"it-IT\",\"potentialAction\":[{\"@type\":\"ReadAction\",\"target\":[\"https:\/\/pianissimo.it\/?p=499\"]}]},{\"@type\":\"ImageObject\",\"inLanguage\":\"it-IT\",\"@id\":\"https:\/\/pianissimo.it\/?p=499#primaryimage\",\"url\":\"https:\/\/pianissimo.it\/wp-content\/uploads\/2019\/10\/Lina-Wertmuller.jpeg\",\"contentUrl\":\"https:\/\/pianissimo.it\/wp-content\/uploads\/2019\/10\/Lina-Wertmuller.jpeg\",\"width\":654,\"height\":368},{\"@type\":\"BreadcrumbList\",\"@id\":\"https:\/\/pianissimo.it\/?p=499#breadcrumb\",\"itemListElement\":[{\"@type\":\"ListItem\",\"position\":1,\"name\":\"Home\",\"item\":\"https:\/\/pianissimo.it\/\"},{\"@type\":\"ListItem\",\"position\":2,\"name\":\"Oscar a Lina Wertmuller\"}]},{\"@type\":\"WebSite\",\"@id\":\"https:\/\/pianissimo.it\/#website\",\"url\":\"https:\/\/pianissimo.it\/\",\"name\":\"Pianissimo\",\"description\":\"Magazine di attualit\u00e0 e cultura\",\"publisher\":{\"@id\":\"https:\/\/pianissimo.it\/#organization\"},\"potentialAction\":[{\"@type\":\"SearchAction\",\"target\":{\"@type\":\"EntryPoint\",\"urlTemplate\":\"https:\/\/pianissimo.it\/?s={search_term_string}\"},\"query-input\":{\"@type\":\"PropertyValueSpecification\",\"valueRequired\":true,\"valueName\":\"search_term_string\"}}],\"inLanguage\":\"it-IT\"},{\"@type\":\"Organization\",\"@id\":\"https:\/\/pianissimo.it\/#organization\",\"name\":\"Pianissimo\",\"url\":\"https:\/\/pianissimo.it\/\",\"logo\":{\"@type\":\"ImageObject\",\"inLanguage\":\"it-IT\",\"@id\":\"https:\/\/pianissimo.it\/#\/schema\/logo\/image\/\",\"url\":\"https:\/\/pianissimo.it\/wp-content\/uploads\/2017\/07\/cropped-pianissimo-new.png\",\"contentUrl\":\"https:\/\/pianissimo.it\/wp-content\/uploads\/2017\/07\/cropped-pianissimo-new.png\",\"width\":395,\"height\":80,\"caption\":\"Pianissimo\"},\"image\":{\"@id\":\"https:\/\/pianissimo.it\/#\/schema\/logo\/image\/\"}},{\"@type\":\"Person\",\"@id\":\"https:\/\/pianissimo.it\/#\/schema\/person\/bfb0b3af910409f35d95706d2f397242\",\"name\":\"Franco Carbone\",\"image\":{\"@type\":\"ImageObject\",\"inLanguage\":\"it-IT\",\"@id\":\"https:\/\/pianissimo.it\/#\/schema\/person\/image\/\",\"url\":\"https:\/\/secure.gravatar.com\/avatar\/e50f04a4e5a7fb057d23eff5550b8da642e40eb7bf3ea9e213736d357d7a5fbe?s=96&d=mm&r=g\",\"contentUrl\":\"https:\/\/secure.gravatar.com\/avatar\/e50f04a4e5a7fb057d23eff5550b8da642e40eb7bf3ea9e213736d357d7a5fbe?s=96&d=mm&r=g\",\"caption\":\"Franco Carbone\"},\"url\":\"https:\/\/pianissimo.it\/?author=4\"}]}<\/script>\n<!-- \/ Yoast SEO plugin. -->","yoast_head_json":{"title":"Oscar a Lina Wertmuller - Pianissimo","robots":{"index":"index","follow":"follow","max-snippet":"max-snippet:-1","max-image-preview":"max-image-preview:large","max-video-preview":"max-video-preview:-1"},"canonical":"https:\/\/pianissimo.it\/?p=499","og_locale":"it_IT","og_type":"article","og_title":"Oscar a Lina Wertmuller - Pianissimo","og_description":"Lina Wertmuller riceve l&#8217;Oscar e si dimostra emozionatissima. La Wertmuller oggi 91enne, non ha mancato di stupire gli spettatori con il suo umorismo. Ha scherzato sul palco degli Oscar, dove ha ricevuto il premio alla carriera. Ad attenderla c&#8217;erano Isabella Rossellini e Sophia Loren. &#8220;Bisogna cambiare il nome a questa statuetta, perch\u00e9\u00a0Oscar? Chiamiamolo con un [&hellip;]","og_url":"https:\/\/pianissimo.it\/?p=499","og_site_name":"Pianissimo","article_published_time":"2019-10-28T15:28:00+00:00","og_image":[{"width":654,"height":368,"url":"https:\/\/pianissimo.it\/wp-content\/uploads\/2019\/10\/Lina-Wertmuller.jpeg","type":"image\/jpeg"}],"author":"Franco Carbone","twitter_card":"summary_large_image","twitter_misc":{"Scritto da":"Franco Carbone","Tempo di lettura stimato":"2 minuti"},"schema":{"@context":"https:\/\/schema.org","@graph":[{"@type":"Article","@id":"https:\/\/pianissimo.it\/?p=499#article","isPartOf":{"@id":"https:\/\/pianissimo.it\/?p=499"},"author":{"name":"Franco Carbone","@id":"https:\/\/pianissimo.it\/#\/schema\/person\/bfb0b3af910409f35d95706d2f397242"},"headline":"Oscar a Lina Wertmuller","datePublished":"2019-10-28T15:28:00+00:00","mainEntityOfPage":{"@id":"https:\/\/pianissimo.it\/?p=499"},"wordCount":327,"commentCount":0,"publisher":{"@id":"https:\/\/pianissimo.it\/#organization"},"image":{"@id":"https:\/\/pianissimo.it\/?p=499#primaryimage"},"thumbnailUrl":"https:\/\/pianissimo.it\/wp-content\/uploads\/2019\/10\/Lina-Wertmuller.jpeg","keywords":["Lina Wertmuller"],"articleSection":["Cinema"],"inLanguage":"it-IT","potentialAction":[{"@type":"CommentAction","name":"Comment","target":["https:\/\/pianissimo.it\/?p=499#respond"]}]},{"@type":"WebPage","@id":"https:\/\/pianissimo.it\/?p=499","url":"https:\/\/pianissimo.it\/?p=499","name":"Oscar a Lina Wertmuller - Pianissimo","isPartOf":{"@id":"https:\/\/pianissimo.it\/#website"},"primaryImageOfPage":{"@id":"https:\/\/pianissimo.it\/?p=499#primaryimage"},"image":{"@id":"https:\/\/pianissimo.it\/?p=499#primaryimage"},"thumbnailUrl":"https:\/\/pianissimo.it\/wp-content\/uploads\/2019\/10\/Lina-Wertmuller.jpeg","datePublished":"2019-10-28T15:28:00+00:00","breadcrumb":{"@id":"https:\/\/pianissimo.it\/?p=499#breadcrumb"},"inLanguage":"it-IT","potentialAction":[{"@type":"ReadAction","target":["https:\/\/pianissimo.it\/?p=499"]}]},{"@type":"ImageObject","inLanguage":"it-IT","@id":"https:\/\/pianissimo.it\/?p=499#primaryimage","url":"https:\/\/pianissimo.it\/wp-content\/uploads\/2019\/10\/Lina-Wertmuller.jpeg","contentUrl":"https:\/\/pianissimo.it\/wp-content\/uploads\/2019\/10\/Lina-Wertmuller.jpeg","width":654,"height":368},{"@type":"BreadcrumbList","@id":"https:\/\/pianissimo.it\/?p=499#breadcrumb","itemListElement":[{"@type":"ListItem","position":1,"name":"Home","item":"https:\/\/pianissimo.it\/"},{"@type":"ListItem","position":2,"name":"Oscar a Lina Wertmuller"}]},{"@type":"WebSite","@id":"https:\/\/pianissimo.it\/#website","url":"https:\/\/pianissimo.it\/","name":"Pianissimo","description":"Magazine di attualit\u00e0 e cultura","publisher":{"@id":"https:\/\/pianissimo.it\/#organization"},"potentialAction":[{"@type":"SearchAction","target":{"@type":"EntryPoint","urlTemplate":"https:\/\/pianissimo.it\/?s={search_term_string}"},"query-input":{"@type":"PropertyValueSpecification","valueRequired":true,"valueName":"search_term_string"}}],"inLanguage":"it-IT"},{"@type":"Organization","@id":"https:\/\/pianissimo.it\/#organization","name":"Pianissimo","url":"https:\/\/pianissimo.it\/","logo":{"@type":"ImageObject","inLanguage":"it-IT","@id":"https:\/\/pianissimo.it\/#\/schema\/logo\/image\/","url":"https:\/\/pianissimo.it\/wp-content\/uploads\/2017\/07\/cropped-pianissimo-new.png","contentUrl":"https:\/\/pianissimo.it\/wp-content\/uploads\/2017\/07\/cropped-pianissimo-new.png","width":395,"height":80,"caption":"Pianissimo"},"image":{"@id":"https:\/\/pianissimo.it\/#\/schema\/logo\/image\/"}},{"@type":"Person","@id":"https:\/\/pianissimo.it\/#\/schema\/person\/bfb0b3af910409f35d95706d2f397242","name":"Franco Carbone","image":{"@type":"ImageObject","inLanguage":"it-IT","@id":"https:\/\/pianissimo.it\/#\/schema\/person\/image\/","url":"https:\/\/secure.gravatar.com\/avatar\/e50f04a4e5a7fb057d23eff5550b8da642e40eb7bf3ea9e213736d357d7a5fbe?s=96&d=mm&r=g","contentUrl":"https:\/\/secure.gravatar.com\/avatar\/e50f04a4e5a7fb057d23eff5550b8da642e40eb7bf3ea9e213736d357d7a5fbe?s=96&d=mm&r=g","caption":"Franco Carbone"},"url":"https:\/\/pianissimo.it\/?author=4"}]}},"_links":{"self":[{"href":"https:\/\/pianissimo.it\/index.php?rest_route=\/wp\/v2\/posts\/499","targetHints":{"allow":["GET"]}}],"collection":[{"href":"https:\/\/pianissimo.it\/index.php?rest_route=\/wp\/v2\/posts"}],"about":[{"href":"https:\/\/pianissimo.it\/index.php?rest_route=\/wp\/v2\/types\/post"}],"author":[{"embeddable":true,"href":"https:\/\/pianissimo.it\/index.php?rest_route=\/wp\/v2\/users\/4"}],"replies":[{"embeddable":true,"href":"https:\/\/pianissimo.it\/index.php?rest_route=%2Fwp%2Fv2%2Fcomments&post=499"}],"version-history":[{"count":1,"href":"https:\/\/pianissimo.it\/index.php?rest_route=\/wp\/v2\/posts\/499\/revisions"}],"predecessor-version":[{"id":501,"href":"https:\/\/pianissimo.it\/index.php?rest_route=\/wp\/v2\/posts\/499\/revisions\/501"}],"wp:featuredmedia":[{"embeddable":true,"href":"https:\/\/pianissimo.it\/index.php?rest_route=\/wp\/v2\/media\/500"}],"wp:attachment":[{"href":"https:\/\/pianissimo.it\/index.php?rest_route=%2Fwp%2Fv2%2Fmedia&parent=499"}],"wp:term":[{"taxonomy":"category","embeddable":true,"href":"https:\/\/pianissimo.it\/index.php?rest_route=%2Fwp%2Fv2%2Fcategories&post=499"},{"taxonomy":"post_tag","embeddable":true,"href":"https:\/\/pianissimo.it\/index.php?rest_route=%2Fwp%2Fv2%2Ftags&post=499"}],"curies":[{"name":"wp","href":"https:\/\/api.w.org\/{rel}","templated":true}]}}