{"id":484,"date":"2019-09-30T13:44:43","date_gmt":"2019-09-30T11:44:43","guid":{"rendered":"https:\/\/pianissimo.it\/?p=484"},"modified":"2019-09-30T13:45:55","modified_gmt":"2019-09-30T11:45:55","slug":"eva-henger","status":"publish","type":"post","link":"https:\/\/pianissimo.it\/?p=484","title":{"rendered":"Eva Henger parla di Mercedes e della relazione con Lucas"},"content":{"rendered":"<p><strong>Eva Henger, <\/strong>\u00e8 stata\u00a0ospite a<strong>\u00a0Domenica Live da Barbara D&#8217;Urso<\/strong>.<\/p>\n<p>Nel corso della trasmissione ha parlato a lungo del fidanzato della figlia,\u00a0<strong>Lucas<\/strong>.<\/p>\n<p>A quanto pare il rapporto \u00e8 davvero terribile e, secondo la Henger, Lucas \u00e8 una pessima figura per lei.<\/p>\n<p><strong>Eva Henger sostiene che la figlia abbia una forma di dipendenda sessuale da Lucas<\/strong>\u00a0e arrivi a perdonare comportamenti e atteggiamenti violenti.<\/p>\n<p>\u00abTempo fa Mercedesz mi ha chiamato dicendomi che lui aveva alzato le mani e le aveva rotto il telefono, dopo 3 giorni ha detto che voleva dargli una seconda possibilit\u00e0, lui venne anche da me si mise a piangere e lo abbiamo perdonato tutte e due, forse sbagliando\u00bb.<\/p>\n<p>Dopo l&#8217;episodio non era accaduto pi\u00f9 niente di grave, tanto da avvicinare la Henger a Lucas e portarla a prendere le sue difese.<\/p>\n<p>Poi i nuovi episodi di violenza verbale e fisica:<\/p>\n<p>\u00abQuest&#8217;estate lei \u00e8 venuta da me e mi ha detto che le botte non erano finite, lei mi disse che non era pi\u00f9 innamorata, era schifata e mi ha confessato di averlo picchiato a sua volta, cos\u00ec io ho cercato di metterla in guardia, le ho detto di restare in Ungheria con me, ma lei \u00e8 fuggita, \u00e8 tornata da lui dopo qualche giorno dicendo che non poteva stare senza lui\u00bb.<\/p>\n<p>Al ritorno \u00e8 seguito un episodio grave di cui Eva non vuole parlare.<\/p>\n<p>La rottura \u00e8 arrivata subito dopo.<br \/>\n<strong>\u00abMercedesz non mi chiamava pi\u00f9,<\/strong>\u00a0mi rispondeva al telefono solo quando era lontana da lui, perch\u00e9 lui dopo che parlavamo spaccava tutto in casa\u00bb.<\/p>\n<p>Una situazione di violenza domestica e dipendenza davvero grave quella raccontata da Eva Henger che adesso diventa dominio pubblico.<\/p>\n<p>Al momento i due non si frequentano pi\u00f9.<\/p>\n<p>C&#8217;\u00e8 voluto per\u00f2 moltissimo tempo per arrivare alla rottura, nonostante le violenza e la relazione tossica che si era venuta a creare.<\/p>\n","protected":false},"excerpt":{"rendered":"<p>Eva Henger, \u00e8 stata\u00a0ospite a\u00a0Domenica Live da Barbara D&#8217;Urso. Nel corso della trasmissione ha parlato a lungo del fidanzato della figlia,\u00a0Lucas. A quanto pare il rapporto \u00e8 davvero terribile e, secondo la Henger, Lucas \u00e8 una pessima figura per lei. Eva Henger sostiene che la figlia abbia una forma di dipendenda sessuale da Lucas\u00a0e arrivi [&hellip;]<\/p>\n","protected":false},"author":4,"featured_media":485,"comment_status":"open","ping_status":"open","sticky":false,"template":"","format":"standard","meta":{"footnotes":""},"categories":[21],"tags":[88,90,89],"class_list":["post-484","post","type-post","status-publish","format-standard","has-post-thumbnail","hentry","category-attualita","tag-eva-henger","tag-gossip","tag-mercedes-henger"],"yoast_head":"<!-- This site is optimized with the Yoast SEO plugin v26.4 - https:\/\/yoast.com\/wordpress\/plugins\/seo\/ -->\n<title>Eva Henger parla di Mercedes e della relazione con Lucas - Pianissimo<\/title>\n<meta name=\"robots\" content=\"index, follow, max-snippet:-1, max-image-preview:large, max-video-preview:-1\" \/>\n<link rel=\"canonical\" href=\"https:\/\/pianissimo.it\/?p=484\" \/>\n<meta property=\"og:locale\" content=\"it_IT\" \/>\n<meta property=\"og:type\" content=\"article\" \/>\n<meta property=\"og:title\" content=\"Eva Henger parla di Mercedes e della relazione con Lucas - Pianissimo\" \/>\n<meta property=\"og:description\" content=\"Eva Henger, \u00e8 stata\u00a0ospite a\u00a0Domenica Live da Barbara D&#8217;Urso. Nel corso della trasmissione ha parlato a lungo del fidanzato della figlia,\u00a0Lucas. A quanto pare il rapporto \u00e8 davvero terribile e, secondo la Henger, Lucas \u00e8 una pessima figura per lei. Eva Henger sostiene che la figlia abbia una forma di dipendenda sessuale da Lucas\u00a0e arrivi [&hellip;]\" \/>\n<meta property=\"og:url\" content=\"https:\/\/pianissimo.it\/?p=484\" \/>\n<meta property=\"og:site_name\" content=\"Pianissimo\" \/>\n<meta property=\"article:published_time\" content=\"2019-09-30T11:44:43+00:00\" \/>\n<meta property=\"article:modified_time\" content=\"2019-09-30T11:45:55+00:00\" \/>\n<meta property=\"og:image\" content=\"https:\/\/pianissimo.it\/wp-content\/uploads\/2019\/09\/Eva-Henger.jpeg\" \/>\n\t<meta property=\"og:image:width\" content=\"300\" \/>\n\t<meta property=\"og:image:height\" content=\"168\" \/>\n\t<meta property=\"og:image:type\" content=\"image\/jpeg\" \/>\n<meta name=\"author\" content=\"Franco Carbone\" \/>\n<meta name=\"twitter:card\" content=\"summary_large_image\" \/>\n<meta name=\"twitter:label1\" content=\"Scritto da\" \/>\n\t<meta name=\"twitter:data1\" content=\"Franco Carbone\" \/>\n\t<meta name=\"twitter:label2\" content=\"Tempo di lettura stimato\" \/>\n\t<meta name=\"twitter:data2\" content=\"1 minuto\" \/>\n<script type=\"application\/ld+json\" class=\"yoast-schema-graph\">{\"@context\":\"https:\/\/schema.org\",\"@graph\":[{\"@type\":\"Article\",\"@id\":\"https:\/\/pianissimo.it\/?p=484#article\",\"isPartOf\":{\"@id\":\"https:\/\/pianissimo.it\/?p=484\"},\"author\":{\"name\":\"Franco Carbone\",\"@id\":\"https:\/\/pianissimo.it\/#\/schema\/person\/bfb0b3af910409f35d95706d2f397242\"},\"headline\":\"Eva Henger parla di Mercedes e della relazione con Lucas\",\"datePublished\":\"2019-09-30T11:44:43+00:00\",\"dateModified\":\"2019-09-30T11:45:55+00:00\",\"mainEntityOfPage\":{\"@id\":\"https:\/\/pianissimo.it\/?p=484\"},\"wordCount\":309,\"commentCount\":0,\"publisher\":{\"@id\":\"https:\/\/pianissimo.it\/#organization\"},\"image\":{\"@id\":\"https:\/\/pianissimo.it\/?p=484#primaryimage\"},\"thumbnailUrl\":\"https:\/\/pianissimo.it\/wp-content\/uploads\/2019\/09\/Eva-Henger.jpeg\",\"keywords\":[\"Eva Henger\",\"Gossip\",\"Mercedes Henger\"],\"articleSection\":[\"Attualit\u00e0\"],\"inLanguage\":\"it-IT\",\"potentialAction\":[{\"@type\":\"CommentAction\",\"name\":\"Comment\",\"target\":[\"https:\/\/pianissimo.it\/?p=484#respond\"]}]},{\"@type\":\"WebPage\",\"@id\":\"https:\/\/pianissimo.it\/?p=484\",\"url\":\"https:\/\/pianissimo.it\/?p=484\",\"name\":\"Eva Henger parla di Mercedes e della relazione con Lucas - Pianissimo\",\"isPartOf\":{\"@id\":\"https:\/\/pianissimo.it\/#website\"},\"primaryImageOfPage\":{\"@id\":\"https:\/\/pianissimo.it\/?p=484#primaryimage\"},\"image\":{\"@id\":\"https:\/\/pianissimo.it\/?p=484#primaryimage\"},\"thumbnailUrl\":\"https:\/\/pianissimo.it\/wp-content\/uploads\/2019\/09\/Eva-Henger.jpeg\",\"datePublished\":\"2019-09-30T11:44:43+00:00\",\"dateModified\":\"2019-09-30T11:45:55+00:00\",\"breadcrumb\":{\"@id\":\"https:\/\/pianissimo.it\/?p=484#breadcrumb\"},\"inLanguage\":\"it-IT\",\"potentialAction\":[{\"@type\":\"ReadAction\",\"target\":[\"https:\/\/pianissimo.it\/?p=484\"]}]},{\"@type\":\"ImageObject\",\"inLanguage\":\"it-IT\",\"@id\":\"https:\/\/pianissimo.it\/?p=484#primaryimage\",\"url\":\"https:\/\/pianissimo.it\/wp-content\/uploads\/2019\/09\/Eva-Henger.jpeg\",\"contentUrl\":\"https:\/\/pianissimo.it\/wp-content\/uploads\/2019\/09\/Eva-Henger.jpeg\",\"width\":300,\"height\":168},{\"@type\":\"BreadcrumbList\",\"@id\":\"https:\/\/pianissimo.it\/?p=484#breadcrumb\",\"itemListElement\":[{\"@type\":\"ListItem\",\"position\":1,\"name\":\"Home\",\"item\":\"https:\/\/pianissimo.it\/\"},{\"@type\":\"ListItem\",\"position\":2,\"name\":\"Eva Henger parla di Mercedes e della relazione con Lucas\"}]},{\"@type\":\"WebSite\",\"@id\":\"https:\/\/pianissimo.it\/#website\",\"url\":\"https:\/\/pianissimo.it\/\",\"name\":\"Pianissimo\",\"description\":\"Magazine di attualit\u00e0 e cultura\",\"publisher\":{\"@id\":\"https:\/\/pianissimo.it\/#organization\"},\"potentialAction\":[{\"@type\":\"SearchAction\",\"target\":{\"@type\":\"EntryPoint\",\"urlTemplate\":\"https:\/\/pianissimo.it\/?s={search_term_string}\"},\"query-input\":{\"@type\":\"PropertyValueSpecification\",\"valueRequired\":true,\"valueName\":\"search_term_string\"}}],\"inLanguage\":\"it-IT\"},{\"@type\":\"Organization\",\"@id\":\"https:\/\/pianissimo.it\/#organization\",\"name\":\"Pianissimo\",\"url\":\"https:\/\/pianissimo.it\/\",\"logo\":{\"@type\":\"ImageObject\",\"inLanguage\":\"it-IT\",\"@id\":\"https:\/\/pianissimo.it\/#\/schema\/logo\/image\/\",\"url\":\"https:\/\/pianissimo.it\/wp-content\/uploads\/2017\/07\/cropped-pianissimo-new.png\",\"contentUrl\":\"https:\/\/pianissimo.it\/wp-content\/uploads\/2017\/07\/cropped-pianissimo-new.png\",\"width\":395,\"height\":80,\"caption\":\"Pianissimo\"},\"image\":{\"@id\":\"https:\/\/pianissimo.it\/#\/schema\/logo\/image\/\"}},{\"@type\":\"Person\",\"@id\":\"https:\/\/pianissimo.it\/#\/schema\/person\/bfb0b3af910409f35d95706d2f397242\",\"name\":\"Franco Carbone\",\"image\":{\"@type\":\"ImageObject\",\"inLanguage\":\"it-IT\",\"@id\":\"https:\/\/pianissimo.it\/#\/schema\/person\/image\/\",\"url\":\"https:\/\/secure.gravatar.com\/avatar\/e50f04a4e5a7fb057d23eff5550b8da642e40eb7bf3ea9e213736d357d7a5fbe?s=96&d=mm&r=g\",\"contentUrl\":\"https:\/\/secure.gravatar.com\/avatar\/e50f04a4e5a7fb057d23eff5550b8da642e40eb7bf3ea9e213736d357d7a5fbe?s=96&d=mm&r=g\",\"caption\":\"Franco Carbone\"},\"url\":\"https:\/\/pianissimo.it\/?author=4\"}]}<\/script>\n<!-- \/ Yoast SEO plugin. -->","yoast_head_json":{"title":"Eva Henger parla di Mercedes e della relazione con Lucas - Pianissimo","robots":{"index":"index","follow":"follow","max-snippet":"max-snippet:-1","max-image-preview":"max-image-preview:large","max-video-preview":"max-video-preview:-1"},"canonical":"https:\/\/pianissimo.it\/?p=484","og_locale":"it_IT","og_type":"article","og_title":"Eva Henger parla di Mercedes e della relazione con Lucas - Pianissimo","og_description":"Eva Henger, \u00e8 stata\u00a0ospite a\u00a0Domenica Live da Barbara D&#8217;Urso. Nel corso della trasmissione ha parlato a lungo del fidanzato della figlia,\u00a0Lucas. A quanto pare il rapporto \u00e8 davvero terribile e, secondo la Henger, Lucas \u00e8 una pessima figura per lei. Eva Henger sostiene che la figlia abbia una forma di dipendenda sessuale da Lucas\u00a0e arrivi [&hellip;]","og_url":"https:\/\/pianissimo.it\/?p=484","og_site_name":"Pianissimo","article_published_time":"2019-09-30T11:44:43+00:00","article_modified_time":"2019-09-30T11:45:55+00:00","og_image":[{"width":300,"height":168,"url":"https:\/\/pianissimo.it\/wp-content\/uploads\/2019\/09\/Eva-Henger.jpeg","type":"image\/jpeg"}],"author":"Franco Carbone","twitter_card":"summary_large_image","twitter_misc":{"Scritto da":"Franco Carbone","Tempo di lettura stimato":"1 minuto"},"schema":{"@context":"https:\/\/schema.org","@graph":[{"@type":"Article","@id":"https:\/\/pianissimo.it\/?p=484#article","isPartOf":{"@id":"https:\/\/pianissimo.it\/?p=484"},"author":{"name":"Franco Carbone","@id":"https:\/\/pianissimo.it\/#\/schema\/person\/bfb0b3af910409f35d95706d2f397242"},"headline":"Eva Henger parla di Mercedes e della relazione con Lucas","datePublished":"2019-09-30T11:44:43+00:00","dateModified":"2019-09-30T11:45:55+00:00","mainEntityOfPage":{"@id":"https:\/\/pianissimo.it\/?p=484"},"wordCount":309,"commentCount":0,"publisher":{"@id":"https:\/\/pianissimo.it\/#organization"},"image":{"@id":"https:\/\/pianissimo.it\/?p=484#primaryimage"},"thumbnailUrl":"https:\/\/pianissimo.it\/wp-content\/uploads\/2019\/09\/Eva-Henger.jpeg","keywords":["Eva Henger","Gossip","Mercedes Henger"],"articleSection":["Attualit\u00e0"],"inLanguage":"it-IT","potentialAction":[{"@type":"CommentAction","name":"Comment","target":["https:\/\/pianissimo.it\/?p=484#respond"]}]},{"@type":"WebPage","@id":"https:\/\/pianissimo.it\/?p=484","url":"https:\/\/pianissimo.it\/?p=484","name":"Eva Henger parla di Mercedes e della relazione con Lucas - Pianissimo","isPartOf":{"@id":"https:\/\/pianissimo.it\/#website"},"primaryImageOfPage":{"@id":"https:\/\/pianissimo.it\/?p=484#primaryimage"},"image":{"@id":"https:\/\/pianissimo.it\/?p=484#primaryimage"},"thumbnailUrl":"https:\/\/pianissimo.it\/wp-content\/uploads\/2019\/09\/Eva-Henger.jpeg","datePublished":"2019-09-30T11:44:43+00:00","dateModified":"2019-09-30T11:45:55+00:00","breadcrumb":{"@id":"https:\/\/pianissimo.it\/?p=484#breadcrumb"},"inLanguage":"it-IT","potentialAction":[{"@type":"ReadAction","target":["https:\/\/pianissimo.it\/?p=484"]}]},{"@type":"ImageObject","inLanguage":"it-IT","@id":"https:\/\/pianissimo.it\/?p=484#primaryimage","url":"https:\/\/pianissimo.it\/wp-content\/uploads\/2019\/09\/Eva-Henger.jpeg","contentUrl":"https:\/\/pianissimo.it\/wp-content\/uploads\/2019\/09\/Eva-Henger.jpeg","width":300,"height":168},{"@type":"BreadcrumbList","@id":"https:\/\/pianissimo.it\/?p=484#breadcrumb","itemListElement":[{"@type":"ListItem","position":1,"name":"Home","item":"https:\/\/pianissimo.it\/"},{"@type":"ListItem","position":2,"name":"Eva Henger parla di Mercedes e della relazione con Lucas"}]},{"@type":"WebSite","@id":"https:\/\/pianissimo.it\/#website","url":"https:\/\/pianissimo.it\/","name":"Pianissimo","description":"Magazine di attualit\u00e0 e cultura","publisher":{"@id":"https:\/\/pianissimo.it\/#organization"},"potentialAction":[{"@type":"SearchAction","target":{"@type":"EntryPoint","urlTemplate":"https:\/\/pianissimo.it\/?s={search_term_string}"},"query-input":{"@type":"PropertyValueSpecification","valueRequired":true,"valueName":"search_term_string"}}],"inLanguage":"it-IT"},{"@type":"Organization","@id":"https:\/\/pianissimo.it\/#organization","name":"Pianissimo","url":"https:\/\/pianissimo.it\/","logo":{"@type":"ImageObject","inLanguage":"it-IT","@id":"https:\/\/pianissimo.it\/#\/schema\/logo\/image\/","url":"https:\/\/pianissimo.it\/wp-content\/uploads\/2017\/07\/cropped-pianissimo-new.png","contentUrl":"https:\/\/pianissimo.it\/wp-content\/uploads\/2017\/07\/cropped-pianissimo-new.png","width":395,"height":80,"caption":"Pianissimo"},"image":{"@id":"https:\/\/pianissimo.it\/#\/schema\/logo\/image\/"}},{"@type":"Person","@id":"https:\/\/pianissimo.it\/#\/schema\/person\/bfb0b3af910409f35d95706d2f397242","name":"Franco Carbone","image":{"@type":"ImageObject","inLanguage":"it-IT","@id":"https:\/\/pianissimo.it\/#\/schema\/person\/image\/","url":"https:\/\/secure.gravatar.com\/avatar\/e50f04a4e5a7fb057d23eff5550b8da642e40eb7bf3ea9e213736d357d7a5fbe?s=96&d=mm&r=g","contentUrl":"https:\/\/secure.gravatar.com\/avatar\/e50f04a4e5a7fb057d23eff5550b8da642e40eb7bf3ea9e213736d357d7a5fbe?s=96&d=mm&r=g","caption":"Franco Carbone"},"url":"https:\/\/pianissimo.it\/?author=4"}]}},"_links":{"self":[{"href":"https:\/\/pianissimo.it\/index.php?rest_route=\/wp\/v2\/posts\/484","targetHints":{"allow":["GET"]}}],"collection":[{"href":"https:\/\/pianissimo.it\/index.php?rest_route=\/wp\/v2\/posts"}],"about":[{"href":"https:\/\/pianissimo.it\/index.php?rest_route=\/wp\/v2\/types\/post"}],"author":[{"embeddable":true,"href":"https:\/\/pianissimo.it\/index.php?rest_route=\/wp\/v2\/users\/4"}],"replies":[{"embeddable":true,"href":"https:\/\/pianissimo.it\/index.php?rest_route=%2Fwp%2Fv2%2Fcomments&post=484"}],"version-history":[{"count":2,"href":"https:\/\/pianissimo.it\/index.php?rest_route=\/wp\/v2\/posts\/484\/revisions"}],"predecessor-version":[{"id":487,"href":"https:\/\/pianissimo.it\/index.php?rest_route=\/wp\/v2\/posts\/484\/revisions\/487"}],"wp:featuredmedia":[{"embeddable":true,"href":"https:\/\/pianissimo.it\/index.php?rest_route=\/wp\/v2\/media\/485"}],"wp:attachment":[{"href":"https:\/\/pianissimo.it\/index.php?rest_route=%2Fwp%2Fv2%2Fmedia&parent=484"}],"wp:term":[{"taxonomy":"category","embeddable":true,"href":"https:\/\/pianissimo.it\/index.php?rest_route=%2Fwp%2Fv2%2Fcategories&post=484"},{"taxonomy":"post_tag","embeddable":true,"href":"https:\/\/pianissimo.it\/index.php?rest_route=%2Fwp%2Fv2%2Ftags&post=484"}],"curies":[{"name":"wp","href":"https:\/\/api.w.org\/{rel}","templated":true}]}}