{"id":467,"date":"2019-08-21T15:41:51","date_gmt":"2019-08-21T13:41:51","guid":{"rendered":"https:\/\/pianissimo.it\/?p=467"},"modified":"2019-08-21T15:41:51","modified_gmt":"2019-08-21T13:41:51","slug":"paolra-ferrari","status":"publish","type":"post","link":"https:\/\/pianissimo.it\/?p=467","title":{"rendered":"Paola Ferrari e il commento su Ilaria D&#8217;Amico e Buffon"},"content":{"rendered":"<p><strong>Paola Ferrari<\/strong>, non nasconde il suo pensiero con un commento su Ilaria D&#8217;Amico che spiazza tutti.<\/p>\n<p>Eccola che, intervistata dal settimanale <em>Chi<\/em>, commenta: &#8220;Mi piace molto, ha uno stile unico ed \u00e8 molto preparata, ha grande fascino ed\u00a0<strong>\u00e8 stata coraggiosa a fidanzarsi con Buffon<\/strong>\u00a0sapendo che questa cosa non l&#8217;avrebbe aiutata&#8221;.<\/p>\n<p>Una serie di complimenti e poi la stoccata contro Buffon.<\/p>\n<p>Poi si parla di Simona Ventura:<\/p>\n<p>&#8220;Sicuramente lei \u00e8 la pi\u00f9 brava conduttrice che ci sia per alcuni programmi, ma devo vedere come affronter\u00e0 questa sfida. Di certo sar\u00e0 divertente, ma non riesco a capire la connessione fra &#8216;Temptation Island Vip&#8217;, che ha condotto lo scorso anno, e un programma sul calcio&#8221;.<\/p>\n<p>Poi arriva il turno di\u00a0<strong>Diletta Leotta<\/strong>, vittima gi\u00e0 in passato delle sue frecciatine.<\/p>\n<p>Eccola che incalza: &#8220;Non parlo di donne che non sono giornaliste sportive, <strong>rischio di vederla a Sanremo e spero che non accada<\/strong>. La Leotta mi piace, \u00e8 brava, simpatica, divertente, ha propriet\u00e0 di linguaggio e buca il video al di l\u00e0 delle forme, ha tutte le carte in regola ma secondo me non vuole diventare la nuova Ilaria D&#8217;Amico: la svolta che ha avuto mi sembra la avvicini a Belen pi\u00f9 che a Monica Vanali o Anna Bill\u00f2&#8221;.<\/p>\n<p>Non le manda a dire la Ferrari che attacca un po&#8217; tutti dicendola come la pensa.<\/p>\n<p>Una sincerit\u00e0 ammirevole, non sempre per\u00f2 \u00e8 necessario esprimere su interviste ufficiali le proprie opinioni, soprattutto se ledono ad altri personaggi.<\/p>\n<p>Paola Ferrari comunque, questo lo sa, non resiste per\u00f2 a dire la sua nel corso di un&#8217;intervista che ha gi\u00e0 scaldato gli animi.<\/p>\n","protected":false},"excerpt":{"rendered":"<p>Paola Ferrari, non nasconde il suo pensiero con un commento su Ilaria D&#8217;Amico che spiazza tutti. Eccola che, intervistata dal settimanale Chi, commenta: &#8220;Mi piace molto, ha uno stile unico ed \u00e8 molto preparata, ha grande fascino ed\u00a0\u00e8 stata coraggiosa a fidanzarsi con Buffon\u00a0sapendo che questa cosa non l&#8217;avrebbe aiutata&#8221;. Una serie di complimenti e [&hellip;]<\/p>\n","protected":false},"author":4,"featured_media":468,"comment_status":"open","ping_status":"open","sticky":false,"template":"","format":"standard","meta":{"footnotes":""},"categories":[21],"tags":[81],"class_list":["post-467","post","type-post","status-publish","format-standard","has-post-thumbnail","hentry","category-attualita","tag-paola-ferrari"],"yoast_head":"<!-- This site is optimized with the Yoast SEO plugin v26.4 - https:\/\/yoast.com\/wordpress\/plugins\/seo\/ -->\n<title>Paola Ferrari e il commento su Ilaria D&#039;Amico e Buffon - Pianissimo<\/title>\n<meta name=\"robots\" content=\"index, follow, max-snippet:-1, max-image-preview:large, max-video-preview:-1\" \/>\n<link rel=\"canonical\" href=\"https:\/\/pianissimo.it\/?p=467\" \/>\n<meta property=\"og:locale\" content=\"it_IT\" \/>\n<meta property=\"og:type\" content=\"article\" \/>\n<meta property=\"og:title\" content=\"Paola Ferrari e il commento su Ilaria D&#039;Amico e Buffon - Pianissimo\" \/>\n<meta property=\"og:description\" content=\"Paola Ferrari, non nasconde il suo pensiero con un commento su Ilaria D&#8217;Amico che spiazza tutti. Eccola che, intervistata dal settimanale Chi, commenta: &#8220;Mi piace molto, ha uno stile unico ed \u00e8 molto preparata, ha grande fascino ed\u00a0\u00e8 stata coraggiosa a fidanzarsi con Buffon\u00a0sapendo che questa cosa non l&#8217;avrebbe aiutata&#8221;. Una serie di complimenti e [&hellip;]\" \/>\n<meta property=\"og:url\" content=\"https:\/\/pianissimo.it\/?p=467\" \/>\n<meta property=\"og:site_name\" content=\"Pianissimo\" \/>\n<meta property=\"article:published_time\" content=\"2019-08-21T13:41:51+00:00\" \/>\n<meta property=\"og:image\" content=\"https:\/\/pianissimo.it\/wp-content\/uploads\/2019\/08\/1552996681593.JPG-matteo_salvini__ruggito_sovranista_di_paola_ferrari___perche_e_il_numero_uno_.jpeg\" \/>\n\t<meta property=\"og:image:width\" content=\"610\" \/>\n\t<meta property=\"og:image:height\" content=\"452\" \/>\n\t<meta property=\"og:image:type\" content=\"image\/jpeg\" \/>\n<meta name=\"author\" content=\"Franco Carbone\" \/>\n<meta name=\"twitter:card\" content=\"summary_large_image\" \/>\n<meta name=\"twitter:label1\" content=\"Scritto da\" \/>\n\t<meta name=\"twitter:data1\" content=\"Franco Carbone\" \/>\n\t<meta name=\"twitter:label2\" content=\"Tempo di lettura stimato\" \/>\n\t<meta name=\"twitter:data2\" content=\"1 minuto\" \/>\n<script type=\"application\/ld+json\" class=\"yoast-schema-graph\">{\"@context\":\"https:\/\/schema.org\",\"@graph\":[{\"@type\":\"Article\",\"@id\":\"https:\/\/pianissimo.it\/?p=467#article\",\"isPartOf\":{\"@id\":\"https:\/\/pianissimo.it\/?p=467\"},\"author\":{\"name\":\"Franco Carbone\",\"@id\":\"https:\/\/pianissimo.it\/#\/schema\/person\/bfb0b3af910409f35d95706d2f397242\"},\"headline\":\"Paola Ferrari e il commento su Ilaria D&#8217;Amico e Buffon\",\"datePublished\":\"2019-08-21T13:41:51+00:00\",\"mainEntityOfPage\":{\"@id\":\"https:\/\/pianissimo.it\/?p=467\"},\"wordCount\":271,\"commentCount\":0,\"publisher\":{\"@id\":\"https:\/\/pianissimo.it\/#organization\"},\"image\":{\"@id\":\"https:\/\/pianissimo.it\/?p=467#primaryimage\"},\"thumbnailUrl\":\"https:\/\/pianissimo.it\/wp-content\/uploads\/2019\/08\/1552996681593.JPG-matteo_salvini__ruggito_sovranista_di_paola_ferrari___perche_e_il_numero_uno_.jpeg\",\"keywords\":[\"Paola Ferrari\"],\"articleSection\":[\"Attualit\u00e0\"],\"inLanguage\":\"it-IT\",\"potentialAction\":[{\"@type\":\"CommentAction\",\"name\":\"Comment\",\"target\":[\"https:\/\/pianissimo.it\/?p=467#respond\"]}]},{\"@type\":\"WebPage\",\"@id\":\"https:\/\/pianissimo.it\/?p=467\",\"url\":\"https:\/\/pianissimo.it\/?p=467\",\"name\":\"Paola Ferrari e il commento su Ilaria D'Amico e Buffon - Pianissimo\",\"isPartOf\":{\"@id\":\"https:\/\/pianissimo.it\/#website\"},\"primaryImageOfPage\":{\"@id\":\"https:\/\/pianissimo.it\/?p=467#primaryimage\"},\"image\":{\"@id\":\"https:\/\/pianissimo.it\/?p=467#primaryimage\"},\"thumbnailUrl\":\"https:\/\/pianissimo.it\/wp-content\/uploads\/2019\/08\/1552996681593.JPG-matteo_salvini__ruggito_sovranista_di_paola_ferrari___perche_e_il_numero_uno_.jpeg\",\"datePublished\":\"2019-08-21T13:41:51+00:00\",\"breadcrumb\":{\"@id\":\"https:\/\/pianissimo.it\/?p=467#breadcrumb\"},\"inLanguage\":\"it-IT\",\"potentialAction\":[{\"@type\":\"ReadAction\",\"target\":[\"https:\/\/pianissimo.it\/?p=467\"]}]},{\"@type\":\"ImageObject\",\"inLanguage\":\"it-IT\",\"@id\":\"https:\/\/pianissimo.it\/?p=467#primaryimage\",\"url\":\"https:\/\/pianissimo.it\/wp-content\/uploads\/2019\/08\/1552996681593.JPG-matteo_salvini__ruggito_sovranista_di_paola_ferrari___perche_e_il_numero_uno_.jpeg\",\"contentUrl\":\"https:\/\/pianissimo.it\/wp-content\/uploads\/2019\/08\/1552996681593.JPG-matteo_salvini__ruggito_sovranista_di_paola_ferrari___perche_e_il_numero_uno_.jpeg\",\"width\":610,\"height\":452},{\"@type\":\"BreadcrumbList\",\"@id\":\"https:\/\/pianissimo.it\/?p=467#breadcrumb\",\"itemListElement\":[{\"@type\":\"ListItem\",\"position\":1,\"name\":\"Home\",\"item\":\"https:\/\/pianissimo.it\/\"},{\"@type\":\"ListItem\",\"position\":2,\"name\":\"Paola Ferrari e il commento su Ilaria D&#8217;Amico e Buffon\"}]},{\"@type\":\"WebSite\",\"@id\":\"https:\/\/pianissimo.it\/#website\",\"url\":\"https:\/\/pianissimo.it\/\",\"name\":\"Pianissimo\",\"description\":\"Magazine di attualit\u00e0 e cultura\",\"publisher\":{\"@id\":\"https:\/\/pianissimo.it\/#organization\"},\"potentialAction\":[{\"@type\":\"SearchAction\",\"target\":{\"@type\":\"EntryPoint\",\"urlTemplate\":\"https:\/\/pianissimo.it\/?s={search_term_string}\"},\"query-input\":{\"@type\":\"PropertyValueSpecification\",\"valueRequired\":true,\"valueName\":\"search_term_string\"}}],\"inLanguage\":\"it-IT\"},{\"@type\":\"Organization\",\"@id\":\"https:\/\/pianissimo.it\/#organization\",\"name\":\"Pianissimo\",\"url\":\"https:\/\/pianissimo.it\/\",\"logo\":{\"@type\":\"ImageObject\",\"inLanguage\":\"it-IT\",\"@id\":\"https:\/\/pianissimo.it\/#\/schema\/logo\/image\/\",\"url\":\"https:\/\/pianissimo.it\/wp-content\/uploads\/2017\/07\/cropped-pianissimo-new.png\",\"contentUrl\":\"https:\/\/pianissimo.it\/wp-content\/uploads\/2017\/07\/cropped-pianissimo-new.png\",\"width\":395,\"height\":80,\"caption\":\"Pianissimo\"},\"image\":{\"@id\":\"https:\/\/pianissimo.it\/#\/schema\/logo\/image\/\"}},{\"@type\":\"Person\",\"@id\":\"https:\/\/pianissimo.it\/#\/schema\/person\/bfb0b3af910409f35d95706d2f397242\",\"name\":\"Franco Carbone\",\"image\":{\"@type\":\"ImageObject\",\"inLanguage\":\"it-IT\",\"@id\":\"https:\/\/pianissimo.it\/#\/schema\/person\/image\/\",\"url\":\"https:\/\/secure.gravatar.com\/avatar\/e50f04a4e5a7fb057d23eff5550b8da642e40eb7bf3ea9e213736d357d7a5fbe?s=96&d=mm&r=g\",\"contentUrl\":\"https:\/\/secure.gravatar.com\/avatar\/e50f04a4e5a7fb057d23eff5550b8da642e40eb7bf3ea9e213736d357d7a5fbe?s=96&d=mm&r=g\",\"caption\":\"Franco Carbone\"},\"url\":\"https:\/\/pianissimo.it\/?author=4\"}]}<\/script>\n<!-- \/ Yoast SEO plugin. -->","yoast_head_json":{"title":"Paola Ferrari e il commento su Ilaria D'Amico e Buffon - Pianissimo","robots":{"index":"index","follow":"follow","max-snippet":"max-snippet:-1","max-image-preview":"max-image-preview:large","max-video-preview":"max-video-preview:-1"},"canonical":"https:\/\/pianissimo.it\/?p=467","og_locale":"it_IT","og_type":"article","og_title":"Paola Ferrari e il commento su Ilaria D'Amico e Buffon - Pianissimo","og_description":"Paola Ferrari, non nasconde il suo pensiero con un commento su Ilaria D&#8217;Amico che spiazza tutti. Eccola che, intervistata dal settimanale Chi, commenta: &#8220;Mi piace molto, ha uno stile unico ed \u00e8 molto preparata, ha grande fascino ed\u00a0\u00e8 stata coraggiosa a fidanzarsi con Buffon\u00a0sapendo che questa cosa non l&#8217;avrebbe aiutata&#8221;. Una serie di complimenti e [&hellip;]","og_url":"https:\/\/pianissimo.it\/?p=467","og_site_name":"Pianissimo","article_published_time":"2019-08-21T13:41:51+00:00","og_image":[{"width":610,"height":452,"url":"https:\/\/pianissimo.it\/wp-content\/uploads\/2019\/08\/1552996681593.JPG-matteo_salvini__ruggito_sovranista_di_paola_ferrari___perche_e_il_numero_uno_.jpeg","type":"image\/jpeg"}],"author":"Franco Carbone","twitter_card":"summary_large_image","twitter_misc":{"Scritto da":"Franco Carbone","Tempo di lettura stimato":"1 minuto"},"schema":{"@context":"https:\/\/schema.org","@graph":[{"@type":"Article","@id":"https:\/\/pianissimo.it\/?p=467#article","isPartOf":{"@id":"https:\/\/pianissimo.it\/?p=467"},"author":{"name":"Franco Carbone","@id":"https:\/\/pianissimo.it\/#\/schema\/person\/bfb0b3af910409f35d95706d2f397242"},"headline":"Paola Ferrari e il commento su Ilaria D&#8217;Amico e Buffon","datePublished":"2019-08-21T13:41:51+00:00","mainEntityOfPage":{"@id":"https:\/\/pianissimo.it\/?p=467"},"wordCount":271,"commentCount":0,"publisher":{"@id":"https:\/\/pianissimo.it\/#organization"},"image":{"@id":"https:\/\/pianissimo.it\/?p=467#primaryimage"},"thumbnailUrl":"https:\/\/pianissimo.it\/wp-content\/uploads\/2019\/08\/1552996681593.JPG-matteo_salvini__ruggito_sovranista_di_paola_ferrari___perche_e_il_numero_uno_.jpeg","keywords":["Paola Ferrari"],"articleSection":["Attualit\u00e0"],"inLanguage":"it-IT","potentialAction":[{"@type":"CommentAction","name":"Comment","target":["https:\/\/pianissimo.it\/?p=467#respond"]}]},{"@type":"WebPage","@id":"https:\/\/pianissimo.it\/?p=467","url":"https:\/\/pianissimo.it\/?p=467","name":"Paola Ferrari e il commento su Ilaria D'Amico e Buffon - Pianissimo","isPartOf":{"@id":"https:\/\/pianissimo.it\/#website"},"primaryImageOfPage":{"@id":"https:\/\/pianissimo.it\/?p=467#primaryimage"},"image":{"@id":"https:\/\/pianissimo.it\/?p=467#primaryimage"},"thumbnailUrl":"https:\/\/pianissimo.it\/wp-content\/uploads\/2019\/08\/1552996681593.JPG-matteo_salvini__ruggito_sovranista_di_paola_ferrari___perche_e_il_numero_uno_.jpeg","datePublished":"2019-08-21T13:41:51+00:00","breadcrumb":{"@id":"https:\/\/pianissimo.it\/?p=467#breadcrumb"},"inLanguage":"it-IT","potentialAction":[{"@type":"ReadAction","target":["https:\/\/pianissimo.it\/?p=467"]}]},{"@type":"ImageObject","inLanguage":"it-IT","@id":"https:\/\/pianissimo.it\/?p=467#primaryimage","url":"https:\/\/pianissimo.it\/wp-content\/uploads\/2019\/08\/1552996681593.JPG-matteo_salvini__ruggito_sovranista_di_paola_ferrari___perche_e_il_numero_uno_.jpeg","contentUrl":"https:\/\/pianissimo.it\/wp-content\/uploads\/2019\/08\/1552996681593.JPG-matteo_salvini__ruggito_sovranista_di_paola_ferrari___perche_e_il_numero_uno_.jpeg","width":610,"height":452},{"@type":"BreadcrumbList","@id":"https:\/\/pianissimo.it\/?p=467#breadcrumb","itemListElement":[{"@type":"ListItem","position":1,"name":"Home","item":"https:\/\/pianissimo.it\/"},{"@type":"ListItem","position":2,"name":"Paola Ferrari e il commento su Ilaria D&#8217;Amico e Buffon"}]},{"@type":"WebSite","@id":"https:\/\/pianissimo.it\/#website","url":"https:\/\/pianissimo.it\/","name":"Pianissimo","description":"Magazine di attualit\u00e0 e cultura","publisher":{"@id":"https:\/\/pianissimo.it\/#organization"},"potentialAction":[{"@type":"SearchAction","target":{"@type":"EntryPoint","urlTemplate":"https:\/\/pianissimo.it\/?s={search_term_string}"},"query-input":{"@type":"PropertyValueSpecification","valueRequired":true,"valueName":"search_term_string"}}],"inLanguage":"it-IT"},{"@type":"Organization","@id":"https:\/\/pianissimo.it\/#organization","name":"Pianissimo","url":"https:\/\/pianissimo.it\/","logo":{"@type":"ImageObject","inLanguage":"it-IT","@id":"https:\/\/pianissimo.it\/#\/schema\/logo\/image\/","url":"https:\/\/pianissimo.it\/wp-content\/uploads\/2017\/07\/cropped-pianissimo-new.png","contentUrl":"https:\/\/pianissimo.it\/wp-content\/uploads\/2017\/07\/cropped-pianissimo-new.png","width":395,"height":80,"caption":"Pianissimo"},"image":{"@id":"https:\/\/pianissimo.it\/#\/schema\/logo\/image\/"}},{"@type":"Person","@id":"https:\/\/pianissimo.it\/#\/schema\/person\/bfb0b3af910409f35d95706d2f397242","name":"Franco Carbone","image":{"@type":"ImageObject","inLanguage":"it-IT","@id":"https:\/\/pianissimo.it\/#\/schema\/person\/image\/","url":"https:\/\/secure.gravatar.com\/avatar\/e50f04a4e5a7fb057d23eff5550b8da642e40eb7bf3ea9e213736d357d7a5fbe?s=96&d=mm&r=g","contentUrl":"https:\/\/secure.gravatar.com\/avatar\/e50f04a4e5a7fb057d23eff5550b8da642e40eb7bf3ea9e213736d357d7a5fbe?s=96&d=mm&r=g","caption":"Franco Carbone"},"url":"https:\/\/pianissimo.it\/?author=4"}]}},"_links":{"self":[{"href":"https:\/\/pianissimo.it\/index.php?rest_route=\/wp\/v2\/posts\/467","targetHints":{"allow":["GET"]}}],"collection":[{"href":"https:\/\/pianissimo.it\/index.php?rest_route=\/wp\/v2\/posts"}],"about":[{"href":"https:\/\/pianissimo.it\/index.php?rest_route=\/wp\/v2\/types\/post"}],"author":[{"embeddable":true,"href":"https:\/\/pianissimo.it\/index.php?rest_route=\/wp\/v2\/users\/4"}],"replies":[{"embeddable":true,"href":"https:\/\/pianissimo.it\/index.php?rest_route=%2Fwp%2Fv2%2Fcomments&post=467"}],"version-history":[{"count":1,"href":"https:\/\/pianissimo.it\/index.php?rest_route=\/wp\/v2\/posts\/467\/revisions"}],"predecessor-version":[{"id":469,"href":"https:\/\/pianissimo.it\/index.php?rest_route=\/wp\/v2\/posts\/467\/revisions\/469"}],"wp:featuredmedia":[{"embeddable":true,"href":"https:\/\/pianissimo.it\/index.php?rest_route=\/wp\/v2\/media\/468"}],"wp:attachment":[{"href":"https:\/\/pianissimo.it\/index.php?rest_route=%2Fwp%2Fv2%2Fmedia&parent=467"}],"wp:term":[{"taxonomy":"category","embeddable":true,"href":"https:\/\/pianissimo.it\/index.php?rest_route=%2Fwp%2Fv2%2Fcategories&post=467"},{"taxonomy":"post_tag","embeddable":true,"href":"https:\/\/pianissimo.it\/index.php?rest_route=%2Fwp%2Fv2%2Ftags&post=467"}],"curies":[{"name":"wp","href":"https:\/\/api.w.org\/{rel}","templated":true}]}}