{"id":464,"date":"2019-08-20T16:09:42","date_gmt":"2019-08-20T14:09:42","guid":{"rendered":"https:\/\/pianissimo.it\/?p=464"},"modified":"2019-08-20T16:09:42","modified_gmt":"2019-08-20T14:09:42","slug":"alba-parietti-critica-fortemente-oppini","status":"publish","type":"post","link":"https:\/\/pianissimo.it\/?p=464","title":{"rendered":"Alba Parietti critica fortemente Oppini"},"content":{"rendered":"<p>Alba Parietti non ha gradito le frasi dell&#8217;ex\u00a0Oppini che ha raccontato il modo in cui i due si sono conosciuti negli anni 80.<\/p>\n<p>Ecco le sue parole:<\/p>\n<p>&#8220;<cite>Caro Franco, ti scrivo in risposta all&#8217;intervista con Degli Antoni. Purtroppo, non \u00e8 la prima volta e non ne capisco il motivo, essendo noi in ottimi rapporti, che tu, racconti l\u2019inizio della nostra storia dicendo che arrivai a teatro, andammo a cena tu mi snobbasti, mi chiedesti di accompagnarti in albergo e io tipo grupies ti segu\u00ec\u00ec<\/cite>&#8220;.<\/p>\n<p>Secondo la parietti, la descrizione di Oppini sarebbe falsa e la descriverebbe come una donna &#8220;facile&#8221;, cosa che non ha affatto gradita e l&#8217;ha portata a criticare fortemente Oppini.<\/p>\n<p>Ecco che la Parietti \u00e8 passata alla sua versione dei fatti, specificando e rettificando il racconto che l&#8217;ha infastidita:\u00a0&#8220;<cite>Innanzi tutto conoscevo gi\u00e0 voi &#8220;Gatti&#8221;, venni a cena invitata da Jerry ed entrambi in modi diversi mi faceste la corte. Avevo 19 anni e avevo appena rifiutato di partecipare alla finale di Miss Universo scatenando le ire dell\u2019organizzazione che mi aveva eletto, perch\u00e9 non interessata a una carriera di Miss mondiale, pi\u00f9 al teatro e alle radio e tv. Ero determinata e ben consapevole di ci\u00f2 che valevo . Alla fine della cena , tu educatamente mi proponesti di accompagnarti. Girammo tutta la notte per Torino, come due ragazzini innamorati e alle 5 tra baci e risate ti lasciai sotto al tuo albergo. Mi chiamasti tutti i giorni. Mi invitasti a Sassuolo dove inizi\u00f2 la nostra storia<\/cite>&#8220;.<\/p>\n<p>Il racconto smentisce Francesco Oppini e lo richiama a una descrizione che non le piace.<\/p>\n<p>Proprio per questo Alba chiede di chiarire la situazione, anche per rispetto dei figli nati dalla coppia.<\/p>\n<p>&#8220;<cite>Per rispetto a nostro figlio, a mio padre che tu adoravi, a me trovo che anche se tutto ci\u00f2 fosse stato vero, 9 anni passati insieme, una vita di rispetto reciproco, dovrebbero indurre chiunque dall\u2019evitare simili poco verosimili ricostruzioni, perch\u00e9 ledono non solo la mia dignit\u00e0 ma anche la tua.&#8221;<\/cite><\/p>\n<p>Conclude la Parietti.<\/p>\n","protected":false},"excerpt":{"rendered":"<p>Alba Parietti non ha gradito le frasi dell&#8217;ex\u00a0Oppini che ha raccontato il modo in cui i due si sono conosciuti negli anni 80. Ecco le sue parole: &#8220;Caro Franco, ti scrivo in risposta all&#8217;intervista con Degli Antoni. Purtroppo, non \u00e8 la prima volta e non ne capisco il motivo, essendo noi in ottimi rapporti, che [&hellip;]<\/p>\n","protected":false},"author":4,"featured_media":465,"comment_status":"open","ping_status":"open","sticky":false,"template":"","format":"standard","meta":{"footnotes":""},"categories":[21],"tags":[80],"class_list":["post-464","post","type-post","status-publish","format-standard","has-post-thumbnail","hentry","category-attualita","tag-alba-parieti"],"yoast_head":"<!-- This site is optimized with the Yoast SEO plugin v26.4 - https:\/\/yoast.com\/wordpress\/plugins\/seo\/ -->\n<title>Alba Parietti critica fortemente Oppini - Pianissimo<\/title>\n<meta name=\"robots\" content=\"index, follow, max-snippet:-1, max-image-preview:large, max-video-preview:-1\" \/>\n<link rel=\"canonical\" href=\"https:\/\/pianissimo.it\/?p=464\" \/>\n<meta property=\"og:locale\" content=\"it_IT\" \/>\n<meta property=\"og:type\" content=\"article\" \/>\n<meta property=\"og:title\" content=\"Alba Parietti critica fortemente Oppini - Pianissimo\" \/>\n<meta property=\"og:description\" content=\"Alba Parietti non ha gradito le frasi dell&#8217;ex\u00a0Oppini che ha raccontato il modo in cui i due si sono conosciuti negli anni 80. Ecco le sue parole: &#8220;Caro Franco, ti scrivo in risposta all&#8217;intervista con Degli Antoni. Purtroppo, non \u00e8 la prima volta e non ne capisco il motivo, essendo noi in ottimi rapporti, che [&hellip;]\" \/>\n<meta property=\"og:url\" content=\"https:\/\/pianissimo.it\/?p=464\" \/>\n<meta property=\"og:site_name\" content=\"Pianissimo\" \/>\n<meta property=\"article:published_time\" content=\"2019-08-20T14:09:42+00:00\" \/>\n<meta property=\"og:image\" content=\"https:\/\/pianissimo.it\/wp-content\/uploads\/2019\/08\/1566222725-alba-parietti.jpg\" \/>\n\t<meta property=\"og:image:width\" content=\"665\" \/>\n\t<meta property=\"og:image:height\" content=\"221\" \/>\n\t<meta property=\"og:image:type\" content=\"image\/jpeg\" \/>\n<meta name=\"author\" content=\"Franco Carbone\" \/>\n<meta name=\"twitter:card\" content=\"summary_large_image\" \/>\n<meta name=\"twitter:label1\" content=\"Scritto da\" \/>\n\t<meta name=\"twitter:data1\" content=\"Franco Carbone\" \/>\n\t<meta name=\"twitter:label2\" content=\"Tempo di lettura stimato\" \/>\n\t<meta name=\"twitter:data2\" content=\"2 minuti\" \/>\n<script type=\"application\/ld+json\" class=\"yoast-schema-graph\">{\"@context\":\"https:\/\/schema.org\",\"@graph\":[{\"@type\":\"Article\",\"@id\":\"https:\/\/pianissimo.it\/?p=464#article\",\"isPartOf\":{\"@id\":\"https:\/\/pianissimo.it\/?p=464\"},\"author\":{\"name\":\"Franco Carbone\",\"@id\":\"https:\/\/pianissimo.it\/#\/schema\/person\/bfb0b3af910409f35d95706d2f397242\"},\"headline\":\"Alba Parietti critica fortemente Oppini\",\"datePublished\":\"2019-08-20T14:09:42+00:00\",\"mainEntityOfPage\":{\"@id\":\"https:\/\/pianissimo.it\/?p=464\"},\"wordCount\":336,\"commentCount\":0,\"publisher\":{\"@id\":\"https:\/\/pianissimo.it\/#organization\"},\"image\":{\"@id\":\"https:\/\/pianissimo.it\/?p=464#primaryimage\"},\"thumbnailUrl\":\"https:\/\/pianissimo.it\/wp-content\/uploads\/2019\/08\/1566222725-alba-parietti.jpg\",\"keywords\":[\"Alba Parieti\"],\"articleSection\":[\"Attualit\u00e0\"],\"inLanguage\":\"it-IT\",\"potentialAction\":[{\"@type\":\"CommentAction\",\"name\":\"Comment\",\"target\":[\"https:\/\/pianissimo.it\/?p=464#respond\"]}]},{\"@type\":\"WebPage\",\"@id\":\"https:\/\/pianissimo.it\/?p=464\",\"url\":\"https:\/\/pianissimo.it\/?p=464\",\"name\":\"Alba Parietti critica fortemente Oppini - Pianissimo\",\"isPartOf\":{\"@id\":\"https:\/\/pianissimo.it\/#website\"},\"primaryImageOfPage\":{\"@id\":\"https:\/\/pianissimo.it\/?p=464#primaryimage\"},\"image\":{\"@id\":\"https:\/\/pianissimo.it\/?p=464#primaryimage\"},\"thumbnailUrl\":\"https:\/\/pianissimo.it\/wp-content\/uploads\/2019\/08\/1566222725-alba-parietti.jpg\",\"datePublished\":\"2019-08-20T14:09:42+00:00\",\"breadcrumb\":{\"@id\":\"https:\/\/pianissimo.it\/?p=464#breadcrumb\"},\"inLanguage\":\"it-IT\",\"potentialAction\":[{\"@type\":\"ReadAction\",\"target\":[\"https:\/\/pianissimo.it\/?p=464\"]}]},{\"@type\":\"ImageObject\",\"inLanguage\":\"it-IT\",\"@id\":\"https:\/\/pianissimo.it\/?p=464#primaryimage\",\"url\":\"https:\/\/pianissimo.it\/wp-content\/uploads\/2019\/08\/1566222725-alba-parietti.jpg\",\"contentUrl\":\"https:\/\/pianissimo.it\/wp-content\/uploads\/2019\/08\/1566222725-alba-parietti.jpg\",\"width\":665,\"height\":221},{\"@type\":\"BreadcrumbList\",\"@id\":\"https:\/\/pianissimo.it\/?p=464#breadcrumb\",\"itemListElement\":[{\"@type\":\"ListItem\",\"position\":1,\"name\":\"Home\",\"item\":\"https:\/\/pianissimo.it\/\"},{\"@type\":\"ListItem\",\"position\":2,\"name\":\"Alba Parietti critica fortemente Oppini\"}]},{\"@type\":\"WebSite\",\"@id\":\"https:\/\/pianissimo.it\/#website\",\"url\":\"https:\/\/pianissimo.it\/\",\"name\":\"Pianissimo\",\"description\":\"Magazine di attualit\u00e0 e cultura\",\"publisher\":{\"@id\":\"https:\/\/pianissimo.it\/#organization\"},\"potentialAction\":[{\"@type\":\"SearchAction\",\"target\":{\"@type\":\"EntryPoint\",\"urlTemplate\":\"https:\/\/pianissimo.it\/?s={search_term_string}\"},\"query-input\":{\"@type\":\"PropertyValueSpecification\",\"valueRequired\":true,\"valueName\":\"search_term_string\"}}],\"inLanguage\":\"it-IT\"},{\"@type\":\"Organization\",\"@id\":\"https:\/\/pianissimo.it\/#organization\",\"name\":\"Pianissimo\",\"url\":\"https:\/\/pianissimo.it\/\",\"logo\":{\"@type\":\"ImageObject\",\"inLanguage\":\"it-IT\",\"@id\":\"https:\/\/pianissimo.it\/#\/schema\/logo\/image\/\",\"url\":\"https:\/\/pianissimo.it\/wp-content\/uploads\/2017\/07\/cropped-pianissimo-new.png\",\"contentUrl\":\"https:\/\/pianissimo.it\/wp-content\/uploads\/2017\/07\/cropped-pianissimo-new.png\",\"width\":395,\"height\":80,\"caption\":\"Pianissimo\"},\"image\":{\"@id\":\"https:\/\/pianissimo.it\/#\/schema\/logo\/image\/\"}},{\"@type\":\"Person\",\"@id\":\"https:\/\/pianissimo.it\/#\/schema\/person\/bfb0b3af910409f35d95706d2f397242\",\"name\":\"Franco Carbone\",\"image\":{\"@type\":\"ImageObject\",\"inLanguage\":\"it-IT\",\"@id\":\"https:\/\/pianissimo.it\/#\/schema\/person\/image\/\",\"url\":\"https:\/\/secure.gravatar.com\/avatar\/e50f04a4e5a7fb057d23eff5550b8da642e40eb7bf3ea9e213736d357d7a5fbe?s=96&d=mm&r=g\",\"contentUrl\":\"https:\/\/secure.gravatar.com\/avatar\/e50f04a4e5a7fb057d23eff5550b8da642e40eb7bf3ea9e213736d357d7a5fbe?s=96&d=mm&r=g\",\"caption\":\"Franco Carbone\"},\"url\":\"https:\/\/pianissimo.it\/?author=4\"}]}<\/script>\n<!-- \/ Yoast SEO plugin. -->","yoast_head_json":{"title":"Alba Parietti critica fortemente Oppini - Pianissimo","robots":{"index":"index","follow":"follow","max-snippet":"max-snippet:-1","max-image-preview":"max-image-preview:large","max-video-preview":"max-video-preview:-1"},"canonical":"https:\/\/pianissimo.it\/?p=464","og_locale":"it_IT","og_type":"article","og_title":"Alba Parietti critica fortemente Oppini - Pianissimo","og_description":"Alba Parietti non ha gradito le frasi dell&#8217;ex\u00a0Oppini che ha raccontato il modo in cui i due si sono conosciuti negli anni 80. Ecco le sue parole: &#8220;Caro Franco, ti scrivo in risposta all&#8217;intervista con Degli Antoni. Purtroppo, non \u00e8 la prima volta e non ne capisco il motivo, essendo noi in ottimi rapporti, che [&hellip;]","og_url":"https:\/\/pianissimo.it\/?p=464","og_site_name":"Pianissimo","article_published_time":"2019-08-20T14:09:42+00:00","og_image":[{"width":665,"height":221,"url":"https:\/\/pianissimo.it\/wp-content\/uploads\/2019\/08\/1566222725-alba-parietti.jpg","type":"image\/jpeg"}],"author":"Franco Carbone","twitter_card":"summary_large_image","twitter_misc":{"Scritto da":"Franco Carbone","Tempo di lettura stimato":"2 minuti"},"schema":{"@context":"https:\/\/schema.org","@graph":[{"@type":"Article","@id":"https:\/\/pianissimo.it\/?p=464#article","isPartOf":{"@id":"https:\/\/pianissimo.it\/?p=464"},"author":{"name":"Franco Carbone","@id":"https:\/\/pianissimo.it\/#\/schema\/person\/bfb0b3af910409f35d95706d2f397242"},"headline":"Alba Parietti critica fortemente Oppini","datePublished":"2019-08-20T14:09:42+00:00","mainEntityOfPage":{"@id":"https:\/\/pianissimo.it\/?p=464"},"wordCount":336,"commentCount":0,"publisher":{"@id":"https:\/\/pianissimo.it\/#organization"},"image":{"@id":"https:\/\/pianissimo.it\/?p=464#primaryimage"},"thumbnailUrl":"https:\/\/pianissimo.it\/wp-content\/uploads\/2019\/08\/1566222725-alba-parietti.jpg","keywords":["Alba Parieti"],"articleSection":["Attualit\u00e0"],"inLanguage":"it-IT","potentialAction":[{"@type":"CommentAction","name":"Comment","target":["https:\/\/pianissimo.it\/?p=464#respond"]}]},{"@type":"WebPage","@id":"https:\/\/pianissimo.it\/?p=464","url":"https:\/\/pianissimo.it\/?p=464","name":"Alba Parietti critica fortemente Oppini - Pianissimo","isPartOf":{"@id":"https:\/\/pianissimo.it\/#website"},"primaryImageOfPage":{"@id":"https:\/\/pianissimo.it\/?p=464#primaryimage"},"image":{"@id":"https:\/\/pianissimo.it\/?p=464#primaryimage"},"thumbnailUrl":"https:\/\/pianissimo.it\/wp-content\/uploads\/2019\/08\/1566222725-alba-parietti.jpg","datePublished":"2019-08-20T14:09:42+00:00","breadcrumb":{"@id":"https:\/\/pianissimo.it\/?p=464#breadcrumb"},"inLanguage":"it-IT","potentialAction":[{"@type":"ReadAction","target":["https:\/\/pianissimo.it\/?p=464"]}]},{"@type":"ImageObject","inLanguage":"it-IT","@id":"https:\/\/pianissimo.it\/?p=464#primaryimage","url":"https:\/\/pianissimo.it\/wp-content\/uploads\/2019\/08\/1566222725-alba-parietti.jpg","contentUrl":"https:\/\/pianissimo.it\/wp-content\/uploads\/2019\/08\/1566222725-alba-parietti.jpg","width":665,"height":221},{"@type":"BreadcrumbList","@id":"https:\/\/pianissimo.it\/?p=464#breadcrumb","itemListElement":[{"@type":"ListItem","position":1,"name":"Home","item":"https:\/\/pianissimo.it\/"},{"@type":"ListItem","position":2,"name":"Alba Parietti critica fortemente Oppini"}]},{"@type":"WebSite","@id":"https:\/\/pianissimo.it\/#website","url":"https:\/\/pianissimo.it\/","name":"Pianissimo","description":"Magazine di attualit\u00e0 e cultura","publisher":{"@id":"https:\/\/pianissimo.it\/#organization"},"potentialAction":[{"@type":"SearchAction","target":{"@type":"EntryPoint","urlTemplate":"https:\/\/pianissimo.it\/?s={search_term_string}"},"query-input":{"@type":"PropertyValueSpecification","valueRequired":true,"valueName":"search_term_string"}}],"inLanguage":"it-IT"},{"@type":"Organization","@id":"https:\/\/pianissimo.it\/#organization","name":"Pianissimo","url":"https:\/\/pianissimo.it\/","logo":{"@type":"ImageObject","inLanguage":"it-IT","@id":"https:\/\/pianissimo.it\/#\/schema\/logo\/image\/","url":"https:\/\/pianissimo.it\/wp-content\/uploads\/2017\/07\/cropped-pianissimo-new.png","contentUrl":"https:\/\/pianissimo.it\/wp-content\/uploads\/2017\/07\/cropped-pianissimo-new.png","width":395,"height":80,"caption":"Pianissimo"},"image":{"@id":"https:\/\/pianissimo.it\/#\/schema\/logo\/image\/"}},{"@type":"Person","@id":"https:\/\/pianissimo.it\/#\/schema\/person\/bfb0b3af910409f35d95706d2f397242","name":"Franco Carbone","image":{"@type":"ImageObject","inLanguage":"it-IT","@id":"https:\/\/pianissimo.it\/#\/schema\/person\/image\/","url":"https:\/\/secure.gravatar.com\/avatar\/e50f04a4e5a7fb057d23eff5550b8da642e40eb7bf3ea9e213736d357d7a5fbe?s=96&d=mm&r=g","contentUrl":"https:\/\/secure.gravatar.com\/avatar\/e50f04a4e5a7fb057d23eff5550b8da642e40eb7bf3ea9e213736d357d7a5fbe?s=96&d=mm&r=g","caption":"Franco Carbone"},"url":"https:\/\/pianissimo.it\/?author=4"}]}},"_links":{"self":[{"href":"https:\/\/pianissimo.it\/index.php?rest_route=\/wp\/v2\/posts\/464","targetHints":{"allow":["GET"]}}],"collection":[{"href":"https:\/\/pianissimo.it\/index.php?rest_route=\/wp\/v2\/posts"}],"about":[{"href":"https:\/\/pianissimo.it\/index.php?rest_route=\/wp\/v2\/types\/post"}],"author":[{"embeddable":true,"href":"https:\/\/pianissimo.it\/index.php?rest_route=\/wp\/v2\/users\/4"}],"replies":[{"embeddable":true,"href":"https:\/\/pianissimo.it\/index.php?rest_route=%2Fwp%2Fv2%2Fcomments&post=464"}],"version-history":[{"count":1,"href":"https:\/\/pianissimo.it\/index.php?rest_route=\/wp\/v2\/posts\/464\/revisions"}],"predecessor-version":[{"id":466,"href":"https:\/\/pianissimo.it\/index.php?rest_route=\/wp\/v2\/posts\/464\/revisions\/466"}],"wp:featuredmedia":[{"embeddable":true,"href":"https:\/\/pianissimo.it\/index.php?rest_route=\/wp\/v2\/media\/465"}],"wp:attachment":[{"href":"https:\/\/pianissimo.it\/index.php?rest_route=%2Fwp%2Fv2%2Fmedia&parent=464"}],"wp:term":[{"taxonomy":"category","embeddable":true,"href":"https:\/\/pianissimo.it\/index.php?rest_route=%2Fwp%2Fv2%2Fcategories&post=464"},{"taxonomy":"post_tag","embeddable":true,"href":"https:\/\/pianissimo.it\/index.php?rest_route=%2Fwp%2Fv2%2Ftags&post=464"}],"curies":[{"name":"wp","href":"https:\/\/api.w.org\/{rel}","templated":true}]}}