{"id":448,"date":"2019-07-28T15:42:51","date_gmt":"2019-07-28T13:42:51","guid":{"rendered":"https:\/\/pianissimo.it\/?p=448"},"modified":"2019-07-28T15:42:51","modified_gmt":"2019-07-28T13:42:51","slug":"la-casa-carta-tokyo-rio-fanno-impazzire-fan","status":"publish","type":"post","link":"https:\/\/pianissimo.it\/?p=448","title":{"rendered":"La casa di carta: Tokyo e Rio fanno impazzire i fan"},"content":{"rendered":"<p><strong>Miguel Herr\u00e1n ed Ursula Corber\u00f3,<\/strong>\u00a0Rio e Tokyo di La Casa di Carta, sembrano avere un rapporto fantastico, tanto che alcuni iniziano a supporre che tra i due ci sia del tenero.<\/p>\n<p>La coppia infatti si \u00e8 mostrata sui social in situazioni che fanno pensare pi\u00f9 a un rapporto sentimentale che a una semplice amicizia.<\/p>\n<p>Le numerose dediche che si fanno inoltre, continuano a spingere l&#8217;ipotesi di un rapporto che magari nemmeno loro sono ancora consapevoli di vivere.<\/p>\n<p>Pubblicando una foto che li ritrae abbracciati, il giovane attore ha scritto:<\/p>\n<p><em>\u201cIn questa foto si pu\u00f2 vedere chiaramente la mia relazione con \u00darsula Corber\u00f3, un\u2019amicizia molto divertente e che mi ha arricchito tanto. A te che mi hai sempre aiutato e mi hai insegnato molto pi\u00f9 di quello che io potr\u00f2 mai restituirti. Sei una compagna incredibile e una donna eccezionale. Con te riesco ad essere sempre me stesso e spero che i nostri percorsi continuino ad incrociarsi per ancora molto tempo e che potremmo continuare a fare ancora tante cose insieme proprio come Tokyo e Rio! Ti voglio bene \u00darsula!\u201d.<\/em><\/p>\n<p>Parole che potrebbero nascondere ben altro.<\/p>\n<p>Una situazione interessante che porterebbe nella realt\u00e0 la relazione tra Tokyo e Rio che ha fatto felici gli appassionati della serie tv.<\/p>\n<p>Nel frattempo la terza stagione di La Casa di Carta, sembra non convincere tutti, un vero peccato dal momento che era stata una delle serie rivelazione degli ultimi anni.<\/p>\n<p>Come sempre, ad allungare troppo il brodo, si finisce per togliergli il sapore che aveva.<\/p>\n","protected":false},"excerpt":{"rendered":"<p>Miguel Herr\u00e1n ed Ursula Corber\u00f3,\u00a0Rio e Tokyo di La Casa di Carta, sembrano avere un rapporto fantastico, tanto che alcuni iniziano a supporre che tra i due ci sia del tenero. La coppia infatti si \u00e8 mostrata sui social in situazioni che fanno pensare pi\u00f9 a un rapporto sentimentale che a una semplice amicizia. Le [&hellip;]<\/p>\n","protected":false},"author":4,"featured_media":449,"comment_status":"open","ping_status":"open","sticky":false,"template":"","format":"standard","meta":{"footnotes":""},"categories":[16],"tags":[75],"class_list":["post-448","post","type-post","status-publish","format-standard","has-post-thumbnail","hentry","category-cinema","tag-la-casa-di-carta"],"yoast_head":"<!-- This site is optimized with the Yoast SEO plugin v26.4 - https:\/\/yoast.com\/wordpress\/plugins\/seo\/ -->\n<title>La casa di carta: Tokyo e Rio fanno impazzire i fan - Pianissimo<\/title>\n<meta name=\"robots\" content=\"index, follow, max-snippet:-1, max-image-preview:large, max-video-preview:-1\" \/>\n<link rel=\"canonical\" href=\"https:\/\/pianissimo.it\/?p=448\" \/>\n<meta property=\"og:locale\" content=\"it_IT\" \/>\n<meta property=\"og:type\" content=\"article\" \/>\n<meta property=\"og:title\" content=\"La casa di carta: Tokyo e Rio fanno impazzire i fan - Pianissimo\" \/>\n<meta property=\"og:description\" content=\"Miguel Herr\u00e1n ed Ursula Corber\u00f3,\u00a0Rio e Tokyo di La Casa di Carta, sembrano avere un rapporto fantastico, tanto che alcuni iniziano a supporre che tra i due ci sia del tenero. La coppia infatti si \u00e8 mostrata sui social in situazioni che fanno pensare pi\u00f9 a un rapporto sentimentale che a una semplice amicizia. Le [&hellip;]\" \/>\n<meta property=\"og:url\" content=\"https:\/\/pianissimo.it\/?p=448\" \/>\n<meta property=\"og:site_name\" content=\"Pianissimo\" \/>\n<meta property=\"article:published_time\" content=\"2019-07-28T13:42:51+00:00\" \/>\n<meta property=\"og:image\" content=\"https:\/\/pianissimo.it\/wp-content\/uploads\/2019\/07\/Tokyo-Rio.jpeg\" \/>\n\t<meta property=\"og:image:width\" content=\"259\" \/>\n\t<meta property=\"og:image:height\" content=\"194\" \/>\n\t<meta property=\"og:image:type\" content=\"image\/jpeg\" \/>\n<meta name=\"author\" content=\"Franco Carbone\" \/>\n<meta name=\"twitter:card\" content=\"summary_large_image\" \/>\n<meta name=\"twitter:label1\" content=\"Scritto da\" \/>\n\t<meta name=\"twitter:data1\" content=\"Franco Carbone\" \/>\n\t<meta name=\"twitter:label2\" content=\"Tempo di lettura stimato\" \/>\n\t<meta name=\"twitter:data2\" content=\"1 minuto\" \/>\n<script type=\"application\/ld+json\" class=\"yoast-schema-graph\">{\"@context\":\"https:\/\/schema.org\",\"@graph\":[{\"@type\":\"Article\",\"@id\":\"https:\/\/pianissimo.it\/?p=448#article\",\"isPartOf\":{\"@id\":\"https:\/\/pianissimo.it\/?p=448\"},\"author\":{\"name\":\"Franco Carbone\",\"@id\":\"https:\/\/pianissimo.it\/#\/schema\/person\/bfb0b3af910409f35d95706d2f397242\"},\"headline\":\"La casa di carta: Tokyo e Rio fanno impazzire i fan\",\"datePublished\":\"2019-07-28T13:42:51+00:00\",\"mainEntityOfPage\":{\"@id\":\"https:\/\/pianissimo.it\/?p=448\"},\"wordCount\":264,\"commentCount\":0,\"publisher\":{\"@id\":\"https:\/\/pianissimo.it\/#organization\"},\"image\":{\"@id\":\"https:\/\/pianissimo.it\/?p=448#primaryimage\"},\"thumbnailUrl\":\"https:\/\/pianissimo.it\/wp-content\/uploads\/2019\/07\/Tokyo-Rio.jpeg\",\"keywords\":[\"La casa di Carta\"],\"articleSection\":[\"Cinema\"],\"inLanguage\":\"it-IT\",\"potentialAction\":[{\"@type\":\"CommentAction\",\"name\":\"Comment\",\"target\":[\"https:\/\/pianissimo.it\/?p=448#respond\"]}]},{\"@type\":\"WebPage\",\"@id\":\"https:\/\/pianissimo.it\/?p=448\",\"url\":\"https:\/\/pianissimo.it\/?p=448\",\"name\":\"La casa di carta: Tokyo e Rio fanno impazzire i fan - Pianissimo\",\"isPartOf\":{\"@id\":\"https:\/\/pianissimo.it\/#website\"},\"primaryImageOfPage\":{\"@id\":\"https:\/\/pianissimo.it\/?p=448#primaryimage\"},\"image\":{\"@id\":\"https:\/\/pianissimo.it\/?p=448#primaryimage\"},\"thumbnailUrl\":\"https:\/\/pianissimo.it\/wp-content\/uploads\/2019\/07\/Tokyo-Rio.jpeg\",\"datePublished\":\"2019-07-28T13:42:51+00:00\",\"breadcrumb\":{\"@id\":\"https:\/\/pianissimo.it\/?p=448#breadcrumb\"},\"inLanguage\":\"it-IT\",\"potentialAction\":[{\"@type\":\"ReadAction\",\"target\":[\"https:\/\/pianissimo.it\/?p=448\"]}]},{\"@type\":\"ImageObject\",\"inLanguage\":\"it-IT\",\"@id\":\"https:\/\/pianissimo.it\/?p=448#primaryimage\",\"url\":\"https:\/\/pianissimo.it\/wp-content\/uploads\/2019\/07\/Tokyo-Rio.jpeg\",\"contentUrl\":\"https:\/\/pianissimo.it\/wp-content\/uploads\/2019\/07\/Tokyo-Rio.jpeg\",\"width\":259,\"height\":194},{\"@type\":\"BreadcrumbList\",\"@id\":\"https:\/\/pianissimo.it\/?p=448#breadcrumb\",\"itemListElement\":[{\"@type\":\"ListItem\",\"position\":1,\"name\":\"Home\",\"item\":\"https:\/\/pianissimo.it\/\"},{\"@type\":\"ListItem\",\"position\":2,\"name\":\"La casa di carta: Tokyo e Rio fanno impazzire i fan\"}]},{\"@type\":\"WebSite\",\"@id\":\"https:\/\/pianissimo.it\/#website\",\"url\":\"https:\/\/pianissimo.it\/\",\"name\":\"Pianissimo\",\"description\":\"Magazine di attualit\u00e0 e cultura\",\"publisher\":{\"@id\":\"https:\/\/pianissimo.it\/#organization\"},\"potentialAction\":[{\"@type\":\"SearchAction\",\"target\":{\"@type\":\"EntryPoint\",\"urlTemplate\":\"https:\/\/pianissimo.it\/?s={search_term_string}\"},\"query-input\":{\"@type\":\"PropertyValueSpecification\",\"valueRequired\":true,\"valueName\":\"search_term_string\"}}],\"inLanguage\":\"it-IT\"},{\"@type\":\"Organization\",\"@id\":\"https:\/\/pianissimo.it\/#organization\",\"name\":\"Pianissimo\",\"url\":\"https:\/\/pianissimo.it\/\",\"logo\":{\"@type\":\"ImageObject\",\"inLanguage\":\"it-IT\",\"@id\":\"https:\/\/pianissimo.it\/#\/schema\/logo\/image\/\",\"url\":\"https:\/\/pianissimo.it\/wp-content\/uploads\/2017\/07\/cropped-pianissimo-new.png\",\"contentUrl\":\"https:\/\/pianissimo.it\/wp-content\/uploads\/2017\/07\/cropped-pianissimo-new.png\",\"width\":395,\"height\":80,\"caption\":\"Pianissimo\"},\"image\":{\"@id\":\"https:\/\/pianissimo.it\/#\/schema\/logo\/image\/\"}},{\"@type\":\"Person\",\"@id\":\"https:\/\/pianissimo.it\/#\/schema\/person\/bfb0b3af910409f35d95706d2f397242\",\"name\":\"Franco Carbone\",\"image\":{\"@type\":\"ImageObject\",\"inLanguage\":\"it-IT\",\"@id\":\"https:\/\/pianissimo.it\/#\/schema\/person\/image\/\",\"url\":\"https:\/\/secure.gravatar.com\/avatar\/e50f04a4e5a7fb057d23eff5550b8da642e40eb7bf3ea9e213736d357d7a5fbe?s=96&d=mm&r=g\",\"contentUrl\":\"https:\/\/secure.gravatar.com\/avatar\/e50f04a4e5a7fb057d23eff5550b8da642e40eb7bf3ea9e213736d357d7a5fbe?s=96&d=mm&r=g\",\"caption\":\"Franco Carbone\"},\"url\":\"https:\/\/pianissimo.it\/?author=4\"}]}<\/script>\n<!-- \/ Yoast SEO plugin. -->","yoast_head_json":{"title":"La casa di carta: Tokyo e Rio fanno impazzire i fan - Pianissimo","robots":{"index":"index","follow":"follow","max-snippet":"max-snippet:-1","max-image-preview":"max-image-preview:large","max-video-preview":"max-video-preview:-1"},"canonical":"https:\/\/pianissimo.it\/?p=448","og_locale":"it_IT","og_type":"article","og_title":"La casa di carta: Tokyo e Rio fanno impazzire i fan - Pianissimo","og_description":"Miguel Herr\u00e1n ed Ursula Corber\u00f3,\u00a0Rio e Tokyo di La Casa di Carta, sembrano avere un rapporto fantastico, tanto che alcuni iniziano a supporre che tra i due ci sia del tenero. La coppia infatti si \u00e8 mostrata sui social in situazioni che fanno pensare pi\u00f9 a un rapporto sentimentale che a una semplice amicizia. Le [&hellip;]","og_url":"https:\/\/pianissimo.it\/?p=448","og_site_name":"Pianissimo","article_published_time":"2019-07-28T13:42:51+00:00","og_image":[{"width":259,"height":194,"url":"https:\/\/pianissimo.it\/wp-content\/uploads\/2019\/07\/Tokyo-Rio.jpeg","type":"image\/jpeg"}],"author":"Franco Carbone","twitter_card":"summary_large_image","twitter_misc":{"Scritto da":"Franco Carbone","Tempo di lettura stimato":"1 minuto"},"schema":{"@context":"https:\/\/schema.org","@graph":[{"@type":"Article","@id":"https:\/\/pianissimo.it\/?p=448#article","isPartOf":{"@id":"https:\/\/pianissimo.it\/?p=448"},"author":{"name":"Franco Carbone","@id":"https:\/\/pianissimo.it\/#\/schema\/person\/bfb0b3af910409f35d95706d2f397242"},"headline":"La casa di carta: Tokyo e Rio fanno impazzire i fan","datePublished":"2019-07-28T13:42:51+00:00","mainEntityOfPage":{"@id":"https:\/\/pianissimo.it\/?p=448"},"wordCount":264,"commentCount":0,"publisher":{"@id":"https:\/\/pianissimo.it\/#organization"},"image":{"@id":"https:\/\/pianissimo.it\/?p=448#primaryimage"},"thumbnailUrl":"https:\/\/pianissimo.it\/wp-content\/uploads\/2019\/07\/Tokyo-Rio.jpeg","keywords":["La casa di Carta"],"articleSection":["Cinema"],"inLanguage":"it-IT","potentialAction":[{"@type":"CommentAction","name":"Comment","target":["https:\/\/pianissimo.it\/?p=448#respond"]}]},{"@type":"WebPage","@id":"https:\/\/pianissimo.it\/?p=448","url":"https:\/\/pianissimo.it\/?p=448","name":"La casa di carta: Tokyo e Rio fanno impazzire i fan - Pianissimo","isPartOf":{"@id":"https:\/\/pianissimo.it\/#website"},"primaryImageOfPage":{"@id":"https:\/\/pianissimo.it\/?p=448#primaryimage"},"image":{"@id":"https:\/\/pianissimo.it\/?p=448#primaryimage"},"thumbnailUrl":"https:\/\/pianissimo.it\/wp-content\/uploads\/2019\/07\/Tokyo-Rio.jpeg","datePublished":"2019-07-28T13:42:51+00:00","breadcrumb":{"@id":"https:\/\/pianissimo.it\/?p=448#breadcrumb"},"inLanguage":"it-IT","potentialAction":[{"@type":"ReadAction","target":["https:\/\/pianissimo.it\/?p=448"]}]},{"@type":"ImageObject","inLanguage":"it-IT","@id":"https:\/\/pianissimo.it\/?p=448#primaryimage","url":"https:\/\/pianissimo.it\/wp-content\/uploads\/2019\/07\/Tokyo-Rio.jpeg","contentUrl":"https:\/\/pianissimo.it\/wp-content\/uploads\/2019\/07\/Tokyo-Rio.jpeg","width":259,"height":194},{"@type":"BreadcrumbList","@id":"https:\/\/pianissimo.it\/?p=448#breadcrumb","itemListElement":[{"@type":"ListItem","position":1,"name":"Home","item":"https:\/\/pianissimo.it\/"},{"@type":"ListItem","position":2,"name":"La casa di carta: Tokyo e Rio fanno impazzire i fan"}]},{"@type":"WebSite","@id":"https:\/\/pianissimo.it\/#website","url":"https:\/\/pianissimo.it\/","name":"Pianissimo","description":"Magazine di attualit\u00e0 e cultura","publisher":{"@id":"https:\/\/pianissimo.it\/#organization"},"potentialAction":[{"@type":"SearchAction","target":{"@type":"EntryPoint","urlTemplate":"https:\/\/pianissimo.it\/?s={search_term_string}"},"query-input":{"@type":"PropertyValueSpecification","valueRequired":true,"valueName":"search_term_string"}}],"inLanguage":"it-IT"},{"@type":"Organization","@id":"https:\/\/pianissimo.it\/#organization","name":"Pianissimo","url":"https:\/\/pianissimo.it\/","logo":{"@type":"ImageObject","inLanguage":"it-IT","@id":"https:\/\/pianissimo.it\/#\/schema\/logo\/image\/","url":"https:\/\/pianissimo.it\/wp-content\/uploads\/2017\/07\/cropped-pianissimo-new.png","contentUrl":"https:\/\/pianissimo.it\/wp-content\/uploads\/2017\/07\/cropped-pianissimo-new.png","width":395,"height":80,"caption":"Pianissimo"},"image":{"@id":"https:\/\/pianissimo.it\/#\/schema\/logo\/image\/"}},{"@type":"Person","@id":"https:\/\/pianissimo.it\/#\/schema\/person\/bfb0b3af910409f35d95706d2f397242","name":"Franco Carbone","image":{"@type":"ImageObject","inLanguage":"it-IT","@id":"https:\/\/pianissimo.it\/#\/schema\/person\/image\/","url":"https:\/\/secure.gravatar.com\/avatar\/e50f04a4e5a7fb057d23eff5550b8da642e40eb7bf3ea9e213736d357d7a5fbe?s=96&d=mm&r=g","contentUrl":"https:\/\/secure.gravatar.com\/avatar\/e50f04a4e5a7fb057d23eff5550b8da642e40eb7bf3ea9e213736d357d7a5fbe?s=96&d=mm&r=g","caption":"Franco Carbone"},"url":"https:\/\/pianissimo.it\/?author=4"}]}},"_links":{"self":[{"href":"https:\/\/pianissimo.it\/index.php?rest_route=\/wp\/v2\/posts\/448","targetHints":{"allow":["GET"]}}],"collection":[{"href":"https:\/\/pianissimo.it\/index.php?rest_route=\/wp\/v2\/posts"}],"about":[{"href":"https:\/\/pianissimo.it\/index.php?rest_route=\/wp\/v2\/types\/post"}],"author":[{"embeddable":true,"href":"https:\/\/pianissimo.it\/index.php?rest_route=\/wp\/v2\/users\/4"}],"replies":[{"embeddable":true,"href":"https:\/\/pianissimo.it\/index.php?rest_route=%2Fwp%2Fv2%2Fcomments&post=448"}],"version-history":[{"count":1,"href":"https:\/\/pianissimo.it\/index.php?rest_route=\/wp\/v2\/posts\/448\/revisions"}],"predecessor-version":[{"id":450,"href":"https:\/\/pianissimo.it\/index.php?rest_route=\/wp\/v2\/posts\/448\/revisions\/450"}],"wp:featuredmedia":[{"embeddable":true,"href":"https:\/\/pianissimo.it\/index.php?rest_route=\/wp\/v2\/media\/449"}],"wp:attachment":[{"href":"https:\/\/pianissimo.it\/index.php?rest_route=%2Fwp%2Fv2%2Fmedia&parent=448"}],"wp:term":[{"taxonomy":"category","embeddable":true,"href":"https:\/\/pianissimo.it\/index.php?rest_route=%2Fwp%2Fv2%2Fcategories&post=448"},{"taxonomy":"post_tag","embeddable":true,"href":"https:\/\/pianissimo.it\/index.php?rest_route=%2Fwp%2Fv2%2Ftags&post=448"}],"curies":[{"name":"wp","href":"https:\/\/api.w.org\/{rel}","templated":true}]}}