{"id":381,"date":"2019-04-12T17:51:01","date_gmt":"2019-04-12T15:51:01","guid":{"rendered":"https:\/\/pianissimo.it\/?p=381"},"modified":"2019-04-12T17:51:01","modified_gmt":"2019-04-12T15:51:01","slug":"le-nuove-serie-disney-saranno-legate-ai-film-marvel","status":"publish","type":"post","link":"https:\/\/pianissimo.it\/?p=381","title":{"rendered":"Le nuove serie Disney saranno legate ai film Marvel"},"content":{"rendered":"<p>&nbsp;<\/p>\n<p>Disney ha annunciato il suo <strong>Disney+<\/strong>, servizio di streaming che sposta tutte le produzioni <strong>Fox<\/strong>, <strong>Marvel<\/strong> e <strong>Disney<\/strong> all&#8217;interno del servizio di streaming dedicato della casa di Topolino.<\/p>\n<p>In futuro le serie tv legate ai supereroi Marvel saranno quindi connesse ai film.<\/p>\n<p>In poche parole per capire al meglio le vicende e godere della celebre saga di film dell&#8217;universo Marvel sar\u00e0 necessario seguire le serie tv dedicate ai differenti personaggi.<\/p>\n<p>Un incredibile universo espanso quello che si va a creare.<\/p>\n<blockquote><p>Queste serie saranno dello stesso livello qualitativo che oramai vi aspettate dalle produzioni Marvel Studios e noi approfitteremo della libert\u00e0 offerta da Disney+ per esplorare l\u2019UCM e i nostri personaggi preferiti nel corso di pi\u00f9 episodi. Queste saranno storie nuove e storie note che continueremo a raccontare. Uno degli aspetti che troviamo pi\u00f9 eccitante \u00e8 il fatto che si tratter\u00e0 di storie importanti ambientate nell\u2019UCM con ramificazioni sia sulle serie Disney+ che sui film del grande schermo.<\/p><\/blockquote>\n<p>Al momento troviamo le seguenti serie Marvel ufficiali annunciate:<\/p>\n<ul>\n<li><em><strong>WandaVision<\/strong><\/em><\/li>\n<li><em><strong>Loki<\/strong><\/em><\/li>\n<li><em><strong>Falcon e il Soldato d\u2019Inverno<\/strong><\/em><em><br \/>\n<\/em><\/li>\n<li><em><strong>Occhio di Falco<\/strong><\/em><em><br \/>\n<\/em><\/li>\n<li><em><strong>What If?<\/strong><\/em><\/li>\n<li><em><strong>Marvel\u2019s 616<\/strong><\/em><\/li>\n<li><em><strong>Marvel\u2019s Hero Project<\/strong><\/em><\/li>\n<\/ul>\n<p>Una politica allo stesso tempo interessante quanto fastidiosa.<\/p>\n<p>I fan della saga infatti si troveranno con decine di diversi contenuti da vedere per capire al meglio le vicende dei block buster ormai annuali.<\/p>\n<p>Il rischio serio che Disney corre \u00e8 quello di dare assuefazione agli spettatori, causando flop come accaduto in precedenza con la cadenza annuale di Star Wars.<\/p>\n<p>Che per Marvel sia iniziato il declino qualitativo? Staremo a vedere quello che accadr\u00e0 nei prossimi mesi.<\/p>\n","protected":false},"excerpt":{"rendered":"<p>&nbsp; Disney ha annunciato il suo Disney+, servizio di streaming che sposta tutte le produzioni Fox, Marvel e Disney all&#8217;interno del servizio di streaming dedicato della casa di Topolino. In futuro le serie tv legate ai supereroi Marvel saranno quindi connesse ai film. In poche parole per capire al meglio le vicende e godere della [&hellip;]<\/p>\n","protected":false},"author":4,"featured_media":382,"comment_status":"open","ping_status":"open","sticky":false,"template":"","format":"standard","meta":{"footnotes":""},"categories":[16],"tags":[53],"class_list":["post-381","post","type-post","status-publish","format-standard","has-post-thumbnail","hentry","category-cinema","tag-marvel"],"yoast_head":"<!-- This site is optimized with the Yoast SEO plugin v26.4 - https:\/\/yoast.com\/wordpress\/plugins\/seo\/ -->\n<title>Le nuove serie Disney saranno legate ai film Marvel - Pianissimo<\/title>\n<meta name=\"robots\" content=\"index, follow, max-snippet:-1, max-image-preview:large, max-video-preview:-1\" \/>\n<link rel=\"canonical\" href=\"https:\/\/pianissimo.it\/?p=381\" \/>\n<meta property=\"og:locale\" content=\"it_IT\" \/>\n<meta property=\"og:type\" content=\"article\" \/>\n<meta property=\"og:title\" content=\"Le nuove serie Disney saranno legate ai film Marvel - Pianissimo\" \/>\n<meta property=\"og:description\" content=\"&nbsp; Disney ha annunciato il suo Disney+, servizio di streaming che sposta tutte le produzioni Fox, Marvel e Disney all&#8217;interno del servizio di streaming dedicato della casa di Topolino. In futuro le serie tv legate ai supereroi Marvel saranno quindi connesse ai film. In poche parole per capire al meglio le vicende e godere della [&hellip;]\" \/>\n<meta property=\"og:url\" content=\"https:\/\/pianissimo.it\/?p=381\" \/>\n<meta property=\"og:site_name\" content=\"Pianissimo\" \/>\n<meta property=\"article:published_time\" content=\"2019-04-12T15:51:01+00:00\" \/>\n<meta property=\"og:image\" content=\"https:\/\/pianissimo.it\/wp-content\/uploads\/2019\/04\/avengersinfinitywar_lob_crd_02_1.jpg\" \/>\n\t<meta property=\"og:image:width\" content=\"382\" \/>\n\t<meta property=\"og:image:height\" content=\"566\" \/>\n\t<meta property=\"og:image:type\" content=\"image\/jpeg\" \/>\n<meta name=\"author\" content=\"Franco Carbone\" \/>\n<meta name=\"twitter:card\" content=\"summary_large_image\" \/>\n<meta name=\"twitter:label1\" content=\"Scritto da\" \/>\n\t<meta name=\"twitter:data1\" content=\"Franco Carbone\" \/>\n\t<meta name=\"twitter:label2\" content=\"Tempo di lettura stimato\" \/>\n\t<meta name=\"twitter:data2\" content=\"1 minuto\" \/>\n<script type=\"application\/ld+json\" class=\"yoast-schema-graph\">{\"@context\":\"https:\/\/schema.org\",\"@graph\":[{\"@type\":\"Article\",\"@id\":\"https:\/\/pianissimo.it\/?p=381#article\",\"isPartOf\":{\"@id\":\"https:\/\/pianissimo.it\/?p=381\"},\"author\":{\"name\":\"Franco Carbone\",\"@id\":\"https:\/\/pianissimo.it\/#\/schema\/person\/bfb0b3af910409f35d95706d2f397242\"},\"headline\":\"Le nuove serie Disney saranno legate ai film Marvel\",\"datePublished\":\"2019-04-12T15:51:01+00:00\",\"mainEntityOfPage\":{\"@id\":\"https:\/\/pianissimo.it\/?p=381\"},\"wordCount\":271,\"commentCount\":0,\"publisher\":{\"@id\":\"https:\/\/pianissimo.it\/#organization\"},\"image\":{\"@id\":\"https:\/\/pianissimo.it\/?p=381#primaryimage\"},\"thumbnailUrl\":\"https:\/\/pianissimo.it\/wp-content\/uploads\/2019\/04\/avengersinfinitywar_lob_crd_02_1.jpg\",\"keywords\":[\"Marvel\"],\"articleSection\":[\"Cinema\"],\"inLanguage\":\"it-IT\",\"potentialAction\":[{\"@type\":\"CommentAction\",\"name\":\"Comment\",\"target\":[\"https:\/\/pianissimo.it\/?p=381#respond\"]}]},{\"@type\":\"WebPage\",\"@id\":\"https:\/\/pianissimo.it\/?p=381\",\"url\":\"https:\/\/pianissimo.it\/?p=381\",\"name\":\"Le nuove serie Disney saranno legate ai film Marvel - Pianissimo\",\"isPartOf\":{\"@id\":\"https:\/\/pianissimo.it\/#website\"},\"primaryImageOfPage\":{\"@id\":\"https:\/\/pianissimo.it\/?p=381#primaryimage\"},\"image\":{\"@id\":\"https:\/\/pianissimo.it\/?p=381#primaryimage\"},\"thumbnailUrl\":\"https:\/\/pianissimo.it\/wp-content\/uploads\/2019\/04\/avengersinfinitywar_lob_crd_02_1.jpg\",\"datePublished\":\"2019-04-12T15:51:01+00:00\",\"breadcrumb\":{\"@id\":\"https:\/\/pianissimo.it\/?p=381#breadcrumb\"},\"inLanguage\":\"it-IT\",\"potentialAction\":[{\"@type\":\"ReadAction\",\"target\":[\"https:\/\/pianissimo.it\/?p=381\"]}]},{\"@type\":\"ImageObject\",\"inLanguage\":\"it-IT\",\"@id\":\"https:\/\/pianissimo.it\/?p=381#primaryimage\",\"url\":\"https:\/\/pianissimo.it\/wp-content\/uploads\/2019\/04\/avengersinfinitywar_lob_crd_02_1.jpg\",\"contentUrl\":\"https:\/\/pianissimo.it\/wp-content\/uploads\/2019\/04\/avengersinfinitywar_lob_crd_02_1.jpg\",\"width\":382,\"height\":566,\"caption\":\"avengers marvel disney\"},{\"@type\":\"BreadcrumbList\",\"@id\":\"https:\/\/pianissimo.it\/?p=381#breadcrumb\",\"itemListElement\":[{\"@type\":\"ListItem\",\"position\":1,\"name\":\"Home\",\"item\":\"https:\/\/pianissimo.it\/\"},{\"@type\":\"ListItem\",\"position\":2,\"name\":\"Le nuove serie Disney saranno legate ai film Marvel\"}]},{\"@type\":\"WebSite\",\"@id\":\"https:\/\/pianissimo.it\/#website\",\"url\":\"https:\/\/pianissimo.it\/\",\"name\":\"Pianissimo\",\"description\":\"Magazine di attualit\u00e0 e cultura\",\"publisher\":{\"@id\":\"https:\/\/pianissimo.it\/#organization\"},\"potentialAction\":[{\"@type\":\"SearchAction\",\"target\":{\"@type\":\"EntryPoint\",\"urlTemplate\":\"https:\/\/pianissimo.it\/?s={search_term_string}\"},\"query-input\":{\"@type\":\"PropertyValueSpecification\",\"valueRequired\":true,\"valueName\":\"search_term_string\"}}],\"inLanguage\":\"it-IT\"},{\"@type\":\"Organization\",\"@id\":\"https:\/\/pianissimo.it\/#organization\",\"name\":\"Pianissimo\",\"url\":\"https:\/\/pianissimo.it\/\",\"logo\":{\"@type\":\"ImageObject\",\"inLanguage\":\"it-IT\",\"@id\":\"https:\/\/pianissimo.it\/#\/schema\/logo\/image\/\",\"url\":\"https:\/\/pianissimo.it\/wp-content\/uploads\/2017\/07\/cropped-pianissimo-new.png\",\"contentUrl\":\"https:\/\/pianissimo.it\/wp-content\/uploads\/2017\/07\/cropped-pianissimo-new.png\",\"width\":395,\"height\":80,\"caption\":\"Pianissimo\"},\"image\":{\"@id\":\"https:\/\/pianissimo.it\/#\/schema\/logo\/image\/\"}},{\"@type\":\"Person\",\"@id\":\"https:\/\/pianissimo.it\/#\/schema\/person\/bfb0b3af910409f35d95706d2f397242\",\"name\":\"Franco Carbone\",\"image\":{\"@type\":\"ImageObject\",\"inLanguage\":\"it-IT\",\"@id\":\"https:\/\/pianissimo.it\/#\/schema\/person\/image\/\",\"url\":\"https:\/\/secure.gravatar.com\/avatar\/e50f04a4e5a7fb057d23eff5550b8da642e40eb7bf3ea9e213736d357d7a5fbe?s=96&d=mm&r=g\",\"contentUrl\":\"https:\/\/secure.gravatar.com\/avatar\/e50f04a4e5a7fb057d23eff5550b8da642e40eb7bf3ea9e213736d357d7a5fbe?s=96&d=mm&r=g\",\"caption\":\"Franco Carbone\"},\"url\":\"https:\/\/pianissimo.it\/?author=4\"}]}<\/script>\n<!-- \/ Yoast SEO plugin. -->","yoast_head_json":{"title":"Le nuove serie Disney saranno legate ai film Marvel - Pianissimo","robots":{"index":"index","follow":"follow","max-snippet":"max-snippet:-1","max-image-preview":"max-image-preview:large","max-video-preview":"max-video-preview:-1"},"canonical":"https:\/\/pianissimo.it\/?p=381","og_locale":"it_IT","og_type":"article","og_title":"Le nuove serie Disney saranno legate ai film Marvel - Pianissimo","og_description":"&nbsp; Disney ha annunciato il suo Disney+, servizio di streaming che sposta tutte le produzioni Fox, Marvel e Disney all&#8217;interno del servizio di streaming dedicato della casa di Topolino. In futuro le serie tv legate ai supereroi Marvel saranno quindi connesse ai film. In poche parole per capire al meglio le vicende e godere della [&hellip;]","og_url":"https:\/\/pianissimo.it\/?p=381","og_site_name":"Pianissimo","article_published_time":"2019-04-12T15:51:01+00:00","og_image":[{"width":382,"height":566,"url":"https:\/\/pianissimo.it\/wp-content\/uploads\/2019\/04\/avengersinfinitywar_lob_crd_02_1.jpg","type":"image\/jpeg"}],"author":"Franco Carbone","twitter_card":"summary_large_image","twitter_misc":{"Scritto da":"Franco Carbone","Tempo di lettura stimato":"1 minuto"},"schema":{"@context":"https:\/\/schema.org","@graph":[{"@type":"Article","@id":"https:\/\/pianissimo.it\/?p=381#article","isPartOf":{"@id":"https:\/\/pianissimo.it\/?p=381"},"author":{"name":"Franco Carbone","@id":"https:\/\/pianissimo.it\/#\/schema\/person\/bfb0b3af910409f35d95706d2f397242"},"headline":"Le nuove serie Disney saranno legate ai film Marvel","datePublished":"2019-04-12T15:51:01+00:00","mainEntityOfPage":{"@id":"https:\/\/pianissimo.it\/?p=381"},"wordCount":271,"commentCount":0,"publisher":{"@id":"https:\/\/pianissimo.it\/#organization"},"image":{"@id":"https:\/\/pianissimo.it\/?p=381#primaryimage"},"thumbnailUrl":"https:\/\/pianissimo.it\/wp-content\/uploads\/2019\/04\/avengersinfinitywar_lob_crd_02_1.jpg","keywords":["Marvel"],"articleSection":["Cinema"],"inLanguage":"it-IT","potentialAction":[{"@type":"CommentAction","name":"Comment","target":["https:\/\/pianissimo.it\/?p=381#respond"]}]},{"@type":"WebPage","@id":"https:\/\/pianissimo.it\/?p=381","url":"https:\/\/pianissimo.it\/?p=381","name":"Le nuove serie Disney saranno legate ai film Marvel - Pianissimo","isPartOf":{"@id":"https:\/\/pianissimo.it\/#website"},"primaryImageOfPage":{"@id":"https:\/\/pianissimo.it\/?p=381#primaryimage"},"image":{"@id":"https:\/\/pianissimo.it\/?p=381#primaryimage"},"thumbnailUrl":"https:\/\/pianissimo.it\/wp-content\/uploads\/2019\/04\/avengersinfinitywar_lob_crd_02_1.jpg","datePublished":"2019-04-12T15:51:01+00:00","breadcrumb":{"@id":"https:\/\/pianissimo.it\/?p=381#breadcrumb"},"inLanguage":"it-IT","potentialAction":[{"@type":"ReadAction","target":["https:\/\/pianissimo.it\/?p=381"]}]},{"@type":"ImageObject","inLanguage":"it-IT","@id":"https:\/\/pianissimo.it\/?p=381#primaryimage","url":"https:\/\/pianissimo.it\/wp-content\/uploads\/2019\/04\/avengersinfinitywar_lob_crd_02_1.jpg","contentUrl":"https:\/\/pianissimo.it\/wp-content\/uploads\/2019\/04\/avengersinfinitywar_lob_crd_02_1.jpg","width":382,"height":566,"caption":"avengers marvel disney"},{"@type":"BreadcrumbList","@id":"https:\/\/pianissimo.it\/?p=381#breadcrumb","itemListElement":[{"@type":"ListItem","position":1,"name":"Home","item":"https:\/\/pianissimo.it\/"},{"@type":"ListItem","position":2,"name":"Le nuove serie Disney saranno legate ai film Marvel"}]},{"@type":"WebSite","@id":"https:\/\/pianissimo.it\/#website","url":"https:\/\/pianissimo.it\/","name":"Pianissimo","description":"Magazine di attualit\u00e0 e cultura","publisher":{"@id":"https:\/\/pianissimo.it\/#organization"},"potentialAction":[{"@type":"SearchAction","target":{"@type":"EntryPoint","urlTemplate":"https:\/\/pianissimo.it\/?s={search_term_string}"},"query-input":{"@type":"PropertyValueSpecification","valueRequired":true,"valueName":"search_term_string"}}],"inLanguage":"it-IT"},{"@type":"Organization","@id":"https:\/\/pianissimo.it\/#organization","name":"Pianissimo","url":"https:\/\/pianissimo.it\/","logo":{"@type":"ImageObject","inLanguage":"it-IT","@id":"https:\/\/pianissimo.it\/#\/schema\/logo\/image\/","url":"https:\/\/pianissimo.it\/wp-content\/uploads\/2017\/07\/cropped-pianissimo-new.png","contentUrl":"https:\/\/pianissimo.it\/wp-content\/uploads\/2017\/07\/cropped-pianissimo-new.png","width":395,"height":80,"caption":"Pianissimo"},"image":{"@id":"https:\/\/pianissimo.it\/#\/schema\/logo\/image\/"}},{"@type":"Person","@id":"https:\/\/pianissimo.it\/#\/schema\/person\/bfb0b3af910409f35d95706d2f397242","name":"Franco Carbone","image":{"@type":"ImageObject","inLanguage":"it-IT","@id":"https:\/\/pianissimo.it\/#\/schema\/person\/image\/","url":"https:\/\/secure.gravatar.com\/avatar\/e50f04a4e5a7fb057d23eff5550b8da642e40eb7bf3ea9e213736d357d7a5fbe?s=96&d=mm&r=g","contentUrl":"https:\/\/secure.gravatar.com\/avatar\/e50f04a4e5a7fb057d23eff5550b8da642e40eb7bf3ea9e213736d357d7a5fbe?s=96&d=mm&r=g","caption":"Franco Carbone"},"url":"https:\/\/pianissimo.it\/?author=4"}]}},"_links":{"self":[{"href":"https:\/\/pianissimo.it\/index.php?rest_route=\/wp\/v2\/posts\/381","targetHints":{"allow":["GET"]}}],"collection":[{"href":"https:\/\/pianissimo.it\/index.php?rest_route=\/wp\/v2\/posts"}],"about":[{"href":"https:\/\/pianissimo.it\/index.php?rest_route=\/wp\/v2\/types\/post"}],"author":[{"embeddable":true,"href":"https:\/\/pianissimo.it\/index.php?rest_route=\/wp\/v2\/users\/4"}],"replies":[{"embeddable":true,"href":"https:\/\/pianissimo.it\/index.php?rest_route=%2Fwp%2Fv2%2Fcomments&post=381"}],"version-history":[{"count":1,"href":"https:\/\/pianissimo.it\/index.php?rest_route=\/wp\/v2\/posts\/381\/revisions"}],"predecessor-version":[{"id":383,"href":"https:\/\/pianissimo.it\/index.php?rest_route=\/wp\/v2\/posts\/381\/revisions\/383"}],"wp:featuredmedia":[{"embeddable":true,"href":"https:\/\/pianissimo.it\/index.php?rest_route=\/wp\/v2\/media\/382"}],"wp:attachment":[{"href":"https:\/\/pianissimo.it\/index.php?rest_route=%2Fwp%2Fv2%2Fmedia&parent=381"}],"wp:term":[{"taxonomy":"category","embeddable":true,"href":"https:\/\/pianissimo.it\/index.php?rest_route=%2Fwp%2Fv2%2Fcategories&post=381"},{"taxonomy":"post_tag","embeddable":true,"href":"https:\/\/pianissimo.it\/index.php?rest_route=%2Fwp%2Fv2%2Ftags&post=381"}],"curies":[{"name":"wp","href":"https:\/\/api.w.org\/{rel}","templated":true}]}}