{"id":373,"date":"2019-03-24T15:15:44","date_gmt":"2019-03-24T14:15:44","guid":{"rendered":"https:\/\/pianissimo.it\/?p=373"},"modified":"2019-03-24T15:26:20","modified_gmt":"2019-03-24T14:26:20","slug":"martina-colombari-la-frase-shock-odiato-la-mia-bellezza","status":"publish","type":"post","link":"https:\/\/pianissimo.it\/?p=373","title":{"rendered":"Martina Colombari e la frase shock: &#8220;ho odiato la mia bellezza&#8221;"},"content":{"rendered":"<p>La frase shock di <strong>Martina Colombari<\/strong> sta facendo il giro del web e dei social.<\/p>\n<p>In una recente intervista su Oggi, la Colombari ha infatti mostrato un lato oscuro nella bellezza.<\/p>\n<p>Un elemento che l&#8217;ha portata a soffrire, a non piacersi e dubitare delle sue qualit\u00e0.<\/p>\n<p>&#8220;La bellezza \u00e8 arrivata prima di me, tanto pi\u00f9 perch\u00e9 sono nata con un concorso di bellezza, Miss Italia, ma a un certo punto l&#8217;ho come odiata e ho cercato di metterla in un angolo, di mortificarla. Quando incontravo qualcuno mi accorgevo che ero solo guardata, e mai ascoltata. Una vera frustrazione&#8221;.<\/p>\n<p>La Colombrari venne infatti inserita a soli 16 anni, nella lista delle modelle pi\u00f9 belle del mondo.<\/p>\n<p>&#8220;Per superare questo momento di crisi &#8211; spiega la Colombari &#8211; ho cominciato a lavorare su me stessa, a studiare, a fare un percorso di crescita che mi ha fatto tornare ad amarmi&#8221;.<\/p>\n<p>Oggi, l&#8217;ex modella e attrice cinematografica ha scelto il teatro per rilanciarsi e affrontare una nuova sfida: &#8220;Sono molto emozionata. \u00c8 la mia prima volta al teatro dove sar\u00f2 tra poco con Corrado Tedeschi per preparare &#8216;Montagne russe&#8217;, pi\u00e8ce di <strong>Eric Assous<\/strong> in cui interpreto ben quattro donne e che debutter\u00e0 in autunno&#8221;.<\/p>\n<p>Nell&#8217;era dei social e del continuo mostrarsi, la Colombari mostra come non sia tutta rose e fiori la vita delle donne pi\u00f9 belle del mondo.<\/p>\n<p>Una situazione che probabilmente condividono molte bellezze come lei, personaggi che necessitano di far vedere quanto valgono per non finire celate dal loro stesso aspetto fisico.<\/p>\n","protected":false},"excerpt":{"rendered":"<p>La frase shock di Martina Colombari sta facendo il giro del web e dei social. In una recente intervista su Oggi, la Colombari ha infatti mostrato un lato oscuro nella bellezza. Un elemento che l&#8217;ha portata a soffrire, a non piacersi e dubitare delle sue qualit\u00e0. &#8220;La bellezza \u00e8 arrivata prima di me, tanto pi\u00f9 [&hellip;]<\/p>\n","protected":false},"author":4,"featured_media":375,"comment_status":"open","ping_status":"open","sticky":false,"template":"","format":"standard","meta":{"footnotes":""},"categories":[21,16],"tags":[51],"class_list":["post-373","post","type-post","status-publish","format-standard","has-post-thumbnail","hentry","category-attualita","category-cinema","tag-martina-colombari"],"yoast_head":"<!-- This site is optimized with the Yoast SEO plugin v26.4 - https:\/\/yoast.com\/wordpress\/plugins\/seo\/ -->\n<title>Martina Colombari e la frase shock: &quot;ho odiato la mia bellezza&quot; - Pianissimo<\/title>\n<meta name=\"robots\" content=\"index, follow, max-snippet:-1, max-image-preview:large, max-video-preview:-1\" \/>\n<link rel=\"canonical\" href=\"https:\/\/pianissimo.it\/?p=373\" \/>\n<meta property=\"og:locale\" content=\"it_IT\" \/>\n<meta property=\"og:type\" content=\"article\" \/>\n<meta property=\"og:title\" content=\"Martina Colombari e la frase shock: &quot;ho odiato la mia bellezza&quot; - Pianissimo\" \/>\n<meta property=\"og:description\" content=\"La frase shock di Martina Colombari sta facendo il giro del web e dei social. In una recente intervista su Oggi, la Colombari ha infatti mostrato un lato oscuro nella bellezza. Un elemento che l&#8217;ha portata a soffrire, a non piacersi e dubitare delle sue qualit\u00e0. &#8220;La bellezza \u00e8 arrivata prima di me, tanto pi\u00f9 [&hellip;]\" \/>\n<meta property=\"og:url\" content=\"https:\/\/pianissimo.it\/?p=373\" \/>\n<meta property=\"og:site_name\" content=\"Pianissimo\" \/>\n<meta property=\"article:published_time\" content=\"2019-03-24T14:15:44+00:00\" \/>\n<meta property=\"article:modified_time\" content=\"2019-03-24T14:26:20+00:00\" \/>\n<meta property=\"og:image\" content=\"https:\/\/pianissimo.it\/wp-content\/uploads\/2019\/03\/autoscatto-martina-colombari-270664.jpg\" \/>\n\t<meta property=\"og:image:width\" content=\"500\" \/>\n\t<meta property=\"og:image:height\" content=\"375\" \/>\n\t<meta property=\"og:image:type\" content=\"image\/jpeg\" \/>\n<meta name=\"author\" content=\"Franco Carbone\" \/>\n<meta name=\"twitter:card\" content=\"summary_large_image\" \/>\n<meta name=\"twitter:label1\" content=\"Scritto da\" \/>\n\t<meta name=\"twitter:data1\" content=\"Franco Carbone\" \/>\n\t<meta name=\"twitter:label2\" content=\"Tempo di lettura stimato\" \/>\n\t<meta name=\"twitter:data2\" content=\"1 minuto\" \/>\n<script type=\"application\/ld+json\" class=\"yoast-schema-graph\">{\"@context\":\"https:\/\/schema.org\",\"@graph\":[{\"@type\":\"Article\",\"@id\":\"https:\/\/pianissimo.it\/?p=373#article\",\"isPartOf\":{\"@id\":\"https:\/\/pianissimo.it\/?p=373\"},\"author\":{\"name\":\"Franco Carbone\",\"@id\":\"https:\/\/pianissimo.it\/#\/schema\/person\/bfb0b3af910409f35d95706d2f397242\"},\"headline\":\"Martina Colombari e la frase shock: &#8220;ho odiato la mia bellezza&#8221;\",\"datePublished\":\"2019-03-24T14:15:44+00:00\",\"dateModified\":\"2019-03-24T14:26:20+00:00\",\"mainEntityOfPage\":{\"@id\":\"https:\/\/pianissimo.it\/?p=373\"},\"wordCount\":261,\"commentCount\":0,\"publisher\":{\"@id\":\"https:\/\/pianissimo.it\/#organization\"},\"image\":{\"@id\":\"https:\/\/pianissimo.it\/?p=373#primaryimage\"},\"thumbnailUrl\":\"https:\/\/pianissimo.it\/wp-content\/uploads\/2019\/03\/autoscatto-martina-colombari-270664.jpg\",\"keywords\":[\"Martina Colombari\"],\"articleSection\":[\"Attualit\u00e0\",\"Cinema\"],\"inLanguage\":\"it-IT\",\"potentialAction\":[{\"@type\":\"CommentAction\",\"name\":\"Comment\",\"target\":[\"https:\/\/pianissimo.it\/?p=373#respond\"]}]},{\"@type\":\"WebPage\",\"@id\":\"https:\/\/pianissimo.it\/?p=373\",\"url\":\"https:\/\/pianissimo.it\/?p=373\",\"name\":\"Martina Colombari e la frase shock: \\\"ho odiato la mia bellezza\\\" - Pianissimo\",\"isPartOf\":{\"@id\":\"https:\/\/pianissimo.it\/#website\"},\"primaryImageOfPage\":{\"@id\":\"https:\/\/pianissimo.it\/?p=373#primaryimage\"},\"image\":{\"@id\":\"https:\/\/pianissimo.it\/?p=373#primaryimage\"},\"thumbnailUrl\":\"https:\/\/pianissimo.it\/wp-content\/uploads\/2019\/03\/autoscatto-martina-colombari-270664.jpg\",\"datePublished\":\"2019-03-24T14:15:44+00:00\",\"dateModified\":\"2019-03-24T14:26:20+00:00\",\"breadcrumb\":{\"@id\":\"https:\/\/pianissimo.it\/?p=373#breadcrumb\"},\"inLanguage\":\"it-IT\",\"potentialAction\":[{\"@type\":\"ReadAction\",\"target\":[\"https:\/\/pianissimo.it\/?p=373\"]}]},{\"@type\":\"ImageObject\",\"inLanguage\":\"it-IT\",\"@id\":\"https:\/\/pianissimo.it\/?p=373#primaryimage\",\"url\":\"https:\/\/pianissimo.it\/wp-content\/uploads\/2019\/03\/autoscatto-martina-colombari-270664.jpg\",\"contentUrl\":\"https:\/\/pianissimo.it\/wp-content\/uploads\/2019\/03\/autoscatto-martina-colombari-270664.jpg\",\"width\":500,\"height\":375,\"caption\":\"martina colombari sexy\"},{\"@type\":\"BreadcrumbList\",\"@id\":\"https:\/\/pianissimo.it\/?p=373#breadcrumb\",\"itemListElement\":[{\"@type\":\"ListItem\",\"position\":1,\"name\":\"Home\",\"item\":\"https:\/\/pianissimo.it\/\"},{\"@type\":\"ListItem\",\"position\":2,\"name\":\"Martina Colombari e la frase shock: &#8220;ho odiato la mia bellezza&#8221;\"}]},{\"@type\":\"WebSite\",\"@id\":\"https:\/\/pianissimo.it\/#website\",\"url\":\"https:\/\/pianissimo.it\/\",\"name\":\"Pianissimo\",\"description\":\"Magazine di attualit\u00e0 e cultura\",\"publisher\":{\"@id\":\"https:\/\/pianissimo.it\/#organization\"},\"potentialAction\":[{\"@type\":\"SearchAction\",\"target\":{\"@type\":\"EntryPoint\",\"urlTemplate\":\"https:\/\/pianissimo.it\/?s={search_term_string}\"},\"query-input\":{\"@type\":\"PropertyValueSpecification\",\"valueRequired\":true,\"valueName\":\"search_term_string\"}}],\"inLanguage\":\"it-IT\"},{\"@type\":\"Organization\",\"@id\":\"https:\/\/pianissimo.it\/#organization\",\"name\":\"Pianissimo\",\"url\":\"https:\/\/pianissimo.it\/\",\"logo\":{\"@type\":\"ImageObject\",\"inLanguage\":\"it-IT\",\"@id\":\"https:\/\/pianissimo.it\/#\/schema\/logo\/image\/\",\"url\":\"https:\/\/pianissimo.it\/wp-content\/uploads\/2017\/07\/cropped-pianissimo-new.png\",\"contentUrl\":\"https:\/\/pianissimo.it\/wp-content\/uploads\/2017\/07\/cropped-pianissimo-new.png\",\"width\":395,\"height\":80,\"caption\":\"Pianissimo\"},\"image\":{\"@id\":\"https:\/\/pianissimo.it\/#\/schema\/logo\/image\/\"}},{\"@type\":\"Person\",\"@id\":\"https:\/\/pianissimo.it\/#\/schema\/person\/bfb0b3af910409f35d95706d2f397242\",\"name\":\"Franco Carbone\",\"image\":{\"@type\":\"ImageObject\",\"inLanguage\":\"it-IT\",\"@id\":\"https:\/\/pianissimo.it\/#\/schema\/person\/image\/\",\"url\":\"https:\/\/secure.gravatar.com\/avatar\/e50f04a4e5a7fb057d23eff5550b8da642e40eb7bf3ea9e213736d357d7a5fbe?s=96&d=mm&r=g\",\"contentUrl\":\"https:\/\/secure.gravatar.com\/avatar\/e50f04a4e5a7fb057d23eff5550b8da642e40eb7bf3ea9e213736d357d7a5fbe?s=96&d=mm&r=g\",\"caption\":\"Franco Carbone\"},\"url\":\"https:\/\/pianissimo.it\/?author=4\"}]}<\/script>\n<!-- \/ Yoast SEO plugin. -->","yoast_head_json":{"title":"Martina Colombari e la frase shock: \"ho odiato la mia bellezza\" - Pianissimo","robots":{"index":"index","follow":"follow","max-snippet":"max-snippet:-1","max-image-preview":"max-image-preview:large","max-video-preview":"max-video-preview:-1"},"canonical":"https:\/\/pianissimo.it\/?p=373","og_locale":"it_IT","og_type":"article","og_title":"Martina Colombari e la frase shock: \"ho odiato la mia bellezza\" - Pianissimo","og_description":"La frase shock di Martina Colombari sta facendo il giro del web e dei social. In una recente intervista su Oggi, la Colombari ha infatti mostrato un lato oscuro nella bellezza. Un elemento che l&#8217;ha portata a soffrire, a non piacersi e dubitare delle sue qualit\u00e0. &#8220;La bellezza \u00e8 arrivata prima di me, tanto pi\u00f9 [&hellip;]","og_url":"https:\/\/pianissimo.it\/?p=373","og_site_name":"Pianissimo","article_published_time":"2019-03-24T14:15:44+00:00","article_modified_time":"2019-03-24T14:26:20+00:00","og_image":[{"width":500,"height":375,"url":"https:\/\/pianissimo.it\/wp-content\/uploads\/2019\/03\/autoscatto-martina-colombari-270664.jpg","type":"image\/jpeg"}],"author":"Franco Carbone","twitter_card":"summary_large_image","twitter_misc":{"Scritto da":"Franco Carbone","Tempo di lettura stimato":"1 minuto"},"schema":{"@context":"https:\/\/schema.org","@graph":[{"@type":"Article","@id":"https:\/\/pianissimo.it\/?p=373#article","isPartOf":{"@id":"https:\/\/pianissimo.it\/?p=373"},"author":{"name":"Franco Carbone","@id":"https:\/\/pianissimo.it\/#\/schema\/person\/bfb0b3af910409f35d95706d2f397242"},"headline":"Martina Colombari e la frase shock: &#8220;ho odiato la mia bellezza&#8221;","datePublished":"2019-03-24T14:15:44+00:00","dateModified":"2019-03-24T14:26:20+00:00","mainEntityOfPage":{"@id":"https:\/\/pianissimo.it\/?p=373"},"wordCount":261,"commentCount":0,"publisher":{"@id":"https:\/\/pianissimo.it\/#organization"},"image":{"@id":"https:\/\/pianissimo.it\/?p=373#primaryimage"},"thumbnailUrl":"https:\/\/pianissimo.it\/wp-content\/uploads\/2019\/03\/autoscatto-martina-colombari-270664.jpg","keywords":["Martina Colombari"],"articleSection":["Attualit\u00e0","Cinema"],"inLanguage":"it-IT","potentialAction":[{"@type":"CommentAction","name":"Comment","target":["https:\/\/pianissimo.it\/?p=373#respond"]}]},{"@type":"WebPage","@id":"https:\/\/pianissimo.it\/?p=373","url":"https:\/\/pianissimo.it\/?p=373","name":"Martina Colombari e la frase shock: \"ho odiato la mia bellezza\" - Pianissimo","isPartOf":{"@id":"https:\/\/pianissimo.it\/#website"},"primaryImageOfPage":{"@id":"https:\/\/pianissimo.it\/?p=373#primaryimage"},"image":{"@id":"https:\/\/pianissimo.it\/?p=373#primaryimage"},"thumbnailUrl":"https:\/\/pianissimo.it\/wp-content\/uploads\/2019\/03\/autoscatto-martina-colombari-270664.jpg","datePublished":"2019-03-24T14:15:44+00:00","dateModified":"2019-03-24T14:26:20+00:00","breadcrumb":{"@id":"https:\/\/pianissimo.it\/?p=373#breadcrumb"},"inLanguage":"it-IT","potentialAction":[{"@type":"ReadAction","target":["https:\/\/pianissimo.it\/?p=373"]}]},{"@type":"ImageObject","inLanguage":"it-IT","@id":"https:\/\/pianissimo.it\/?p=373#primaryimage","url":"https:\/\/pianissimo.it\/wp-content\/uploads\/2019\/03\/autoscatto-martina-colombari-270664.jpg","contentUrl":"https:\/\/pianissimo.it\/wp-content\/uploads\/2019\/03\/autoscatto-martina-colombari-270664.jpg","width":500,"height":375,"caption":"martina colombari sexy"},{"@type":"BreadcrumbList","@id":"https:\/\/pianissimo.it\/?p=373#breadcrumb","itemListElement":[{"@type":"ListItem","position":1,"name":"Home","item":"https:\/\/pianissimo.it\/"},{"@type":"ListItem","position":2,"name":"Martina Colombari e la frase shock: &#8220;ho odiato la mia bellezza&#8221;"}]},{"@type":"WebSite","@id":"https:\/\/pianissimo.it\/#website","url":"https:\/\/pianissimo.it\/","name":"Pianissimo","description":"Magazine di attualit\u00e0 e cultura","publisher":{"@id":"https:\/\/pianissimo.it\/#organization"},"potentialAction":[{"@type":"SearchAction","target":{"@type":"EntryPoint","urlTemplate":"https:\/\/pianissimo.it\/?s={search_term_string}"},"query-input":{"@type":"PropertyValueSpecification","valueRequired":true,"valueName":"search_term_string"}}],"inLanguage":"it-IT"},{"@type":"Organization","@id":"https:\/\/pianissimo.it\/#organization","name":"Pianissimo","url":"https:\/\/pianissimo.it\/","logo":{"@type":"ImageObject","inLanguage":"it-IT","@id":"https:\/\/pianissimo.it\/#\/schema\/logo\/image\/","url":"https:\/\/pianissimo.it\/wp-content\/uploads\/2017\/07\/cropped-pianissimo-new.png","contentUrl":"https:\/\/pianissimo.it\/wp-content\/uploads\/2017\/07\/cropped-pianissimo-new.png","width":395,"height":80,"caption":"Pianissimo"},"image":{"@id":"https:\/\/pianissimo.it\/#\/schema\/logo\/image\/"}},{"@type":"Person","@id":"https:\/\/pianissimo.it\/#\/schema\/person\/bfb0b3af910409f35d95706d2f397242","name":"Franco Carbone","image":{"@type":"ImageObject","inLanguage":"it-IT","@id":"https:\/\/pianissimo.it\/#\/schema\/person\/image\/","url":"https:\/\/secure.gravatar.com\/avatar\/e50f04a4e5a7fb057d23eff5550b8da642e40eb7bf3ea9e213736d357d7a5fbe?s=96&d=mm&r=g","contentUrl":"https:\/\/secure.gravatar.com\/avatar\/e50f04a4e5a7fb057d23eff5550b8da642e40eb7bf3ea9e213736d357d7a5fbe?s=96&d=mm&r=g","caption":"Franco Carbone"},"url":"https:\/\/pianissimo.it\/?author=4"}]}},"_links":{"self":[{"href":"https:\/\/pianissimo.it\/index.php?rest_route=\/wp\/v2\/posts\/373","targetHints":{"allow":["GET"]}}],"collection":[{"href":"https:\/\/pianissimo.it\/index.php?rest_route=\/wp\/v2\/posts"}],"about":[{"href":"https:\/\/pianissimo.it\/index.php?rest_route=\/wp\/v2\/types\/post"}],"author":[{"embeddable":true,"href":"https:\/\/pianissimo.it\/index.php?rest_route=\/wp\/v2\/users\/4"}],"replies":[{"embeddable":true,"href":"https:\/\/pianissimo.it\/index.php?rest_route=%2Fwp%2Fv2%2Fcomments&post=373"}],"version-history":[{"count":1,"href":"https:\/\/pianissimo.it\/index.php?rest_route=\/wp\/v2\/posts\/373\/revisions"}],"predecessor-version":[{"id":374,"href":"https:\/\/pianissimo.it\/index.php?rest_route=\/wp\/v2\/posts\/373\/revisions\/374"}],"wp:featuredmedia":[{"embeddable":true,"href":"https:\/\/pianissimo.it\/index.php?rest_route=\/wp\/v2\/media\/375"}],"wp:attachment":[{"href":"https:\/\/pianissimo.it\/index.php?rest_route=%2Fwp%2Fv2%2Fmedia&parent=373"}],"wp:term":[{"taxonomy":"category","embeddable":true,"href":"https:\/\/pianissimo.it\/index.php?rest_route=%2Fwp%2Fv2%2Fcategories&post=373"},{"taxonomy":"post_tag","embeddable":true,"href":"https:\/\/pianissimo.it\/index.php?rest_route=%2Fwp%2Fv2%2Ftags&post=373"}],"curies":[{"name":"wp","href":"https:\/\/api.w.org\/{rel}","templated":true}]}}