{"id":311,"date":"2017-09-21T13:31:35","date_gmt":"2017-09-21T11:31:35","guid":{"rendered":"https:\/\/pianissimo.it\/?p=311"},"modified":"2017-09-21T13:31:35","modified_gmt":"2017-09-21T11:31:35","slug":"eugenio-bennato-disco-sud-sud","status":"publish","type":"post","link":"https:\/\/pianissimo.it\/?p=311","title":{"rendered":"Eugenio Bennato e il nuovo disco: &#8220;Da che sud \u00e8 sud&#8221;"},"content":{"rendered":"<p>Il cantautore napoletano Eugenio Bennato, uno dei massimi rappresentanti della musica popolare ed etnica, oggi continua la sua attivit\u00e0 di compositore e torna nei teatri d\u2019Italia con un nuovo disco di inediti, intitolato &#8220;Da che sud \u00e8 sud&#8221;. Il nuovo lavoro era stato anticipato dal singolo &#8220;Eugenia e Hajar\u201d, uscito lo scorso maggio: il brano vanta anche la collaborazione di Gino Magurno, una collaborazione la loro che dura da anni, scrivendo insieme diversi testi. In questo brano, intitolato &#8220;Eugenia e Hajar\u201d, sono presenti anche le voci della figlia di tredici anni dello stesso Bennato e di una sua amica, Hajiar, appunto.<\/p>\n<p>&#8220;Da che sud \u00e8 sud&#8221; verr\u00e0 presentato al pubblico il prossimo 20 Ottobre, e raccoglie dodici brani inediti, che trasmettono, come in un diario, il lungo viaggio compiuto dal suo autore, che racconta, proprio come si fa con un pubblico di lettori, le tradizioni dei popoli, partendo dall&#8217;America del Sud fino all&#8217;Africa, dal Mediterraneo delle barriere alle leggende dell\u2019Oriente.<\/p>\n<p>La voce di Bennato, come in passato, viene sempre accompagnata da voci che cantano in francese, inglese, spagnolo, brasiliano, e arabo, facendo risuonare la forza ritmica e l\u2019energia proveniente dalle popolazioni conosciute e amate nei suoi viaggi oltre le barriere.<\/p>\n<p>Il nuovo disco di Eugenio Bennato sar\u00e0 portato in giro per l\u2019Italia e presentato al suo pubblico attraverso un tour teatrale il prossimo 25 novembre. Inoltre, il tour per promuovere il nuovo disco &#8220;Da che sud \u00e8 sud&#8221;, sar\u00e0 prodotto e organizzato da MusicShow International. Alcune date sono gi\u00e0 state confermate, ma sicuramente verranno aggiunti altri appuntamenti. Qui sotto vi mostriamo le date e i teatri confermati:<\/p>\n<p>25 Novembre MILANO all\u2019Auditorium di Milano Fondazione Cariplo;<\/p>\n<p>4 Dicembre NAPOLI al Teatro Diana;<\/p>\n<p>15 Dicembre BARI al Teatro Palazzo;<\/p>\n<p>1 Febbraio FIRENZE al Teatro Puccini;<\/p>\n<p>2 Febbraio ROMA all\u2019 Auditorium Parco della Musica;<\/p>\n<p>6 Aprile al Teatro Ariston di Sanremo.<\/p>\n","protected":false},"excerpt":{"rendered":"<p>Il cantautore napoletano Eugenio Bennato, uno dei massimi rappresentanti della musica popolare ed etnica, oggi continua la sua attivit\u00e0 di compositore e torna nei teatri d\u2019Italia con un nuovo disco di inediti, intitolato &#8220;Da che sud \u00e8 sud&#8221;. Il nuovo lavoro era stato anticipato dal singolo &#8220;Eugenia e Hajar\u201d, uscito lo scorso maggio: il brano [&hellip;]<\/p>\n","protected":false},"author":2,"featured_media":312,"comment_status":"open","ping_status":"open","sticky":false,"template":"","format":"standard","meta":{"footnotes":""},"categories":[18],"tags":[31],"class_list":["post-311","post","type-post","status-publish","format-standard","has-post-thumbnail","hentry","category-musica","tag-eugenio-bennato-e-il-nuovo-disco"],"yoast_head":"<!-- This site is optimized with the Yoast SEO plugin v26.4 - https:\/\/yoast.com\/wordpress\/plugins\/seo\/ -->\n<title>Eugenio Bennato e il nuovo disco: &quot;Da che sud \u00e8 sud&quot; - Pianissimo<\/title>\n<meta name=\"robots\" content=\"index, follow, max-snippet:-1, max-image-preview:large, max-video-preview:-1\" \/>\n<link rel=\"canonical\" href=\"https:\/\/pianissimo.it\/?p=311\" \/>\n<meta property=\"og:locale\" content=\"it_IT\" \/>\n<meta property=\"og:type\" content=\"article\" \/>\n<meta property=\"og:title\" content=\"Eugenio Bennato e il nuovo disco: &quot;Da che sud \u00e8 sud&quot; - Pianissimo\" \/>\n<meta property=\"og:description\" content=\"Il cantautore napoletano Eugenio Bennato, uno dei massimi rappresentanti della musica popolare ed etnica, oggi continua la sua attivit\u00e0 di compositore e torna nei teatri d\u2019Italia con un nuovo disco di inediti, intitolato &#8220;Da che sud \u00e8 sud&#8221;. Il nuovo lavoro era stato anticipato dal singolo &#8220;Eugenia e Hajar\u201d, uscito lo scorso maggio: il brano [&hellip;]\" \/>\n<meta property=\"og:url\" content=\"https:\/\/pianissimo.it\/?p=311\" \/>\n<meta property=\"og:site_name\" content=\"Pianissimo\" \/>\n<meta property=\"article:published_time\" content=\"2017-09-21T11:31:35+00:00\" \/>\n<meta property=\"og:image\" content=\"https:\/\/pianissimo.it\/wp-content\/uploads\/2017\/09\/download-1.jpeg\" \/>\n\t<meta property=\"og:image:width\" content=\"259\" \/>\n\t<meta property=\"og:image:height\" content=\"194\" \/>\n\t<meta property=\"og:image:type\" content=\"image\/jpeg\" \/>\n<meta name=\"author\" content=\"Redazione Pianissimo\" \/>\n<meta name=\"twitter:card\" content=\"summary_large_image\" \/>\n<meta name=\"twitter:label1\" content=\"Scritto da\" \/>\n\t<meta name=\"twitter:data1\" content=\"Redazione Pianissimo\" \/>\n\t<meta name=\"twitter:label2\" content=\"Tempo di lettura stimato\" \/>\n\t<meta name=\"twitter:data2\" content=\"2 minuti\" \/>\n<script type=\"application\/ld+json\" class=\"yoast-schema-graph\">{\"@context\":\"https:\/\/schema.org\",\"@graph\":[{\"@type\":\"Article\",\"@id\":\"https:\/\/pianissimo.it\/?p=311#article\",\"isPartOf\":{\"@id\":\"https:\/\/pianissimo.it\/?p=311\"},\"author\":{\"name\":\"Redazione Pianissimo\",\"@id\":\"https:\/\/pianissimo.it\/#\/schema\/person\/3af0c53515f94abe57e1d7d016f05a4e\"},\"headline\":\"Eugenio Bennato e il nuovo disco: &#8220;Da che sud \u00e8 sud&#8221;\",\"datePublished\":\"2017-09-21T11:31:35+00:00\",\"mainEntityOfPage\":{\"@id\":\"https:\/\/pianissimo.it\/?p=311\"},\"wordCount\":312,\"commentCount\":0,\"publisher\":{\"@id\":\"https:\/\/pianissimo.it\/#organization\"},\"image\":{\"@id\":\"https:\/\/pianissimo.it\/?p=311#primaryimage\"},\"thumbnailUrl\":\"https:\/\/pianissimo.it\/wp-content\/uploads\/2017\/09\/download-1.jpeg\",\"keywords\":[\"Eugenio Bennato e il nuovo disco\"],\"articleSection\":[\"Musica\"],\"inLanguage\":\"it-IT\",\"potentialAction\":[{\"@type\":\"CommentAction\",\"name\":\"Comment\",\"target\":[\"https:\/\/pianissimo.it\/?p=311#respond\"]}]},{\"@type\":\"WebPage\",\"@id\":\"https:\/\/pianissimo.it\/?p=311\",\"url\":\"https:\/\/pianissimo.it\/?p=311\",\"name\":\"Eugenio Bennato e il nuovo disco: \\\"Da che sud \u00e8 sud\\\" - Pianissimo\",\"isPartOf\":{\"@id\":\"https:\/\/pianissimo.it\/#website\"},\"primaryImageOfPage\":{\"@id\":\"https:\/\/pianissimo.it\/?p=311#primaryimage\"},\"image\":{\"@id\":\"https:\/\/pianissimo.it\/?p=311#primaryimage\"},\"thumbnailUrl\":\"https:\/\/pianissimo.it\/wp-content\/uploads\/2017\/09\/download-1.jpeg\",\"datePublished\":\"2017-09-21T11:31:35+00:00\",\"breadcrumb\":{\"@id\":\"https:\/\/pianissimo.it\/?p=311#breadcrumb\"},\"inLanguage\":\"it-IT\",\"potentialAction\":[{\"@type\":\"ReadAction\",\"target\":[\"https:\/\/pianissimo.it\/?p=311\"]}]},{\"@type\":\"ImageObject\",\"inLanguage\":\"it-IT\",\"@id\":\"https:\/\/pianissimo.it\/?p=311#primaryimage\",\"url\":\"https:\/\/pianissimo.it\/wp-content\/uploads\/2017\/09\/download-1.jpeg\",\"contentUrl\":\"https:\/\/pianissimo.it\/wp-content\/uploads\/2017\/09\/download-1.jpeg\",\"width\":259,\"height\":194,\"caption\":\"Eugenio Bennato\"},{\"@type\":\"BreadcrumbList\",\"@id\":\"https:\/\/pianissimo.it\/?p=311#breadcrumb\",\"itemListElement\":[{\"@type\":\"ListItem\",\"position\":1,\"name\":\"Home\",\"item\":\"https:\/\/pianissimo.it\/\"},{\"@type\":\"ListItem\",\"position\":2,\"name\":\"Eugenio Bennato e il nuovo disco: &#8220;Da che sud \u00e8 sud&#8221;\"}]},{\"@type\":\"WebSite\",\"@id\":\"https:\/\/pianissimo.it\/#website\",\"url\":\"https:\/\/pianissimo.it\/\",\"name\":\"Pianissimo\",\"description\":\"Magazine di attualit\u00e0 e cultura\",\"publisher\":{\"@id\":\"https:\/\/pianissimo.it\/#organization\"},\"potentialAction\":[{\"@type\":\"SearchAction\",\"target\":{\"@type\":\"EntryPoint\",\"urlTemplate\":\"https:\/\/pianissimo.it\/?s={search_term_string}\"},\"query-input\":{\"@type\":\"PropertyValueSpecification\",\"valueRequired\":true,\"valueName\":\"search_term_string\"}}],\"inLanguage\":\"it-IT\"},{\"@type\":\"Organization\",\"@id\":\"https:\/\/pianissimo.it\/#organization\",\"name\":\"Pianissimo\",\"url\":\"https:\/\/pianissimo.it\/\",\"logo\":{\"@type\":\"ImageObject\",\"inLanguage\":\"it-IT\",\"@id\":\"https:\/\/pianissimo.it\/#\/schema\/logo\/image\/\",\"url\":\"https:\/\/pianissimo.it\/wp-content\/uploads\/2017\/07\/cropped-pianissimo-new.png\",\"contentUrl\":\"https:\/\/pianissimo.it\/wp-content\/uploads\/2017\/07\/cropped-pianissimo-new.png\",\"width\":395,\"height\":80,\"caption\":\"Pianissimo\"},\"image\":{\"@id\":\"https:\/\/pianissimo.it\/#\/schema\/logo\/image\/\"}},{\"@type\":\"Person\",\"@id\":\"https:\/\/pianissimo.it\/#\/schema\/person\/3af0c53515f94abe57e1d7d016f05a4e\",\"name\":\"Redazione Pianissimo\",\"image\":{\"@type\":\"ImageObject\",\"inLanguage\":\"it-IT\",\"@id\":\"https:\/\/pianissimo.it\/#\/schema\/person\/image\/\",\"url\":\"https:\/\/secure.gravatar.com\/avatar\/76342d9773f1db1d982023c896336afb4f281c3945daaf7f75fbea96d3bbf608?s=96&d=mm&r=g\",\"contentUrl\":\"https:\/\/secure.gravatar.com\/avatar\/76342d9773f1db1d982023c896336afb4f281c3945daaf7f75fbea96d3bbf608?s=96&d=mm&r=g\",\"caption\":\"Redazione Pianissimo\"},\"url\":\"https:\/\/pianissimo.it\/?author=2\"}]}<\/script>\n<!-- \/ Yoast SEO plugin. -->","yoast_head_json":{"title":"Eugenio Bennato e il nuovo disco: \"Da che sud \u00e8 sud\" - Pianissimo","robots":{"index":"index","follow":"follow","max-snippet":"max-snippet:-1","max-image-preview":"max-image-preview:large","max-video-preview":"max-video-preview:-1"},"canonical":"https:\/\/pianissimo.it\/?p=311","og_locale":"it_IT","og_type":"article","og_title":"Eugenio Bennato e il nuovo disco: \"Da che sud \u00e8 sud\" - Pianissimo","og_description":"Il cantautore napoletano Eugenio Bennato, uno dei massimi rappresentanti della musica popolare ed etnica, oggi continua la sua attivit\u00e0 di compositore e torna nei teatri d\u2019Italia con un nuovo disco di inediti, intitolato &#8220;Da che sud \u00e8 sud&#8221;. Il nuovo lavoro era stato anticipato dal singolo &#8220;Eugenia e Hajar\u201d, uscito lo scorso maggio: il brano [&hellip;]","og_url":"https:\/\/pianissimo.it\/?p=311","og_site_name":"Pianissimo","article_published_time":"2017-09-21T11:31:35+00:00","og_image":[{"width":259,"height":194,"url":"https:\/\/pianissimo.it\/wp-content\/uploads\/2017\/09\/download-1.jpeg","type":"image\/jpeg"}],"author":"Redazione Pianissimo","twitter_card":"summary_large_image","twitter_misc":{"Scritto da":"Redazione Pianissimo","Tempo di lettura stimato":"2 minuti"},"schema":{"@context":"https:\/\/schema.org","@graph":[{"@type":"Article","@id":"https:\/\/pianissimo.it\/?p=311#article","isPartOf":{"@id":"https:\/\/pianissimo.it\/?p=311"},"author":{"name":"Redazione Pianissimo","@id":"https:\/\/pianissimo.it\/#\/schema\/person\/3af0c53515f94abe57e1d7d016f05a4e"},"headline":"Eugenio Bennato e il nuovo disco: &#8220;Da che sud \u00e8 sud&#8221;","datePublished":"2017-09-21T11:31:35+00:00","mainEntityOfPage":{"@id":"https:\/\/pianissimo.it\/?p=311"},"wordCount":312,"commentCount":0,"publisher":{"@id":"https:\/\/pianissimo.it\/#organization"},"image":{"@id":"https:\/\/pianissimo.it\/?p=311#primaryimage"},"thumbnailUrl":"https:\/\/pianissimo.it\/wp-content\/uploads\/2017\/09\/download-1.jpeg","keywords":["Eugenio Bennato e il nuovo disco"],"articleSection":["Musica"],"inLanguage":"it-IT","potentialAction":[{"@type":"CommentAction","name":"Comment","target":["https:\/\/pianissimo.it\/?p=311#respond"]}]},{"@type":"WebPage","@id":"https:\/\/pianissimo.it\/?p=311","url":"https:\/\/pianissimo.it\/?p=311","name":"Eugenio Bennato e il nuovo disco: \"Da che sud \u00e8 sud\" - Pianissimo","isPartOf":{"@id":"https:\/\/pianissimo.it\/#website"},"primaryImageOfPage":{"@id":"https:\/\/pianissimo.it\/?p=311#primaryimage"},"image":{"@id":"https:\/\/pianissimo.it\/?p=311#primaryimage"},"thumbnailUrl":"https:\/\/pianissimo.it\/wp-content\/uploads\/2017\/09\/download-1.jpeg","datePublished":"2017-09-21T11:31:35+00:00","breadcrumb":{"@id":"https:\/\/pianissimo.it\/?p=311#breadcrumb"},"inLanguage":"it-IT","potentialAction":[{"@type":"ReadAction","target":["https:\/\/pianissimo.it\/?p=311"]}]},{"@type":"ImageObject","inLanguage":"it-IT","@id":"https:\/\/pianissimo.it\/?p=311#primaryimage","url":"https:\/\/pianissimo.it\/wp-content\/uploads\/2017\/09\/download-1.jpeg","contentUrl":"https:\/\/pianissimo.it\/wp-content\/uploads\/2017\/09\/download-1.jpeg","width":259,"height":194,"caption":"Eugenio Bennato"},{"@type":"BreadcrumbList","@id":"https:\/\/pianissimo.it\/?p=311#breadcrumb","itemListElement":[{"@type":"ListItem","position":1,"name":"Home","item":"https:\/\/pianissimo.it\/"},{"@type":"ListItem","position":2,"name":"Eugenio Bennato e il nuovo disco: &#8220;Da che sud \u00e8 sud&#8221;"}]},{"@type":"WebSite","@id":"https:\/\/pianissimo.it\/#website","url":"https:\/\/pianissimo.it\/","name":"Pianissimo","description":"Magazine di attualit\u00e0 e cultura","publisher":{"@id":"https:\/\/pianissimo.it\/#organization"},"potentialAction":[{"@type":"SearchAction","target":{"@type":"EntryPoint","urlTemplate":"https:\/\/pianissimo.it\/?s={search_term_string}"},"query-input":{"@type":"PropertyValueSpecification","valueRequired":true,"valueName":"search_term_string"}}],"inLanguage":"it-IT"},{"@type":"Organization","@id":"https:\/\/pianissimo.it\/#organization","name":"Pianissimo","url":"https:\/\/pianissimo.it\/","logo":{"@type":"ImageObject","inLanguage":"it-IT","@id":"https:\/\/pianissimo.it\/#\/schema\/logo\/image\/","url":"https:\/\/pianissimo.it\/wp-content\/uploads\/2017\/07\/cropped-pianissimo-new.png","contentUrl":"https:\/\/pianissimo.it\/wp-content\/uploads\/2017\/07\/cropped-pianissimo-new.png","width":395,"height":80,"caption":"Pianissimo"},"image":{"@id":"https:\/\/pianissimo.it\/#\/schema\/logo\/image\/"}},{"@type":"Person","@id":"https:\/\/pianissimo.it\/#\/schema\/person\/3af0c53515f94abe57e1d7d016f05a4e","name":"Redazione Pianissimo","image":{"@type":"ImageObject","inLanguage":"it-IT","@id":"https:\/\/pianissimo.it\/#\/schema\/person\/image\/","url":"https:\/\/secure.gravatar.com\/avatar\/76342d9773f1db1d982023c896336afb4f281c3945daaf7f75fbea96d3bbf608?s=96&d=mm&r=g","contentUrl":"https:\/\/secure.gravatar.com\/avatar\/76342d9773f1db1d982023c896336afb4f281c3945daaf7f75fbea96d3bbf608?s=96&d=mm&r=g","caption":"Redazione Pianissimo"},"url":"https:\/\/pianissimo.it\/?author=2"}]}},"_links":{"self":[{"href":"https:\/\/pianissimo.it\/index.php?rest_route=\/wp\/v2\/posts\/311","targetHints":{"allow":["GET"]}}],"collection":[{"href":"https:\/\/pianissimo.it\/index.php?rest_route=\/wp\/v2\/posts"}],"about":[{"href":"https:\/\/pianissimo.it\/index.php?rest_route=\/wp\/v2\/types\/post"}],"author":[{"embeddable":true,"href":"https:\/\/pianissimo.it\/index.php?rest_route=\/wp\/v2\/users\/2"}],"replies":[{"embeddable":true,"href":"https:\/\/pianissimo.it\/index.php?rest_route=%2Fwp%2Fv2%2Fcomments&post=311"}],"version-history":[{"count":1,"href":"https:\/\/pianissimo.it\/index.php?rest_route=\/wp\/v2\/posts\/311\/revisions"}],"predecessor-version":[{"id":313,"href":"https:\/\/pianissimo.it\/index.php?rest_route=\/wp\/v2\/posts\/311\/revisions\/313"}],"wp:featuredmedia":[{"embeddable":true,"href":"https:\/\/pianissimo.it\/index.php?rest_route=\/wp\/v2\/media\/312"}],"wp:attachment":[{"href":"https:\/\/pianissimo.it\/index.php?rest_route=%2Fwp%2Fv2%2Fmedia&parent=311"}],"wp:term":[{"taxonomy":"category","embeddable":true,"href":"https:\/\/pianissimo.it\/index.php?rest_route=%2Fwp%2Fv2%2Fcategories&post=311"},{"taxonomy":"post_tag","embeddable":true,"href":"https:\/\/pianissimo.it\/index.php?rest_route=%2Fwp%2Fv2%2Ftags&post=311"}],"curies":[{"name":"wp","href":"https:\/\/api.w.org\/{rel}","templated":true}]}}