{"id":177,"date":"2017-03-29T19:09:27","date_gmt":"2017-03-29T17:09:27","guid":{"rendered":"https:\/\/pianissimo.it\/?p=177"},"modified":"2017-03-29T19:09:27","modified_gmt":"2017-03-29T17:09:27","slug":"raccontiamo-un-libro-carlo-levi-cristo-si-fermato-eboli","status":"publish","type":"post","link":"https:\/\/pianissimo.it\/?p=177","title":{"rendered":"Raccontiamo un libro di Carlo Levi: Cristo si \u00e8 fermato a Eboli"},"content":{"rendered":"<p>Raccontiamo un libro-capolavoro dell\u2019autore piemontese, incentrato su una seria e costante ricerca del problema meridionale. L&#8217;opera riflette la passione politica del suo autore, una passione che nasce da una pura riflessione sulle problematiche sociali. La politica viene praticata e contemplata nel suo significato originario, quello di agire per il bene di tutti, senza cadere nel solito sporco gioco delle corruzioni e dei furti.<\/p>\n<p>Dopo la laurea in medicina nel 1923, Carlo Levi si era dedicato alla pittura, alla letteratura e alla politica, ribellandosi alla retorica fascista, alla cultura e agli schemi accademici. Infatti, a Parigi nel 1929, aveva fondato con Gaetano Salvemini, Emilio Lussu, Carlo Rosselli e Alberto Tarchiani il movimento \u201cGiustizia e Libert\u00e0\u201d. Tutta questa attivit\u00e0 di propaganda contro il regime gli aveva procurato il confino in Lucania dal 1935 al 1936. Qui comincia il viaggio culturale di Levi, capire il problema meridionale vivendo a contatto con il problema stesso, raccontare in un libro la sua esperienza di piemontese, razza con il marchio del conquistatore, che vive tra i conquistati.<\/p>\n<p>Cristo si \u00e8 fermato a Eboli viene pubblicato da Einaudi nel 1945. Levi racconta un\u2019altra storia che vive all\u2019interno della storia, per cui i problemi del regime restano al di fuori delle desolate terre di una Lucania pagana, stregonesca e preumana. I contadini si trovano in uno stato di isolamento storico, esiste un sistema sociale che li ha esclusi, li ha accantonati in un angolo di terra. E\u2019 la dimostrazione che l\u2019unit\u00e0 d\u2019Italia non ha funzionato, che il sistema era sbagliato e ha creato la questione meridionale, il divario tra Nord e Sud:<br \/>\n\u201cLo Stato era invece l\u2019ostacolo fondamentale a che si facesse qualunque cosa. Non pu\u00f2 essere lo Stato, avevo detto, a risolvere la questione meridionale, per la ragione che quello che noi chiamiamo problema meridionale non \u00e8 altro che il problema dello Stato. Fra tutte quelle altre future forme di statalismo che cercheranno di sorgere, e l\u2019antistatalismo dei contadini, c\u2019\u00e8, e ci sar\u00e0 sempre, un abisso; e si potr\u00e0 cercare di colmarlo soltanto quando riusciremo a creare una forma di Stato di cui anche i contadini si sentano parte\u201d.<\/p>\n","protected":false},"excerpt":{"rendered":"<p>Raccontiamo un libro-capolavoro dell\u2019autore piemontese, incentrato su una seria e costante ricerca del problema meridionale. L&#8217;opera riflette la passione politica del suo autore, una passione che nasce da una pura riflessione sulle problematiche sociali. La politica viene praticata e contemplata nel suo significato originario, quello di agire per il bene di tutti, senza cadere nel [&hellip;]<\/p>\n","protected":false},"author":2,"featured_media":179,"comment_status":"open","ping_status":"open","sticky":false,"template":"","format":"standard","meta":{"footnotes":""},"categories":[10],"tags":[15],"class_list":["post-177","post","type-post","status-publish","format-standard","has-post-thumbnail","hentry","category-letteratura","tag-carlo-levi-romanzo"],"yoast_head":"<!-- This site is optimized with the Yoast SEO plugin v26.4 - https:\/\/yoast.com\/wordpress\/plugins\/seo\/ -->\n<title>Raccontiamo un libro di Carlo Levi: Cristo si \u00e8 fermato a Eboli - Pianissimo<\/title>\n<meta name=\"robots\" content=\"index, follow, max-snippet:-1, max-image-preview:large, max-video-preview:-1\" \/>\n<link rel=\"canonical\" href=\"https:\/\/pianissimo.it\/?p=177\" \/>\n<meta property=\"og:locale\" content=\"it_IT\" \/>\n<meta property=\"og:type\" content=\"article\" \/>\n<meta property=\"og:title\" content=\"Raccontiamo un libro di Carlo Levi: Cristo si \u00e8 fermato a Eboli - Pianissimo\" \/>\n<meta property=\"og:description\" content=\"Raccontiamo un libro-capolavoro dell\u2019autore piemontese, incentrato su una seria e costante ricerca del problema meridionale. L&#8217;opera riflette la passione politica del suo autore, una passione che nasce da una pura riflessione sulle problematiche sociali. La politica viene praticata e contemplata nel suo significato originario, quello di agire per il bene di tutti, senza cadere nel [&hellip;]\" \/>\n<meta property=\"og:url\" content=\"https:\/\/pianissimo.it\/?p=177\" \/>\n<meta property=\"og:site_name\" content=\"Pianissimo\" \/>\n<meta property=\"article:published_time\" content=\"2017-03-29T17:09:27+00:00\" \/>\n<meta property=\"og:image\" content=\"https:\/\/pianissimo.it\/wp-content\/uploads\/2017\/03\/library-2112631_1280.jpg\" \/>\n\t<meta property=\"og:image:width\" content=\"1280\" \/>\n\t<meta property=\"og:image:height\" content=\"847\" \/>\n\t<meta property=\"og:image:type\" content=\"image\/jpeg\" \/>\n<meta name=\"author\" content=\"Redazione Pianissimo\" \/>\n<meta name=\"twitter:card\" content=\"summary_large_image\" \/>\n<meta name=\"twitter:label1\" content=\"Scritto da\" \/>\n\t<meta name=\"twitter:data1\" content=\"Redazione Pianissimo\" \/>\n\t<meta name=\"twitter:label2\" content=\"Tempo di lettura stimato\" \/>\n\t<meta name=\"twitter:data2\" content=\"2 minuti\" \/>\n<script type=\"application\/ld+json\" class=\"yoast-schema-graph\">{\"@context\":\"https:\/\/schema.org\",\"@graph\":[{\"@type\":\"Article\",\"@id\":\"https:\/\/pianissimo.it\/?p=177#article\",\"isPartOf\":{\"@id\":\"https:\/\/pianissimo.it\/?p=177\"},\"author\":{\"name\":\"Redazione Pianissimo\",\"@id\":\"https:\/\/pianissimo.it\/#\/schema\/person\/3af0c53515f94abe57e1d7d016f05a4e\"},\"headline\":\"Raccontiamo un libro di Carlo Levi: Cristo si \u00e8 fermato a Eboli\",\"datePublished\":\"2017-03-29T17:09:27+00:00\",\"mainEntityOfPage\":{\"@id\":\"https:\/\/pianissimo.it\/?p=177\"},\"wordCount\":363,\"commentCount\":0,\"publisher\":{\"@id\":\"https:\/\/pianissimo.it\/#organization\"},\"image\":{\"@id\":\"https:\/\/pianissimo.it\/?p=177#primaryimage\"},\"thumbnailUrl\":\"https:\/\/pianissimo.it\/wp-content\/uploads\/2017\/03\/library-2112631_1280.jpg\",\"keywords\":[\"Carlo Levi romanzo\"],\"articleSection\":[\"Letteratura\"],\"inLanguage\":\"it-IT\",\"potentialAction\":[{\"@type\":\"CommentAction\",\"name\":\"Comment\",\"target\":[\"https:\/\/pianissimo.it\/?p=177#respond\"]}]},{\"@type\":\"WebPage\",\"@id\":\"https:\/\/pianissimo.it\/?p=177\",\"url\":\"https:\/\/pianissimo.it\/?p=177\",\"name\":\"Raccontiamo un libro di Carlo Levi: Cristo si \u00e8 fermato a Eboli - Pianissimo\",\"isPartOf\":{\"@id\":\"https:\/\/pianissimo.it\/#website\"},\"primaryImageOfPage\":{\"@id\":\"https:\/\/pianissimo.it\/?p=177#primaryimage\"},\"image\":{\"@id\":\"https:\/\/pianissimo.it\/?p=177#primaryimage\"},\"thumbnailUrl\":\"https:\/\/pianissimo.it\/wp-content\/uploads\/2017\/03\/library-2112631_1280.jpg\",\"datePublished\":\"2017-03-29T17:09:27+00:00\",\"breadcrumb\":{\"@id\":\"https:\/\/pianissimo.it\/?p=177#breadcrumb\"},\"inLanguage\":\"it-IT\",\"potentialAction\":[{\"@type\":\"ReadAction\",\"target\":[\"https:\/\/pianissimo.it\/?p=177\"]}]},{\"@type\":\"ImageObject\",\"inLanguage\":\"it-IT\",\"@id\":\"https:\/\/pianissimo.it\/?p=177#primaryimage\",\"url\":\"https:\/\/pianissimo.it\/wp-content\/uploads\/2017\/03\/library-2112631_1280.jpg\",\"contentUrl\":\"https:\/\/pianissimo.it\/wp-content\/uploads\/2017\/03\/library-2112631_1280.jpg\",\"width\":1280,\"height\":847,\"caption\":\"libro lettura\"},{\"@type\":\"BreadcrumbList\",\"@id\":\"https:\/\/pianissimo.it\/?p=177#breadcrumb\",\"itemListElement\":[{\"@type\":\"ListItem\",\"position\":1,\"name\":\"Home\",\"item\":\"https:\/\/pianissimo.it\/\"},{\"@type\":\"ListItem\",\"position\":2,\"name\":\"Raccontiamo un libro di Carlo Levi: Cristo si \u00e8 fermato a Eboli\"}]},{\"@type\":\"WebSite\",\"@id\":\"https:\/\/pianissimo.it\/#website\",\"url\":\"https:\/\/pianissimo.it\/\",\"name\":\"Pianissimo\",\"description\":\"Magazine di attualit\u00e0 e cultura\",\"publisher\":{\"@id\":\"https:\/\/pianissimo.it\/#organization\"},\"potentialAction\":[{\"@type\":\"SearchAction\",\"target\":{\"@type\":\"EntryPoint\",\"urlTemplate\":\"https:\/\/pianissimo.it\/?s={search_term_string}\"},\"query-input\":{\"@type\":\"PropertyValueSpecification\",\"valueRequired\":true,\"valueName\":\"search_term_string\"}}],\"inLanguage\":\"it-IT\"},{\"@type\":\"Organization\",\"@id\":\"https:\/\/pianissimo.it\/#organization\",\"name\":\"Pianissimo\",\"url\":\"https:\/\/pianissimo.it\/\",\"logo\":{\"@type\":\"ImageObject\",\"inLanguage\":\"it-IT\",\"@id\":\"https:\/\/pianissimo.it\/#\/schema\/logo\/image\/\",\"url\":\"https:\/\/pianissimo.it\/wp-content\/uploads\/2017\/07\/cropped-pianissimo-new.png\",\"contentUrl\":\"https:\/\/pianissimo.it\/wp-content\/uploads\/2017\/07\/cropped-pianissimo-new.png\",\"width\":395,\"height\":80,\"caption\":\"Pianissimo\"},\"image\":{\"@id\":\"https:\/\/pianissimo.it\/#\/schema\/logo\/image\/\"}},{\"@type\":\"Person\",\"@id\":\"https:\/\/pianissimo.it\/#\/schema\/person\/3af0c53515f94abe57e1d7d016f05a4e\",\"name\":\"Redazione Pianissimo\",\"image\":{\"@type\":\"ImageObject\",\"inLanguage\":\"it-IT\",\"@id\":\"https:\/\/pianissimo.it\/#\/schema\/person\/image\/\",\"url\":\"https:\/\/secure.gravatar.com\/avatar\/76342d9773f1db1d982023c896336afb4f281c3945daaf7f75fbea96d3bbf608?s=96&d=mm&r=g\",\"contentUrl\":\"https:\/\/secure.gravatar.com\/avatar\/76342d9773f1db1d982023c896336afb4f281c3945daaf7f75fbea96d3bbf608?s=96&d=mm&r=g\",\"caption\":\"Redazione Pianissimo\"},\"url\":\"https:\/\/pianissimo.it\/?author=2\"}]}<\/script>\n<!-- \/ Yoast SEO plugin. -->","yoast_head_json":{"title":"Raccontiamo un libro di Carlo Levi: Cristo si \u00e8 fermato a Eboli - Pianissimo","robots":{"index":"index","follow":"follow","max-snippet":"max-snippet:-1","max-image-preview":"max-image-preview:large","max-video-preview":"max-video-preview:-1"},"canonical":"https:\/\/pianissimo.it\/?p=177","og_locale":"it_IT","og_type":"article","og_title":"Raccontiamo un libro di Carlo Levi: Cristo si \u00e8 fermato a Eboli - Pianissimo","og_description":"Raccontiamo un libro-capolavoro dell\u2019autore piemontese, incentrato su una seria e costante ricerca del problema meridionale. L&#8217;opera riflette la passione politica del suo autore, una passione che nasce da una pura riflessione sulle problematiche sociali. La politica viene praticata e contemplata nel suo significato originario, quello di agire per il bene di tutti, senza cadere nel [&hellip;]","og_url":"https:\/\/pianissimo.it\/?p=177","og_site_name":"Pianissimo","article_published_time":"2017-03-29T17:09:27+00:00","og_image":[{"width":1280,"height":847,"url":"https:\/\/pianissimo.it\/wp-content\/uploads\/2017\/03\/library-2112631_1280.jpg","type":"image\/jpeg"}],"author":"Redazione Pianissimo","twitter_card":"summary_large_image","twitter_misc":{"Scritto da":"Redazione Pianissimo","Tempo di lettura stimato":"2 minuti"},"schema":{"@context":"https:\/\/schema.org","@graph":[{"@type":"Article","@id":"https:\/\/pianissimo.it\/?p=177#article","isPartOf":{"@id":"https:\/\/pianissimo.it\/?p=177"},"author":{"name":"Redazione Pianissimo","@id":"https:\/\/pianissimo.it\/#\/schema\/person\/3af0c53515f94abe57e1d7d016f05a4e"},"headline":"Raccontiamo un libro di Carlo Levi: Cristo si \u00e8 fermato a Eboli","datePublished":"2017-03-29T17:09:27+00:00","mainEntityOfPage":{"@id":"https:\/\/pianissimo.it\/?p=177"},"wordCount":363,"commentCount":0,"publisher":{"@id":"https:\/\/pianissimo.it\/#organization"},"image":{"@id":"https:\/\/pianissimo.it\/?p=177#primaryimage"},"thumbnailUrl":"https:\/\/pianissimo.it\/wp-content\/uploads\/2017\/03\/library-2112631_1280.jpg","keywords":["Carlo Levi romanzo"],"articleSection":["Letteratura"],"inLanguage":"it-IT","potentialAction":[{"@type":"CommentAction","name":"Comment","target":["https:\/\/pianissimo.it\/?p=177#respond"]}]},{"@type":"WebPage","@id":"https:\/\/pianissimo.it\/?p=177","url":"https:\/\/pianissimo.it\/?p=177","name":"Raccontiamo un libro di Carlo Levi: Cristo si \u00e8 fermato a Eboli - Pianissimo","isPartOf":{"@id":"https:\/\/pianissimo.it\/#website"},"primaryImageOfPage":{"@id":"https:\/\/pianissimo.it\/?p=177#primaryimage"},"image":{"@id":"https:\/\/pianissimo.it\/?p=177#primaryimage"},"thumbnailUrl":"https:\/\/pianissimo.it\/wp-content\/uploads\/2017\/03\/library-2112631_1280.jpg","datePublished":"2017-03-29T17:09:27+00:00","breadcrumb":{"@id":"https:\/\/pianissimo.it\/?p=177#breadcrumb"},"inLanguage":"it-IT","potentialAction":[{"@type":"ReadAction","target":["https:\/\/pianissimo.it\/?p=177"]}]},{"@type":"ImageObject","inLanguage":"it-IT","@id":"https:\/\/pianissimo.it\/?p=177#primaryimage","url":"https:\/\/pianissimo.it\/wp-content\/uploads\/2017\/03\/library-2112631_1280.jpg","contentUrl":"https:\/\/pianissimo.it\/wp-content\/uploads\/2017\/03\/library-2112631_1280.jpg","width":1280,"height":847,"caption":"libro lettura"},{"@type":"BreadcrumbList","@id":"https:\/\/pianissimo.it\/?p=177#breadcrumb","itemListElement":[{"@type":"ListItem","position":1,"name":"Home","item":"https:\/\/pianissimo.it\/"},{"@type":"ListItem","position":2,"name":"Raccontiamo un libro di Carlo Levi: Cristo si \u00e8 fermato a Eboli"}]},{"@type":"WebSite","@id":"https:\/\/pianissimo.it\/#website","url":"https:\/\/pianissimo.it\/","name":"Pianissimo","description":"Magazine di attualit\u00e0 e cultura","publisher":{"@id":"https:\/\/pianissimo.it\/#organization"},"potentialAction":[{"@type":"SearchAction","target":{"@type":"EntryPoint","urlTemplate":"https:\/\/pianissimo.it\/?s={search_term_string}"},"query-input":{"@type":"PropertyValueSpecification","valueRequired":true,"valueName":"search_term_string"}}],"inLanguage":"it-IT"},{"@type":"Organization","@id":"https:\/\/pianissimo.it\/#organization","name":"Pianissimo","url":"https:\/\/pianissimo.it\/","logo":{"@type":"ImageObject","inLanguage":"it-IT","@id":"https:\/\/pianissimo.it\/#\/schema\/logo\/image\/","url":"https:\/\/pianissimo.it\/wp-content\/uploads\/2017\/07\/cropped-pianissimo-new.png","contentUrl":"https:\/\/pianissimo.it\/wp-content\/uploads\/2017\/07\/cropped-pianissimo-new.png","width":395,"height":80,"caption":"Pianissimo"},"image":{"@id":"https:\/\/pianissimo.it\/#\/schema\/logo\/image\/"}},{"@type":"Person","@id":"https:\/\/pianissimo.it\/#\/schema\/person\/3af0c53515f94abe57e1d7d016f05a4e","name":"Redazione Pianissimo","image":{"@type":"ImageObject","inLanguage":"it-IT","@id":"https:\/\/pianissimo.it\/#\/schema\/person\/image\/","url":"https:\/\/secure.gravatar.com\/avatar\/76342d9773f1db1d982023c896336afb4f281c3945daaf7f75fbea96d3bbf608?s=96&d=mm&r=g","contentUrl":"https:\/\/secure.gravatar.com\/avatar\/76342d9773f1db1d982023c896336afb4f281c3945daaf7f75fbea96d3bbf608?s=96&d=mm&r=g","caption":"Redazione Pianissimo"},"url":"https:\/\/pianissimo.it\/?author=2"}]}},"_links":{"self":[{"href":"https:\/\/pianissimo.it\/index.php?rest_route=\/wp\/v2\/posts\/177","targetHints":{"allow":["GET"]}}],"collection":[{"href":"https:\/\/pianissimo.it\/index.php?rest_route=\/wp\/v2\/posts"}],"about":[{"href":"https:\/\/pianissimo.it\/index.php?rest_route=\/wp\/v2\/types\/post"}],"author":[{"embeddable":true,"href":"https:\/\/pianissimo.it\/index.php?rest_route=\/wp\/v2\/users\/2"}],"replies":[{"embeddable":true,"href":"https:\/\/pianissimo.it\/index.php?rest_route=%2Fwp%2Fv2%2Fcomments&post=177"}],"version-history":[{"count":1,"href":"https:\/\/pianissimo.it\/index.php?rest_route=\/wp\/v2\/posts\/177\/revisions"}],"predecessor-version":[{"id":178,"href":"https:\/\/pianissimo.it\/index.php?rest_route=\/wp\/v2\/posts\/177\/revisions\/178"}],"wp:featuredmedia":[{"embeddable":true,"href":"https:\/\/pianissimo.it\/index.php?rest_route=\/wp\/v2\/media\/179"}],"wp:attachment":[{"href":"https:\/\/pianissimo.it\/index.php?rest_route=%2Fwp%2Fv2%2Fmedia&parent=177"}],"wp:term":[{"taxonomy":"category","embeddable":true,"href":"https:\/\/pianissimo.it\/index.php?rest_route=%2Fwp%2Fv2%2Fcategories&post=177"},{"taxonomy":"post_tag","embeddable":true,"href":"https:\/\/pianissimo.it\/index.php?rest_route=%2Fwp%2Fv2%2Ftags&post=177"}],"curies":[{"name":"wp","href":"https:\/\/api.w.org\/{rel}","templated":true}]}}