{"id":171,"date":"2017-03-17T14:19:21","date_gmt":"2017-03-17T13:19:21","guid":{"rendered":"https:\/\/pianissimo.it\/?p=171"},"modified":"2017-03-17T14:19:21","modified_gmt":"2017-03-17T13:19:21","slug":"andrea-zanzotto-munchhausen","status":"publish","type":"post","link":"https:\/\/pianissimo.it\/?p=171","title":{"rendered":"Andrea Zanzotto, \u201cSu, m\u0171nchhausen\u201d"},"content":{"rendered":"<p>Sicuramente Zanzotto \u00e8 colui che ha fatto proprio il rapporto tra il linguaggio poetico e il linguaggio dell\u2019inconscio. Il poeta dialoga con la scrittura, riflette sul valore che ancora pu\u00f2 avere, sulla sua valenza salvifica, valore fortemente condiviso anche dalla poesia ermetica. Possiede la grande capacit\u00e0 di tradurre attraverso la parola poetica la civilt\u00e0 del secondo \u2018900: la parola diventa un \u201cprisma\u201d che riesce a frazionare spicchi di luce e di verit\u00e0.<\/p>\n<p>La parola come testimonianza della natura violentata, del caos in cui \u00e8 precipitata la civilt\u00e0 umana, \u00e8 la rappresentazione di un io che \u00e8 stravolto dalla \u201cnon esistenza\u201d di tutti i giorni. La verit\u00e0 viene ricercata nella purezza del linguaggio, nelle sue origini pi\u00f9 remote. Con procedimenti affini a quelli che caratterizzano l\u2019attivit\u00e0 dell\u2019inconscio, il linguaggio viene, cos\u00ec, scomposto e disarticolato nelle sue funzioni, e il paradosso risiede nel fatto che la parola pi\u00f9 pura alla fine di tutto coincide con il silenzio! Quel silenzio che appartiene all\u2019universo infantile, origine dell\u2019innocenza.<\/p>\n<p>E perci\u00f2 l\u2019uso di balbettii, allitterazioni, ossimori, iterazioni, paronomasie, doppi sensi ironici, seriazioni paradigmatiche, in cui non vi \u00e8 pi\u00f9 una corrispondenza tra significante e significato, \u00e8 un\u2019opera di erosione delle apparenze del mondo moderno, caotico e tecnologico, che rappresenta la scissione stessa dell\u2019io, un opposizione fra io nevrotico e mondo contemporaneo. Zanzotto intreccia, cos\u00ec, diverse unit\u00e0 metalinguistiche, accostando latinismi, tecnicismi della vita moderna, neologismi, dialetto, linguaggio infantile, ossia, il pet\u00e8l.<\/p>\n<p>La poesia che vi proponiamo \u00e8 \u201cAl mondo\u201d, che fa parte della raccolta \u201cLa Belt\u00e0\u201d, pubblicata a Milano nel 1968 da Mondadori per la collana \u00abLo Specchio\u00bb.<\/p>\n<p>Mondo, sii, e buono;<\/p>\n<p>esisti buonamente,<\/p>\n<p>fa\u2019 che, cerca di, tendi a, dimmi tutto,<\/p>\n<p>ed ecco che io ribaltavo eludevo<\/p>\n<p>e ogni inclusione era fattiva<\/p>\n<p>non meno che ogni esclusione;<\/p>\n<p>su bravo, esisti,<\/p>\n<p>non accartocciarti in te stesso in me stesso.<\/p>\n<p>C\u2019\u00e8 qui un discorso che ironizza su motivi idealistici, non c\u2019\u00e8 pi\u00f9 fiducia n\u00e9 sull\u2019esistenza del mondo n\u00e9 sul fondamento stesso dell\u2019io. E\u2019 un invito a ricercare l\u2019essenza delle cose, per cui l\u2019oggettivit\u00e0 viene messa in discussione: il mondo stesso, che viene evocato, \u00e8 un\u2019approssimazione della verit\u00e0, perch\u00e9, dunque, non esistono verit\u00e0 oggettive e assolute. La crisi esistenziale del \u2018900 viene raccontata attraverso un dialogo giocoso, ironico e infantile.<\/p>\n<p>il mondo cos\u00ec fatturato<\/p>\n<p>fosse soltanto un io male sbozzolato<\/p>\n<p>fossi io indigesto male fantasticante<\/p>\n<p>male fantasticato mal pagato<\/p>\n<p>e non tu, bello, non tu \u00absanto\u00bb e \u00absantificato\u00bb<\/p>\n<p>un po\u2019 pi\u00f9 in l\u00e0, da lato, da lato.<\/p>\n<p>Il mondo \u201cfatturato\u201d \u00e8 un linguaggio commerciale e rappresenta l\u2019unica verit\u00e0 assoluta su cui ci si pu\u00f2 basare: l\u2019universo infantile, invece, \u00e8 tutto ci\u00f2 che non si fonda sul denaro! Con i balbettii linguistici \u201cun po\u2019 pi\u00f9 in l\u00e0, da lato\u201d \u00e8 come se provasse a sistemare lo stato delle cose nel mondo.<\/p>\n<p>abbi qualche chance,<\/p>\n<p>fa\u2019 buonamente un po\u2019;<\/p>\n<p>il congegno abbia gioco.<\/p>\n<p>Su, bello, su.<\/p>\n<p>&nbsp;<\/p>\n<p>Su, m\u00fcnchhausen.<\/p>\n<p>E\u2019 pieno di esortazioni infantili, e la nota ironica di Zanzotto \u00e8 quella di unire l\u2019infantile al comico: come in Su, m\u00fcnchhausen! Facendo riferimento alle inverosimili avventure del barone di M\u00fcnchhausen che riesce a salvarsi dalle sabbie mobili tirandosi fuori per i propri capelli.<\/p>\n","protected":false},"excerpt":{"rendered":"<p>Sicuramente Zanzotto \u00e8 colui che ha fatto proprio il rapporto tra il linguaggio poetico e il linguaggio dell\u2019inconscio. Il poeta dialoga con la scrittura, riflette sul valore che ancora pu\u00f2 avere, sulla sua valenza salvifica, valore fortemente condiviso anche dalla poesia ermetica. Possiede la grande capacit\u00e0 di tradurre attraverso la parola poetica la civilt\u00e0 del [&hellip;]<\/p>\n","protected":false},"author":2,"featured_media":172,"comment_status":"open","ping_status":"open","sticky":false,"template":"","format":"standard","meta":{"footnotes":""},"categories":[10],"tags":[14],"class_list":["post-171","post","type-post","status-publish","format-standard","has-post-thumbnail","hentry","category-letteratura","tag-zanzotto-e-il-inguaggio"],"yoast_head":"<!-- This site is optimized with the Yoast SEO plugin v26.4 - https:\/\/yoast.com\/wordpress\/plugins\/seo\/ -->\n<title>Andrea Zanzotto, \u201cSu, m\u0171nchhausen\u201d - Pianissimo<\/title>\n<meta name=\"robots\" content=\"index, follow, max-snippet:-1, max-image-preview:large, max-video-preview:-1\" \/>\n<link rel=\"canonical\" href=\"https:\/\/pianissimo.it\/?p=171\" \/>\n<meta property=\"og:locale\" content=\"it_IT\" \/>\n<meta property=\"og:type\" content=\"article\" \/>\n<meta property=\"og:title\" content=\"Andrea Zanzotto, \u201cSu, m\u0171nchhausen\u201d - Pianissimo\" \/>\n<meta property=\"og:description\" content=\"Sicuramente Zanzotto \u00e8 colui che ha fatto proprio il rapporto tra il linguaggio poetico e il linguaggio dell\u2019inconscio. Il poeta dialoga con la scrittura, riflette sul valore che ancora pu\u00f2 avere, sulla sua valenza salvifica, valore fortemente condiviso anche dalla poesia ermetica. Possiede la grande capacit\u00e0 di tradurre attraverso la parola poetica la civilt\u00e0 del [&hellip;]\" \/>\n<meta property=\"og:url\" content=\"https:\/\/pianissimo.it\/?p=171\" \/>\n<meta property=\"og:site_name\" content=\"Pianissimo\" \/>\n<meta property=\"article:published_time\" content=\"2017-03-17T13:19:21+00:00\" \/>\n<meta property=\"og:image\" content=\"https:\/\/pianissimo.it\/wp-content\/uploads\/2017\/03\/book-2111602_1280.jpg\" \/>\n\t<meta property=\"og:image:width\" content=\"1280\" \/>\n\t<meta property=\"og:image:height\" content=\"853\" \/>\n\t<meta property=\"og:image:type\" content=\"image\/jpeg\" \/>\n<meta name=\"author\" content=\"Redazione Pianissimo\" \/>\n<meta name=\"twitter:card\" content=\"summary_large_image\" \/>\n<meta name=\"twitter:label1\" content=\"Scritto da\" \/>\n\t<meta name=\"twitter:data1\" content=\"Redazione Pianissimo\" \/>\n\t<meta name=\"twitter:label2\" content=\"Tempo di lettura stimato\" \/>\n\t<meta name=\"twitter:data2\" content=\"3 minuti\" \/>\n<script type=\"application\/ld+json\" class=\"yoast-schema-graph\">{\"@context\":\"https:\/\/schema.org\",\"@graph\":[{\"@type\":\"Article\",\"@id\":\"https:\/\/pianissimo.it\/?p=171#article\",\"isPartOf\":{\"@id\":\"https:\/\/pianissimo.it\/?p=171\"},\"author\":{\"name\":\"Redazione Pianissimo\",\"@id\":\"https:\/\/pianissimo.it\/#\/schema\/person\/3af0c53515f94abe57e1d7d016f05a4e\"},\"headline\":\"Andrea Zanzotto, \u201cSu, m\u0171nchhausen\u201d\",\"datePublished\":\"2017-03-17T13:19:21+00:00\",\"mainEntityOfPage\":{\"@id\":\"https:\/\/pianissimo.it\/?p=171\"},\"wordCount\":532,\"commentCount\":0,\"publisher\":{\"@id\":\"https:\/\/pianissimo.it\/#organization\"},\"image\":{\"@id\":\"https:\/\/pianissimo.it\/?p=171#primaryimage\"},\"thumbnailUrl\":\"https:\/\/pianissimo.it\/wp-content\/uploads\/2017\/03\/book-2111602_1280.jpg\",\"keywords\":[\"Zanzotto e il inguaggio\"],\"articleSection\":[\"Letteratura\"],\"inLanguage\":\"it-IT\",\"potentialAction\":[{\"@type\":\"CommentAction\",\"name\":\"Comment\",\"target\":[\"https:\/\/pianissimo.it\/?p=171#respond\"]}]},{\"@type\":\"WebPage\",\"@id\":\"https:\/\/pianissimo.it\/?p=171\",\"url\":\"https:\/\/pianissimo.it\/?p=171\",\"name\":\"Andrea Zanzotto, \u201cSu, m\u0171nchhausen\u201d - Pianissimo\",\"isPartOf\":{\"@id\":\"https:\/\/pianissimo.it\/#website\"},\"primaryImageOfPage\":{\"@id\":\"https:\/\/pianissimo.it\/?p=171#primaryimage\"},\"image\":{\"@id\":\"https:\/\/pianissimo.it\/?p=171#primaryimage\"},\"thumbnailUrl\":\"https:\/\/pianissimo.it\/wp-content\/uploads\/2017\/03\/book-2111602_1280.jpg\",\"datePublished\":\"2017-03-17T13:19:21+00:00\",\"breadcrumb\":{\"@id\":\"https:\/\/pianissimo.it\/?p=171#breadcrumb\"},\"inLanguage\":\"it-IT\",\"potentialAction\":[{\"@type\":\"ReadAction\",\"target\":[\"https:\/\/pianissimo.it\/?p=171\"]}]},{\"@type\":\"ImageObject\",\"inLanguage\":\"it-IT\",\"@id\":\"https:\/\/pianissimo.it\/?p=171#primaryimage\",\"url\":\"https:\/\/pianissimo.it\/wp-content\/uploads\/2017\/03\/book-2111602_1280.jpg\",\"contentUrl\":\"https:\/\/pianissimo.it\/wp-content\/uploads\/2017\/03\/book-2111602_1280.jpg\",\"width\":1280,\"height\":853,\"caption\":\"poesia zanzotto\"},{\"@type\":\"BreadcrumbList\",\"@id\":\"https:\/\/pianissimo.it\/?p=171#breadcrumb\",\"itemListElement\":[{\"@type\":\"ListItem\",\"position\":1,\"name\":\"Home\",\"item\":\"https:\/\/pianissimo.it\/\"},{\"@type\":\"ListItem\",\"position\":2,\"name\":\"Andrea Zanzotto, \u201cSu, m\u0171nchhausen\u201d\"}]},{\"@type\":\"WebSite\",\"@id\":\"https:\/\/pianissimo.it\/#website\",\"url\":\"https:\/\/pianissimo.it\/\",\"name\":\"Pianissimo\",\"description\":\"Magazine di attualit\u00e0 e cultura\",\"publisher\":{\"@id\":\"https:\/\/pianissimo.it\/#organization\"},\"potentialAction\":[{\"@type\":\"SearchAction\",\"target\":{\"@type\":\"EntryPoint\",\"urlTemplate\":\"https:\/\/pianissimo.it\/?s={search_term_string}\"},\"query-input\":{\"@type\":\"PropertyValueSpecification\",\"valueRequired\":true,\"valueName\":\"search_term_string\"}}],\"inLanguage\":\"it-IT\"},{\"@type\":\"Organization\",\"@id\":\"https:\/\/pianissimo.it\/#organization\",\"name\":\"Pianissimo\",\"url\":\"https:\/\/pianissimo.it\/\",\"logo\":{\"@type\":\"ImageObject\",\"inLanguage\":\"it-IT\",\"@id\":\"https:\/\/pianissimo.it\/#\/schema\/logo\/image\/\",\"url\":\"https:\/\/pianissimo.it\/wp-content\/uploads\/2017\/07\/cropped-pianissimo-new.png\",\"contentUrl\":\"https:\/\/pianissimo.it\/wp-content\/uploads\/2017\/07\/cropped-pianissimo-new.png\",\"width\":395,\"height\":80,\"caption\":\"Pianissimo\"},\"image\":{\"@id\":\"https:\/\/pianissimo.it\/#\/schema\/logo\/image\/\"}},{\"@type\":\"Person\",\"@id\":\"https:\/\/pianissimo.it\/#\/schema\/person\/3af0c53515f94abe57e1d7d016f05a4e\",\"name\":\"Redazione Pianissimo\",\"image\":{\"@type\":\"ImageObject\",\"inLanguage\":\"it-IT\",\"@id\":\"https:\/\/pianissimo.it\/#\/schema\/person\/image\/\",\"url\":\"https:\/\/secure.gravatar.com\/avatar\/76342d9773f1db1d982023c896336afb4f281c3945daaf7f75fbea96d3bbf608?s=96&d=mm&r=g\",\"contentUrl\":\"https:\/\/secure.gravatar.com\/avatar\/76342d9773f1db1d982023c896336afb4f281c3945daaf7f75fbea96d3bbf608?s=96&d=mm&r=g\",\"caption\":\"Redazione Pianissimo\"},\"url\":\"https:\/\/pianissimo.it\/?author=2\"}]}<\/script>\n<!-- \/ Yoast SEO plugin. -->","yoast_head_json":{"title":"Andrea Zanzotto, \u201cSu, m\u0171nchhausen\u201d - Pianissimo","robots":{"index":"index","follow":"follow","max-snippet":"max-snippet:-1","max-image-preview":"max-image-preview:large","max-video-preview":"max-video-preview:-1"},"canonical":"https:\/\/pianissimo.it\/?p=171","og_locale":"it_IT","og_type":"article","og_title":"Andrea Zanzotto, \u201cSu, m\u0171nchhausen\u201d - Pianissimo","og_description":"Sicuramente Zanzotto \u00e8 colui che ha fatto proprio il rapporto tra il linguaggio poetico e il linguaggio dell\u2019inconscio. Il poeta dialoga con la scrittura, riflette sul valore che ancora pu\u00f2 avere, sulla sua valenza salvifica, valore fortemente condiviso anche dalla poesia ermetica. Possiede la grande capacit\u00e0 di tradurre attraverso la parola poetica la civilt\u00e0 del [&hellip;]","og_url":"https:\/\/pianissimo.it\/?p=171","og_site_name":"Pianissimo","article_published_time":"2017-03-17T13:19:21+00:00","og_image":[{"width":1280,"height":853,"url":"https:\/\/pianissimo.it\/wp-content\/uploads\/2017\/03\/book-2111602_1280.jpg","type":"image\/jpeg"}],"author":"Redazione Pianissimo","twitter_card":"summary_large_image","twitter_misc":{"Scritto da":"Redazione Pianissimo","Tempo di lettura stimato":"3 minuti"},"schema":{"@context":"https:\/\/schema.org","@graph":[{"@type":"Article","@id":"https:\/\/pianissimo.it\/?p=171#article","isPartOf":{"@id":"https:\/\/pianissimo.it\/?p=171"},"author":{"name":"Redazione Pianissimo","@id":"https:\/\/pianissimo.it\/#\/schema\/person\/3af0c53515f94abe57e1d7d016f05a4e"},"headline":"Andrea Zanzotto, \u201cSu, m\u0171nchhausen\u201d","datePublished":"2017-03-17T13:19:21+00:00","mainEntityOfPage":{"@id":"https:\/\/pianissimo.it\/?p=171"},"wordCount":532,"commentCount":0,"publisher":{"@id":"https:\/\/pianissimo.it\/#organization"},"image":{"@id":"https:\/\/pianissimo.it\/?p=171#primaryimage"},"thumbnailUrl":"https:\/\/pianissimo.it\/wp-content\/uploads\/2017\/03\/book-2111602_1280.jpg","keywords":["Zanzotto e il inguaggio"],"articleSection":["Letteratura"],"inLanguage":"it-IT","potentialAction":[{"@type":"CommentAction","name":"Comment","target":["https:\/\/pianissimo.it\/?p=171#respond"]}]},{"@type":"WebPage","@id":"https:\/\/pianissimo.it\/?p=171","url":"https:\/\/pianissimo.it\/?p=171","name":"Andrea Zanzotto, \u201cSu, m\u0171nchhausen\u201d - Pianissimo","isPartOf":{"@id":"https:\/\/pianissimo.it\/#website"},"primaryImageOfPage":{"@id":"https:\/\/pianissimo.it\/?p=171#primaryimage"},"image":{"@id":"https:\/\/pianissimo.it\/?p=171#primaryimage"},"thumbnailUrl":"https:\/\/pianissimo.it\/wp-content\/uploads\/2017\/03\/book-2111602_1280.jpg","datePublished":"2017-03-17T13:19:21+00:00","breadcrumb":{"@id":"https:\/\/pianissimo.it\/?p=171#breadcrumb"},"inLanguage":"it-IT","potentialAction":[{"@type":"ReadAction","target":["https:\/\/pianissimo.it\/?p=171"]}]},{"@type":"ImageObject","inLanguage":"it-IT","@id":"https:\/\/pianissimo.it\/?p=171#primaryimage","url":"https:\/\/pianissimo.it\/wp-content\/uploads\/2017\/03\/book-2111602_1280.jpg","contentUrl":"https:\/\/pianissimo.it\/wp-content\/uploads\/2017\/03\/book-2111602_1280.jpg","width":1280,"height":853,"caption":"poesia zanzotto"},{"@type":"BreadcrumbList","@id":"https:\/\/pianissimo.it\/?p=171#breadcrumb","itemListElement":[{"@type":"ListItem","position":1,"name":"Home","item":"https:\/\/pianissimo.it\/"},{"@type":"ListItem","position":2,"name":"Andrea Zanzotto, \u201cSu, m\u0171nchhausen\u201d"}]},{"@type":"WebSite","@id":"https:\/\/pianissimo.it\/#website","url":"https:\/\/pianissimo.it\/","name":"Pianissimo","description":"Magazine di attualit\u00e0 e cultura","publisher":{"@id":"https:\/\/pianissimo.it\/#organization"},"potentialAction":[{"@type":"SearchAction","target":{"@type":"EntryPoint","urlTemplate":"https:\/\/pianissimo.it\/?s={search_term_string}"},"query-input":{"@type":"PropertyValueSpecification","valueRequired":true,"valueName":"search_term_string"}}],"inLanguage":"it-IT"},{"@type":"Organization","@id":"https:\/\/pianissimo.it\/#organization","name":"Pianissimo","url":"https:\/\/pianissimo.it\/","logo":{"@type":"ImageObject","inLanguage":"it-IT","@id":"https:\/\/pianissimo.it\/#\/schema\/logo\/image\/","url":"https:\/\/pianissimo.it\/wp-content\/uploads\/2017\/07\/cropped-pianissimo-new.png","contentUrl":"https:\/\/pianissimo.it\/wp-content\/uploads\/2017\/07\/cropped-pianissimo-new.png","width":395,"height":80,"caption":"Pianissimo"},"image":{"@id":"https:\/\/pianissimo.it\/#\/schema\/logo\/image\/"}},{"@type":"Person","@id":"https:\/\/pianissimo.it\/#\/schema\/person\/3af0c53515f94abe57e1d7d016f05a4e","name":"Redazione Pianissimo","image":{"@type":"ImageObject","inLanguage":"it-IT","@id":"https:\/\/pianissimo.it\/#\/schema\/person\/image\/","url":"https:\/\/secure.gravatar.com\/avatar\/76342d9773f1db1d982023c896336afb4f281c3945daaf7f75fbea96d3bbf608?s=96&d=mm&r=g","contentUrl":"https:\/\/secure.gravatar.com\/avatar\/76342d9773f1db1d982023c896336afb4f281c3945daaf7f75fbea96d3bbf608?s=96&d=mm&r=g","caption":"Redazione Pianissimo"},"url":"https:\/\/pianissimo.it\/?author=2"}]}},"_links":{"self":[{"href":"https:\/\/pianissimo.it\/index.php?rest_route=\/wp\/v2\/posts\/171","targetHints":{"allow":["GET"]}}],"collection":[{"href":"https:\/\/pianissimo.it\/index.php?rest_route=\/wp\/v2\/posts"}],"about":[{"href":"https:\/\/pianissimo.it\/index.php?rest_route=\/wp\/v2\/types\/post"}],"author":[{"embeddable":true,"href":"https:\/\/pianissimo.it\/index.php?rest_route=\/wp\/v2\/users\/2"}],"replies":[{"embeddable":true,"href":"https:\/\/pianissimo.it\/index.php?rest_route=%2Fwp%2Fv2%2Fcomments&post=171"}],"version-history":[{"count":1,"href":"https:\/\/pianissimo.it\/index.php?rest_route=\/wp\/v2\/posts\/171\/revisions"}],"predecessor-version":[{"id":173,"href":"https:\/\/pianissimo.it\/index.php?rest_route=\/wp\/v2\/posts\/171\/revisions\/173"}],"wp:featuredmedia":[{"embeddable":true,"href":"https:\/\/pianissimo.it\/index.php?rest_route=\/wp\/v2\/media\/172"}],"wp:attachment":[{"href":"https:\/\/pianissimo.it\/index.php?rest_route=%2Fwp%2Fv2%2Fmedia&parent=171"}],"wp:term":[{"taxonomy":"category","embeddable":true,"href":"https:\/\/pianissimo.it\/index.php?rest_route=%2Fwp%2Fv2%2Fcategories&post=171"},{"taxonomy":"post_tag","embeddable":true,"href":"https:\/\/pianissimo.it\/index.php?rest_route=%2Fwp%2Fv2%2Ftags&post=171"}],"curies":[{"name":"wp","href":"https:\/\/api.w.org\/{rel}","templated":true}]}}