{"id":126,"date":"2017-01-18T17:56:19","date_gmt":"2017-01-18T16:56:19","guid":{"rendered":"http:\/\/wikicompetenze.it\/?p=126"},"modified":"2017-04-21T13:37:53","modified_gmt":"2017-04-21T11:37:53","slug":"6-foto-la-storia","status":"publish","type":"post","link":"https:\/\/pianissimo.it\/?p=126","title":{"rendered":"6 foto che hanno fatto la storia"},"content":{"rendered":"<p>La fotografia \u00e8 la forma d\u2019arte pi\u00f9 popolare del momento, grazie alla capacit\u00e0 di cogliere l\u2019attimo e catturare un momento che da solo \u00e8 in grado di raccontare una storia, una vita, un\u2019epoca.<\/p>\n<p>Il \u2018900, in particolare, \u00e8 stato un periodo molto florido per l\u2019arte della fotografia e molti sono stati i momenti storici che hanno o avrebbero meritato di essere immortalati in un\u2019immagine.<\/p>\n<p>Tra i tanti, noi abbiamo scelto sei fotografie che, secondo noi, meglio descrivono i cambiamenti sociali avvenuti nel XX secolo.<\/p>\n<h1><strong>La liberazione di Auschwitz<\/strong><\/h1>\n<p><img loading=\"lazy\" decoding=\"async\" class=\"alignleft size-medium wp-image-127\" src=\"https:\/\/pianissimo.it\/wp-content\/uploads\/2017\/01\/auschwitz-300x169.jpg\" alt=\"Liberazione di Auschwitz\" width=\"300\" height=\"169\" \/>Questa foto cattura il momento in cui i primi prigionieri del campo di sterminio di Auschwitz attraversarono le sue porte aperte dall\u2019Armata Rossa il 27 gennaio 1945. Abbiamo scelto questa foto rispetto alle tante altre sull\u2019Olocausto nazista perch\u00e9 solo in questa ci sono l\u2019ottimismo e la speranza di un mondo che mai come prima necessitava un cambiamento e la certezza che un simile orrore non si sarebbe mai pi\u00f9 ripetuto. Nonostante il periodo buio appena trascorso e uno scenario per nulla giocondo, il fotografo riesce a strappare un sorriso a chi guarda questa foto, ma anche un importante insegnamento alle future generazioni.<\/p>\n<p>&nbsp;<\/p>\n<h1><strong>Il bacio del marinaio<br \/>\n<img loading=\"lazy\" decoding=\"async\" class=\"size-medium wp-image-128 alignright\" src=\"https:\/\/pianissimo.it\/wp-content\/uploads\/2017\/01\/bacio-192x300.jpg\" alt=\"Il bacio del marinaio\" width=\"192\" height=\"300\" \/><\/strong><\/h1>\n<p>I marinai americani, tornati dalla guerra nel 1945, potevano finalmente riabbracciare i propri cari in patria. Nell\u2019occasione della parata a Times Square per la vittoria sul Giappone, eclatante fu il gesto di questa coppia che si baci\u00f2 avanti ad una macchina fotografica. Tuttavia, la storia \u00e8 meno romantica di quel che si crede: anni dopo, infatti, la donna confess\u00f2 di non conoscere affatto quell\u2019uomo che la aveva baciata con cos\u00ec tanto ardore e n\u00e9 lo ha poi cercato o ritrovato nella sua vita. La foto, comunque, fu il manifesto di un futuro pieno di speranza e amore.<\/p>\n<p>&nbsp;<\/p>\n<h1><strong>Il concerto di Woodstock<br \/>\n<img loading=\"lazy\" decoding=\"async\" class=\"alignleft size-medium wp-image-129\" src=\"https:\/\/pianissimo.it\/wp-content\/uploads\/2017\/01\/woodstock-297x300.jpg\" alt=\"Concerto di Woodstock\" width=\"297\" height=\"300\" \/><\/strong><\/h1>\n<p>Tenutosi in una piccola cittadina dello Stato di New York nell\u2019agosto del 1969, il concerto di Woodstock fu un festival all\u2019insegna della musica e della pace che dur\u00f2 quattro giorni e raccolse giovani provenienti da tutto il mondo. Con l\u2019influenza dei movimenti hippie e con la guerra del Vietnam in corso che contava un bilancio di morti di proporzioni spaventose, il concerto diventer\u00e0 un vero e proprio manifesto del pacifismo e forte sar\u00e0 la sua influenza sulle generazioni successive. In totale, si stima che al festival parteciparono circa quattrocentomila persone.<\/p>\n<p>&nbsp;<\/p>\n<p>&nbsp;<\/p>\n<h1><strong>Smith e Carlos alle Olimpiadi<br \/>\n<img loading=\"lazy\" decoding=\"async\" class=\"size-medium wp-image-130 alignright\" src=\"https:\/\/pianissimo.it\/wp-content\/uploads\/2017\/01\/smith-carlos-205x300.jpg\" alt=\"Smith e Carlos\" width=\"205\" height=\"300\" \/><\/strong><\/h1>\n<p>Le Olimpiadi di Citt\u00e0 del Messico si tennero nel 1968, periodo in cui negli Stati Uniti i movimenti per i diritti civili dei neri avevano un ampio spazio mediatico, grazie innanzitutto alle celebri Pantere Nere, ma anche a personaggi chiave come Malcolm X e Martin Luther King. Tommie Smith e John Carlos vinsero rispettivamente le medaglie d\u2019oro e di bronzo nei 200 metri piani e Smith stabil\u00ec un nuovo record mondiale. Ma fu la cerimonia di premiazione a suscitare scalpore, quando i due americani ascoltarono l\u2019inno a capo chino in segno di vergogna e col pugno guantato in alto in sostegno al movimento delle Pantere Nere. Anche l\u2019australiano Peter Norman, giunto secondo, volle partecipare all\u2019evento di protesta indossando una spilla per i diritti umani.<\/p>\n<p>&nbsp;<\/p>\n<h1><strong>Il guerrigliero eroico<br \/>\n<img loading=\"lazy\" decoding=\"async\" class=\"alignleft size-medium wp-image-131\" src=\"https:\/\/pianissimo.it\/wp-content\/uploads\/2017\/01\/che-guevara-300x199.jpg\" alt=\"Il guerrigliero eroico\" width=\"300\" height=\"199\" \/><\/strong><\/h1>\n<p>In questa foto \u00e8 ritratto Che Guevara durante la commemorazione a l\u2019Havana delle vittime dell\u2019esplosione della fregata francese <em>La Coubre<\/em>. Questa foto, dopo la morte di Che Guevara, divent\u00f2 un simbolo culturale e fecero del Che un\u2019icona del comunismo e della libert\u00e0 per le nuove generazioni.<\/p>\n<p>&nbsp;<\/p>\n<p>&nbsp;<\/p>\n<h1><strong>L\u2019ufficio di Einstein<br \/>\n<img loading=\"lazy\" decoding=\"async\" class=\"size-medium wp-image-132 alignright\" src=\"https:\/\/pianissimo.it\/wp-content\/uploads\/2017\/01\/albert-einstein-300x297.jpg\" alt=\"Ufficio di Einstein\" width=\"300\" height=\"297\" srcset=\"https:\/\/pianissimo.it\/wp-content\/uploads\/2017\/01\/albert-einstein-300x297.jpg 300w, https:\/\/pianissimo.it\/wp-content\/uploads\/2017\/01\/albert-einstein-150x150.jpg 150w, https:\/\/pianissimo.it\/wp-content\/uploads\/2017\/01\/albert-einstein-768x760.jpg 768w, https:\/\/pianissimo.it\/wp-content\/uploads\/2017\/01\/albert-einstein-1024x1014.jpg 1024w, https:\/\/pianissimo.it\/wp-content\/uploads\/2017\/01\/albert-einstein-1080x1069.jpg 1080w, https:\/\/pianissimo.it\/wp-content\/uploads\/2017\/01\/albert-einstein.jpg 1125w\" sizes=\"auto, (max-width: 300px) 100vw, 300px\" \/><\/strong><\/h1>\n<p>Precisamente, l\u2019ufficio di Einstein nel giorno della sua morte. Fu l\u2019unica, in verit\u00e0, ad essere pubblicata quel giorno. Tutto fermo, immobile. Strano, per lo scienziato che aveva cambiato per sempre il mondo.<\/p>\n","protected":false},"excerpt":{"rendered":"<p>La fotografia \u00e8 la forma d\u2019arte pi\u00f9 popolare del momento, grazie alla capacit\u00e0 di cogliere l\u2019attimo e catturare un momento che da solo \u00e8 in grado di raccontare una storia, una vita, un\u2019epoca. Il \u2018900, in particolare, \u00e8 stato un periodo molto florido per l\u2019arte della fotografia e molti sono stati i momenti storici che [&hellip;]<\/p>\n","protected":false},"author":2,"featured_media":139,"comment_status":"open","ping_status":"open","sticky":false,"template":"","format":"standard","meta":{"footnotes":""},"categories":[5,6],"tags":[],"class_list":["post-126","post","type-post","status-publish","format-standard","has-post-thumbnail","hentry","category-fotografia","category-storia"],"yoast_head":"<!-- This site is optimized with the Yoast SEO plugin v26.4 - https:\/\/yoast.com\/wordpress\/plugins\/seo\/ -->\n<title>6 foto che hanno fatto la storia - Pianissimo<\/title>\n<meta name=\"robots\" content=\"index, follow, max-snippet:-1, max-image-preview:large, max-video-preview:-1\" \/>\n<link rel=\"canonical\" href=\"https:\/\/pianissimo.it\/?p=126\" \/>\n<meta property=\"og:locale\" content=\"it_IT\" \/>\n<meta property=\"og:type\" content=\"article\" \/>\n<meta property=\"og:title\" content=\"6 foto che hanno fatto la storia - Pianissimo\" \/>\n<meta property=\"og:description\" content=\"La fotografia \u00e8 la forma d\u2019arte pi\u00f9 popolare del momento, grazie alla capacit\u00e0 di cogliere l\u2019attimo e catturare un momento che da solo \u00e8 in grado di raccontare una storia, una vita, un\u2019epoca. Il \u2018900, in particolare, \u00e8 stato un periodo molto florido per l\u2019arte della fotografia e molti sono stati i momenti storici che [&hellip;]\" \/>\n<meta property=\"og:url\" content=\"https:\/\/pianissimo.it\/?p=126\" \/>\n<meta property=\"og:site_name\" content=\"Pianissimo\" \/>\n<meta property=\"article:published_time\" content=\"2017-01-18T16:56:19+00:00\" \/>\n<meta property=\"article:modified_time\" content=\"2017-04-21T11:37:53+00:00\" \/>\n<meta property=\"og:image\" content=\"https:\/\/pianissimo.it\/wp-content\/uploads\/2017\/01\/fotografia-storia.jpg\" \/>\n\t<meta property=\"og:image:width\" content=\"1920\" \/>\n\t<meta property=\"og:image:height\" content=\"1272\" \/>\n\t<meta property=\"og:image:type\" content=\"image\/jpeg\" \/>\n<meta name=\"author\" content=\"Redazione Pianissimo\" \/>\n<meta name=\"twitter:card\" content=\"summary_large_image\" \/>\n<meta name=\"twitter:label1\" content=\"Scritto da\" \/>\n\t<meta name=\"twitter:data1\" content=\"Redazione Pianissimo\" \/>\n\t<meta name=\"twitter:label2\" content=\"Tempo di lettura stimato\" \/>\n\t<meta name=\"twitter:data2\" content=\"3 minuti\" \/>\n<script type=\"application\/ld+json\" class=\"yoast-schema-graph\">{\"@context\":\"https:\/\/schema.org\",\"@graph\":[{\"@type\":\"Article\",\"@id\":\"https:\/\/pianissimo.it\/?p=126#article\",\"isPartOf\":{\"@id\":\"https:\/\/pianissimo.it\/?p=126\"},\"author\":{\"name\":\"Redazione Pianissimo\",\"@id\":\"https:\/\/pianissimo.it\/#\/schema\/person\/3af0c53515f94abe57e1d7d016f05a4e\"},\"headline\":\"6 foto che hanno fatto la storia\",\"datePublished\":\"2017-01-18T16:56:19+00:00\",\"dateModified\":\"2017-04-21T11:37:53+00:00\",\"mainEntityOfPage\":{\"@id\":\"https:\/\/pianissimo.it\/?p=126\"},\"wordCount\":622,\"commentCount\":0,\"publisher\":{\"@id\":\"https:\/\/pianissimo.it\/#organization\"},\"image\":{\"@id\":\"https:\/\/pianissimo.it\/?p=126#primaryimage\"},\"thumbnailUrl\":\"https:\/\/pianissimo.it\/wp-content\/uploads\/2017\/01\/fotografia-storia.jpg\",\"articleSection\":[\"Fotografia\",\"Storia dell'arte\"],\"inLanguage\":\"it-IT\",\"potentialAction\":[{\"@type\":\"CommentAction\",\"name\":\"Comment\",\"target\":[\"https:\/\/pianissimo.it\/?p=126#respond\"]}]},{\"@type\":\"WebPage\",\"@id\":\"https:\/\/pianissimo.it\/?p=126\",\"url\":\"https:\/\/pianissimo.it\/?p=126\",\"name\":\"6 foto che hanno fatto la storia - Pianissimo\",\"isPartOf\":{\"@id\":\"https:\/\/pianissimo.it\/#website\"},\"primaryImageOfPage\":{\"@id\":\"https:\/\/pianissimo.it\/?p=126#primaryimage\"},\"image\":{\"@id\":\"https:\/\/pianissimo.it\/?p=126#primaryimage\"},\"thumbnailUrl\":\"https:\/\/pianissimo.it\/wp-content\/uploads\/2017\/01\/fotografia-storia.jpg\",\"datePublished\":\"2017-01-18T16:56:19+00:00\",\"dateModified\":\"2017-04-21T11:37:53+00:00\",\"breadcrumb\":{\"@id\":\"https:\/\/pianissimo.it\/?p=126#breadcrumb\"},\"inLanguage\":\"it-IT\",\"potentialAction\":[{\"@type\":\"ReadAction\",\"target\":[\"https:\/\/pianissimo.it\/?p=126\"]}]},{\"@type\":\"ImageObject\",\"inLanguage\":\"it-IT\",\"@id\":\"https:\/\/pianissimo.it\/?p=126#primaryimage\",\"url\":\"https:\/\/pianissimo.it\/wp-content\/uploads\/2017\/01\/fotografia-storia.jpg\",\"contentUrl\":\"https:\/\/pianissimo.it\/wp-content\/uploads\/2017\/01\/fotografia-storia.jpg\",\"width\":1920,\"height\":1272,\"caption\":\"6 foto che hanno fatto la storia\"},{\"@type\":\"BreadcrumbList\",\"@id\":\"https:\/\/pianissimo.it\/?p=126#breadcrumb\",\"itemListElement\":[{\"@type\":\"ListItem\",\"position\":1,\"name\":\"Home\",\"item\":\"https:\/\/pianissimo.it\/\"},{\"@type\":\"ListItem\",\"position\":2,\"name\":\"6 foto che hanno fatto la storia\"}]},{\"@type\":\"WebSite\",\"@id\":\"https:\/\/pianissimo.it\/#website\",\"url\":\"https:\/\/pianissimo.it\/\",\"name\":\"Pianissimo\",\"description\":\"Magazine di attualit\u00e0 e cultura\",\"publisher\":{\"@id\":\"https:\/\/pianissimo.it\/#organization\"},\"potentialAction\":[{\"@type\":\"SearchAction\",\"target\":{\"@type\":\"EntryPoint\",\"urlTemplate\":\"https:\/\/pianissimo.it\/?s={search_term_string}\"},\"query-input\":{\"@type\":\"PropertyValueSpecification\",\"valueRequired\":true,\"valueName\":\"search_term_string\"}}],\"inLanguage\":\"it-IT\"},{\"@type\":\"Organization\",\"@id\":\"https:\/\/pianissimo.it\/#organization\",\"name\":\"Pianissimo\",\"url\":\"https:\/\/pianissimo.it\/\",\"logo\":{\"@type\":\"ImageObject\",\"inLanguage\":\"it-IT\",\"@id\":\"https:\/\/pianissimo.it\/#\/schema\/logo\/image\/\",\"url\":\"https:\/\/pianissimo.it\/wp-content\/uploads\/2017\/07\/cropped-pianissimo-new.png\",\"contentUrl\":\"https:\/\/pianissimo.it\/wp-content\/uploads\/2017\/07\/cropped-pianissimo-new.png\",\"width\":395,\"height\":80,\"caption\":\"Pianissimo\"},\"image\":{\"@id\":\"https:\/\/pianissimo.it\/#\/schema\/logo\/image\/\"}},{\"@type\":\"Person\",\"@id\":\"https:\/\/pianissimo.it\/#\/schema\/person\/3af0c53515f94abe57e1d7d016f05a4e\",\"name\":\"Redazione Pianissimo\",\"image\":{\"@type\":\"ImageObject\",\"inLanguage\":\"it-IT\",\"@id\":\"https:\/\/pianissimo.it\/#\/schema\/person\/image\/\",\"url\":\"https:\/\/secure.gravatar.com\/avatar\/76342d9773f1db1d982023c896336afb4f281c3945daaf7f75fbea96d3bbf608?s=96&d=mm&r=g\",\"contentUrl\":\"https:\/\/secure.gravatar.com\/avatar\/76342d9773f1db1d982023c896336afb4f281c3945daaf7f75fbea96d3bbf608?s=96&d=mm&r=g\",\"caption\":\"Redazione Pianissimo\"},\"url\":\"https:\/\/pianissimo.it\/?author=2\"}]}<\/script>\n<!-- \/ Yoast SEO plugin. -->","yoast_head_json":{"title":"6 foto che hanno fatto la storia - Pianissimo","robots":{"index":"index","follow":"follow","max-snippet":"max-snippet:-1","max-image-preview":"max-image-preview:large","max-video-preview":"max-video-preview:-1"},"canonical":"https:\/\/pianissimo.it\/?p=126","og_locale":"it_IT","og_type":"article","og_title":"6 foto che hanno fatto la storia - Pianissimo","og_description":"La fotografia \u00e8 la forma d\u2019arte pi\u00f9 popolare del momento, grazie alla capacit\u00e0 di cogliere l\u2019attimo e catturare un momento che da solo \u00e8 in grado di raccontare una storia, una vita, un\u2019epoca. Il \u2018900, in particolare, \u00e8 stato un periodo molto florido per l\u2019arte della fotografia e molti sono stati i momenti storici che [&hellip;]","og_url":"https:\/\/pianissimo.it\/?p=126","og_site_name":"Pianissimo","article_published_time":"2017-01-18T16:56:19+00:00","article_modified_time":"2017-04-21T11:37:53+00:00","og_image":[{"width":1920,"height":1272,"url":"https:\/\/pianissimo.it\/wp-content\/uploads\/2017\/01\/fotografia-storia.jpg","type":"image\/jpeg"}],"author":"Redazione Pianissimo","twitter_card":"summary_large_image","twitter_misc":{"Scritto da":"Redazione Pianissimo","Tempo di lettura stimato":"3 minuti"},"schema":{"@context":"https:\/\/schema.org","@graph":[{"@type":"Article","@id":"https:\/\/pianissimo.it\/?p=126#article","isPartOf":{"@id":"https:\/\/pianissimo.it\/?p=126"},"author":{"name":"Redazione Pianissimo","@id":"https:\/\/pianissimo.it\/#\/schema\/person\/3af0c53515f94abe57e1d7d016f05a4e"},"headline":"6 foto che hanno fatto la storia","datePublished":"2017-01-18T16:56:19+00:00","dateModified":"2017-04-21T11:37:53+00:00","mainEntityOfPage":{"@id":"https:\/\/pianissimo.it\/?p=126"},"wordCount":622,"commentCount":0,"publisher":{"@id":"https:\/\/pianissimo.it\/#organization"},"image":{"@id":"https:\/\/pianissimo.it\/?p=126#primaryimage"},"thumbnailUrl":"https:\/\/pianissimo.it\/wp-content\/uploads\/2017\/01\/fotografia-storia.jpg","articleSection":["Fotografia","Storia dell'arte"],"inLanguage":"it-IT","potentialAction":[{"@type":"CommentAction","name":"Comment","target":["https:\/\/pianissimo.it\/?p=126#respond"]}]},{"@type":"WebPage","@id":"https:\/\/pianissimo.it\/?p=126","url":"https:\/\/pianissimo.it\/?p=126","name":"6 foto che hanno fatto la storia - Pianissimo","isPartOf":{"@id":"https:\/\/pianissimo.it\/#website"},"primaryImageOfPage":{"@id":"https:\/\/pianissimo.it\/?p=126#primaryimage"},"image":{"@id":"https:\/\/pianissimo.it\/?p=126#primaryimage"},"thumbnailUrl":"https:\/\/pianissimo.it\/wp-content\/uploads\/2017\/01\/fotografia-storia.jpg","datePublished":"2017-01-18T16:56:19+00:00","dateModified":"2017-04-21T11:37:53+00:00","breadcrumb":{"@id":"https:\/\/pianissimo.it\/?p=126#breadcrumb"},"inLanguage":"it-IT","potentialAction":[{"@type":"ReadAction","target":["https:\/\/pianissimo.it\/?p=126"]}]},{"@type":"ImageObject","inLanguage":"it-IT","@id":"https:\/\/pianissimo.it\/?p=126#primaryimage","url":"https:\/\/pianissimo.it\/wp-content\/uploads\/2017\/01\/fotografia-storia.jpg","contentUrl":"https:\/\/pianissimo.it\/wp-content\/uploads\/2017\/01\/fotografia-storia.jpg","width":1920,"height":1272,"caption":"6 foto che hanno fatto la storia"},{"@type":"BreadcrumbList","@id":"https:\/\/pianissimo.it\/?p=126#breadcrumb","itemListElement":[{"@type":"ListItem","position":1,"name":"Home","item":"https:\/\/pianissimo.it\/"},{"@type":"ListItem","position":2,"name":"6 foto che hanno fatto la storia"}]},{"@type":"WebSite","@id":"https:\/\/pianissimo.it\/#website","url":"https:\/\/pianissimo.it\/","name":"Pianissimo","description":"Magazine di attualit\u00e0 e cultura","publisher":{"@id":"https:\/\/pianissimo.it\/#organization"},"potentialAction":[{"@type":"SearchAction","target":{"@type":"EntryPoint","urlTemplate":"https:\/\/pianissimo.it\/?s={search_term_string}"},"query-input":{"@type":"PropertyValueSpecification","valueRequired":true,"valueName":"search_term_string"}}],"inLanguage":"it-IT"},{"@type":"Organization","@id":"https:\/\/pianissimo.it\/#organization","name":"Pianissimo","url":"https:\/\/pianissimo.it\/","logo":{"@type":"ImageObject","inLanguage":"it-IT","@id":"https:\/\/pianissimo.it\/#\/schema\/logo\/image\/","url":"https:\/\/pianissimo.it\/wp-content\/uploads\/2017\/07\/cropped-pianissimo-new.png","contentUrl":"https:\/\/pianissimo.it\/wp-content\/uploads\/2017\/07\/cropped-pianissimo-new.png","width":395,"height":80,"caption":"Pianissimo"},"image":{"@id":"https:\/\/pianissimo.it\/#\/schema\/logo\/image\/"}},{"@type":"Person","@id":"https:\/\/pianissimo.it\/#\/schema\/person\/3af0c53515f94abe57e1d7d016f05a4e","name":"Redazione Pianissimo","image":{"@type":"ImageObject","inLanguage":"it-IT","@id":"https:\/\/pianissimo.it\/#\/schema\/person\/image\/","url":"https:\/\/secure.gravatar.com\/avatar\/76342d9773f1db1d982023c896336afb4f281c3945daaf7f75fbea96d3bbf608?s=96&d=mm&r=g","contentUrl":"https:\/\/secure.gravatar.com\/avatar\/76342d9773f1db1d982023c896336afb4f281c3945daaf7f75fbea96d3bbf608?s=96&d=mm&r=g","caption":"Redazione Pianissimo"},"url":"https:\/\/pianissimo.it\/?author=2"}]}},"_links":{"self":[{"href":"https:\/\/pianissimo.it\/index.php?rest_route=\/wp\/v2\/posts\/126","targetHints":{"allow":["GET"]}}],"collection":[{"href":"https:\/\/pianissimo.it\/index.php?rest_route=\/wp\/v2\/posts"}],"about":[{"href":"https:\/\/pianissimo.it\/index.php?rest_route=\/wp\/v2\/types\/post"}],"author":[{"embeddable":true,"href":"https:\/\/pianissimo.it\/index.php?rest_route=\/wp\/v2\/users\/2"}],"replies":[{"embeddable":true,"href":"https:\/\/pianissimo.it\/index.php?rest_route=%2Fwp%2Fv2%2Fcomments&post=126"}],"version-history":[{"count":3,"href":"https:\/\/pianissimo.it\/index.php?rest_route=\/wp\/v2\/posts\/126\/revisions"}],"predecessor-version":[{"id":140,"href":"https:\/\/pianissimo.it\/index.php?rest_route=\/wp\/v2\/posts\/126\/revisions\/140"}],"wp:featuredmedia":[{"embeddable":true,"href":"https:\/\/pianissimo.it\/index.php?rest_route=\/wp\/v2\/media\/139"}],"wp:attachment":[{"href":"https:\/\/pianissimo.it\/index.php?rest_route=%2Fwp%2Fv2%2Fmedia&parent=126"}],"wp:term":[{"taxonomy":"category","embeddable":true,"href":"https:\/\/pianissimo.it\/index.php?rest_route=%2Fwp%2Fv2%2Fcategories&post=126"},{"taxonomy":"post_tag","embeddable":true,"href":"https:\/\/pianissimo.it\/index.php?rest_route=%2Fwp%2Fv2%2Ftags&post=126"}],"curies":[{"name":"wp","href":"https:\/\/api.w.org\/{rel}","templated":true}]}}