{"id":124,"date":"2017-01-18T17:37:03","date_gmt":"2017-01-18T16:37:03","guid":{"rendered":"http:\/\/wikicompetenze.it\/?p=124"},"modified":"2017-04-21T13:37:54","modified_gmt":"2017-04-21T11:37:54","slug":"la-fotografia-nellera-digitale","status":"publish","type":"post","link":"https:\/\/pianissimo.it\/?p=124","title":{"rendered":"La fotografia nell&#8217;era digitale"},"content":{"rendered":"<p>All\u2019alba del terzo millennio sapevamo tutti che il mondo sarebbe cambiato radicalmente. Avevamo gi\u00e0 i cellulari, le auto con l\u2019aria condizionata e le armi chimiche di distruzione di massa, ma soprattutto avevamo Internet. Eravamo coscienti che mescolando le potenzialit\u00e0 comunicative dei cellulari con la capillarit\u00e0 di Internet saremmo riusciti a creare qualcosa che avrebbe radicalmente cambiato la nostra vita quotidiana.<\/p>\n<p>Oggi abbiamo un solo strumento in tasca che ci permette di fare quasi tutto: chiamiamo e inviamo messaggi di testo, ma lo usiamo anche per tenere a mente gli impegni, per svegliarci la mattina, per fare calcoli, per giocare (anche in borsa), per restare informati e per scattare fotografie.<\/p>\n<p>Quest\u2019ultima possibilit\u00e0 \u00e8 senza ombra di dubbio quella pi\u00f9 interessante, poich\u00e9 ha diversi vantaggi:<\/p>\n<ul>\n<li>Permette di catturare un momento unico anche se non si ha a disposizione una vera e propria fotocamera;<\/li>\n<li>Sebbene esista ancora una grandissima differenza tra una fotocamera ed un cellulare, la qualit\u00e0 di quest\u2019ultimo \u00e8 accettabile e comunque al di sopra degli standard di buona qualit\u00e0;<\/li>\n<li>Grazie all\u2019uso della memoria del cellulare, non si \u00e8 pi\u00f9 limitati a quelle classiche 24 o 36 fotografie delle pellicole Kodak e Polaroid;<\/li>\n<li>La fotografia, prima riservata a pochi, \u00e8 ora uno strumento alla portata di tutti.<\/li>\n<\/ul>\n<p>Eh s\u00ec, la semplicit\u00e0 di qualche click e la possibilit\u00e0 di poter modificare le foto con filtri ed effetti di ogni tipo ha reso la fotografia una forma d\u2019arte a cui tutti possono accedere e della quale tutti possono essere protagonisti. Cos\u00ec persone che fino a qualche anno fa non volevano saperne nulla di fotografia, oggi hanno una galleria con centinaia di foto e account sui vari social network.<\/p>\n<p>D\u2019altro canto, non si pu\u00f2 non notare come i soggetti della fotografia siano cambiati: un comico una volta disse: \u00absono sicuro che se ci fossero ancora le macchine fotografiche con la pellicola, la gente ci penserebbe due volte prima di fotografarsi i piedi\u00bb.<\/p>\n<p>Diciamoci la verit\u00e0, un po\u2019 (o molto) ha ragione: oggi si fotografa di tutto. Tra molti anni i nostri figli avranno un archivio di foto enorme e potranno ricordare ogni momento della loro infanzia (tanto i file non occupano spazio in casa come i vecchi album fotografici).<\/p>\n<p>La verit\u00e0 \u00e8 che le possibilit\u00e0 offerte dai cellulari hanno inevitabilmente trascinato la fotografia verso il basso, e trovare uno scatto significativo, degno di essere definito tale, \u00e8 un\u2019impresa molto difficile, nel mare della quotidianit\u00e0.<\/p>\n<p>Ma se questo \u00e8 vero per la qualit\u00e0 della fotografia, non possiamo dire la stessa cosa della sua popolarit\u00e0: nell\u2019era digitale, la fotografia \u00e8 la forma di arte visuale pi\u00f9 popolare al mondo.<\/p>\n<p>Proprio il fatto che tutti possano accedervi e che tutto sia condivisibile attraverso i social network, ha fatto s\u00ec che la fotografia ritrovasse un nuovo splendore. Oggi comunichiamo quasi tutto con le foto: la nostra vita, le nostre passioni, i nostri pensieri e i nostri stati d\u2019animo possono essere espressi pi\u00f9 facilmente con la fotografia che con la parola.<\/p>\n<p>La fotografia, insomma, ha ridato voglia di comunicare ad una societ\u00e0 che ormai si avviava verso un\u2019incomunicabilit\u00e0 senza speranza. Certo, comunicare oggi \u00e8 un\u2019esperienza del tutto diversa rispetto a venti anni fa, ma non \u00e8 pi\u00f9 vero che siamo completamente soli: siamo semplicemente affezionati alle nostre forme di comunicazione, il che vuol dire che ancora non riusciamo a capire bene quelle nuove.<\/p>\n<p>Una cosa, per\u00f2, \u00e8 certa: la fotografia non \u00e8 morta, anzi, \u00e8 la protagonista della comunicazione nell\u2019era di Internet.<\/p>\n","protected":false},"excerpt":{"rendered":"<p>All\u2019alba del terzo millennio sapevamo tutti che il mondo sarebbe cambiato radicalmente. Avevamo gi\u00e0 i cellulari, le auto con l\u2019aria condizionata e le armi chimiche di distruzione di massa, ma soprattutto avevamo Internet. Eravamo coscienti che mescolando le potenzialit\u00e0 comunicative dei cellulari con la capillarit\u00e0 di Internet saremmo riusciti a creare qualcosa che avrebbe radicalmente [&hellip;]<\/p>\n","protected":false},"author":2,"featured_media":141,"comment_status":"open","ping_status":"open","sticky":false,"template":"","format":"standard","meta":{"footnotes":""},"categories":[5],"tags":[],"class_list":["post-124","post","type-post","status-publish","format-standard","has-post-thumbnail","hentry","category-fotografia"],"yoast_head":"<!-- This site is optimized with the Yoast SEO plugin v26.4 - https:\/\/yoast.com\/wordpress\/plugins\/seo\/ -->\n<title>La fotografia nell&#039;era digitale - Pianissimo<\/title>\n<meta name=\"robots\" content=\"index, follow, max-snippet:-1, max-image-preview:large, max-video-preview:-1\" \/>\n<link rel=\"canonical\" href=\"https:\/\/pianissimo.it\/?p=124\" \/>\n<meta property=\"og:locale\" content=\"it_IT\" \/>\n<meta property=\"og:type\" content=\"article\" \/>\n<meta property=\"og:title\" content=\"La fotografia nell&#039;era digitale - Pianissimo\" \/>\n<meta property=\"og:description\" content=\"All\u2019alba del terzo millennio sapevamo tutti che il mondo sarebbe cambiato radicalmente. Avevamo gi\u00e0 i cellulari, le auto con l\u2019aria condizionata e le armi chimiche di distruzione di massa, ma soprattutto avevamo Internet. Eravamo coscienti che mescolando le potenzialit\u00e0 comunicative dei cellulari con la capillarit\u00e0 di Internet saremmo riusciti a creare qualcosa che avrebbe radicalmente [&hellip;]\" \/>\n<meta property=\"og:url\" content=\"https:\/\/pianissimo.it\/?p=124\" \/>\n<meta property=\"og:site_name\" content=\"Pianissimo\" \/>\n<meta property=\"article:published_time\" content=\"2017-01-18T16:37:03+00:00\" \/>\n<meta property=\"article:modified_time\" content=\"2017-04-21T11:37:54+00:00\" \/>\n<meta property=\"og:image\" content=\"https:\/\/pianissimo.it\/wp-content\/uploads\/2017\/01\/fotografia.jpg\" \/>\n\t<meta property=\"og:image:width\" content=\"3000\" \/>\n\t<meta property=\"og:image:height\" content=\"2000\" \/>\n\t<meta property=\"og:image:type\" content=\"image\/jpeg\" \/>\n<meta name=\"author\" content=\"Redazione Pianissimo\" \/>\n<meta name=\"twitter:card\" content=\"summary_large_image\" \/>\n<meta name=\"twitter:label1\" content=\"Scritto da\" \/>\n\t<meta name=\"twitter:data1\" content=\"Redazione Pianissimo\" \/>\n\t<meta name=\"twitter:label2\" content=\"Tempo di lettura stimato\" \/>\n\t<meta name=\"twitter:data2\" content=\"3 minuti\" \/>\n<script type=\"application\/ld+json\" class=\"yoast-schema-graph\">{\"@context\":\"https:\/\/schema.org\",\"@graph\":[{\"@type\":\"Article\",\"@id\":\"https:\/\/pianissimo.it\/?p=124#article\",\"isPartOf\":{\"@id\":\"https:\/\/pianissimo.it\/?p=124\"},\"author\":{\"name\":\"Redazione Pianissimo\",\"@id\":\"https:\/\/pianissimo.it\/#\/schema\/person\/3af0c53515f94abe57e1d7d016f05a4e\"},\"headline\":\"La fotografia nell&#8217;era digitale\",\"datePublished\":\"2017-01-18T16:37:03+00:00\",\"dateModified\":\"2017-04-21T11:37:54+00:00\",\"mainEntityOfPage\":{\"@id\":\"https:\/\/pianissimo.it\/?p=124\"},\"wordCount\":575,\"commentCount\":0,\"publisher\":{\"@id\":\"https:\/\/pianissimo.it\/#organization\"},\"image\":{\"@id\":\"https:\/\/pianissimo.it\/?p=124#primaryimage\"},\"thumbnailUrl\":\"https:\/\/pianissimo.it\/wp-content\/uploads\/2017\/01\/fotografia.jpg\",\"articleSection\":[\"Fotografia\"],\"inLanguage\":\"it-IT\",\"potentialAction\":[{\"@type\":\"CommentAction\",\"name\":\"Comment\",\"target\":[\"https:\/\/pianissimo.it\/?p=124#respond\"]}]},{\"@type\":\"WebPage\",\"@id\":\"https:\/\/pianissimo.it\/?p=124\",\"url\":\"https:\/\/pianissimo.it\/?p=124\",\"name\":\"La fotografia nell'era digitale - Pianissimo\",\"isPartOf\":{\"@id\":\"https:\/\/pianissimo.it\/#website\"},\"primaryImageOfPage\":{\"@id\":\"https:\/\/pianissimo.it\/?p=124#primaryimage\"},\"image\":{\"@id\":\"https:\/\/pianissimo.it\/?p=124#primaryimage\"},\"thumbnailUrl\":\"https:\/\/pianissimo.it\/wp-content\/uploads\/2017\/01\/fotografia.jpg\",\"datePublished\":\"2017-01-18T16:37:03+00:00\",\"dateModified\":\"2017-04-21T11:37:54+00:00\",\"breadcrumb\":{\"@id\":\"https:\/\/pianissimo.it\/?p=124#breadcrumb\"},\"inLanguage\":\"it-IT\",\"potentialAction\":[{\"@type\":\"ReadAction\",\"target\":[\"https:\/\/pianissimo.it\/?p=124\"]}]},{\"@type\":\"ImageObject\",\"inLanguage\":\"it-IT\",\"@id\":\"https:\/\/pianissimo.it\/?p=124#primaryimage\",\"url\":\"https:\/\/pianissimo.it\/wp-content\/uploads\/2017\/01\/fotografia.jpg\",\"contentUrl\":\"https:\/\/pianissimo.it\/wp-content\/uploads\/2017\/01\/fotografia.jpg\",\"width\":3000,\"height\":2000,\"caption\":\"La fotografia nell'era digitale\"},{\"@type\":\"BreadcrumbList\",\"@id\":\"https:\/\/pianissimo.it\/?p=124#breadcrumb\",\"itemListElement\":[{\"@type\":\"ListItem\",\"position\":1,\"name\":\"Home\",\"item\":\"https:\/\/pianissimo.it\/\"},{\"@type\":\"ListItem\",\"position\":2,\"name\":\"La fotografia nell&#8217;era digitale\"}]},{\"@type\":\"WebSite\",\"@id\":\"https:\/\/pianissimo.it\/#website\",\"url\":\"https:\/\/pianissimo.it\/\",\"name\":\"Pianissimo\",\"description\":\"Magazine di attualit\u00e0 e cultura\",\"publisher\":{\"@id\":\"https:\/\/pianissimo.it\/#organization\"},\"potentialAction\":[{\"@type\":\"SearchAction\",\"target\":{\"@type\":\"EntryPoint\",\"urlTemplate\":\"https:\/\/pianissimo.it\/?s={search_term_string}\"},\"query-input\":{\"@type\":\"PropertyValueSpecification\",\"valueRequired\":true,\"valueName\":\"search_term_string\"}}],\"inLanguage\":\"it-IT\"},{\"@type\":\"Organization\",\"@id\":\"https:\/\/pianissimo.it\/#organization\",\"name\":\"Pianissimo\",\"url\":\"https:\/\/pianissimo.it\/\",\"logo\":{\"@type\":\"ImageObject\",\"inLanguage\":\"it-IT\",\"@id\":\"https:\/\/pianissimo.it\/#\/schema\/logo\/image\/\",\"url\":\"https:\/\/pianissimo.it\/wp-content\/uploads\/2017\/07\/cropped-pianissimo-new.png\",\"contentUrl\":\"https:\/\/pianissimo.it\/wp-content\/uploads\/2017\/07\/cropped-pianissimo-new.png\",\"width\":395,\"height\":80,\"caption\":\"Pianissimo\"},\"image\":{\"@id\":\"https:\/\/pianissimo.it\/#\/schema\/logo\/image\/\"}},{\"@type\":\"Person\",\"@id\":\"https:\/\/pianissimo.it\/#\/schema\/person\/3af0c53515f94abe57e1d7d016f05a4e\",\"name\":\"Redazione Pianissimo\",\"image\":{\"@type\":\"ImageObject\",\"inLanguage\":\"it-IT\",\"@id\":\"https:\/\/pianissimo.it\/#\/schema\/person\/image\/\",\"url\":\"https:\/\/secure.gravatar.com\/avatar\/76342d9773f1db1d982023c896336afb4f281c3945daaf7f75fbea96d3bbf608?s=96&d=mm&r=g\",\"contentUrl\":\"https:\/\/secure.gravatar.com\/avatar\/76342d9773f1db1d982023c896336afb4f281c3945daaf7f75fbea96d3bbf608?s=96&d=mm&r=g\",\"caption\":\"Redazione Pianissimo\"},\"url\":\"https:\/\/pianissimo.it\/?author=2\"}]}<\/script>\n<!-- \/ Yoast SEO plugin. -->","yoast_head_json":{"title":"La fotografia nell'era digitale - Pianissimo","robots":{"index":"index","follow":"follow","max-snippet":"max-snippet:-1","max-image-preview":"max-image-preview:large","max-video-preview":"max-video-preview:-1"},"canonical":"https:\/\/pianissimo.it\/?p=124","og_locale":"it_IT","og_type":"article","og_title":"La fotografia nell'era digitale - Pianissimo","og_description":"All\u2019alba del terzo millennio sapevamo tutti che il mondo sarebbe cambiato radicalmente. Avevamo gi\u00e0 i cellulari, le auto con l\u2019aria condizionata e le armi chimiche di distruzione di massa, ma soprattutto avevamo Internet. Eravamo coscienti che mescolando le potenzialit\u00e0 comunicative dei cellulari con la capillarit\u00e0 di Internet saremmo riusciti a creare qualcosa che avrebbe radicalmente [&hellip;]","og_url":"https:\/\/pianissimo.it\/?p=124","og_site_name":"Pianissimo","article_published_time":"2017-01-18T16:37:03+00:00","article_modified_time":"2017-04-21T11:37:54+00:00","og_image":[{"width":3000,"height":2000,"url":"https:\/\/pianissimo.it\/wp-content\/uploads\/2017\/01\/fotografia.jpg","type":"image\/jpeg"}],"author":"Redazione Pianissimo","twitter_card":"summary_large_image","twitter_misc":{"Scritto da":"Redazione Pianissimo","Tempo di lettura stimato":"3 minuti"},"schema":{"@context":"https:\/\/schema.org","@graph":[{"@type":"Article","@id":"https:\/\/pianissimo.it\/?p=124#article","isPartOf":{"@id":"https:\/\/pianissimo.it\/?p=124"},"author":{"name":"Redazione Pianissimo","@id":"https:\/\/pianissimo.it\/#\/schema\/person\/3af0c53515f94abe57e1d7d016f05a4e"},"headline":"La fotografia nell&#8217;era digitale","datePublished":"2017-01-18T16:37:03+00:00","dateModified":"2017-04-21T11:37:54+00:00","mainEntityOfPage":{"@id":"https:\/\/pianissimo.it\/?p=124"},"wordCount":575,"commentCount":0,"publisher":{"@id":"https:\/\/pianissimo.it\/#organization"},"image":{"@id":"https:\/\/pianissimo.it\/?p=124#primaryimage"},"thumbnailUrl":"https:\/\/pianissimo.it\/wp-content\/uploads\/2017\/01\/fotografia.jpg","articleSection":["Fotografia"],"inLanguage":"it-IT","potentialAction":[{"@type":"CommentAction","name":"Comment","target":["https:\/\/pianissimo.it\/?p=124#respond"]}]},{"@type":"WebPage","@id":"https:\/\/pianissimo.it\/?p=124","url":"https:\/\/pianissimo.it\/?p=124","name":"La fotografia nell'era digitale - Pianissimo","isPartOf":{"@id":"https:\/\/pianissimo.it\/#website"},"primaryImageOfPage":{"@id":"https:\/\/pianissimo.it\/?p=124#primaryimage"},"image":{"@id":"https:\/\/pianissimo.it\/?p=124#primaryimage"},"thumbnailUrl":"https:\/\/pianissimo.it\/wp-content\/uploads\/2017\/01\/fotografia.jpg","datePublished":"2017-01-18T16:37:03+00:00","dateModified":"2017-04-21T11:37:54+00:00","breadcrumb":{"@id":"https:\/\/pianissimo.it\/?p=124#breadcrumb"},"inLanguage":"it-IT","potentialAction":[{"@type":"ReadAction","target":["https:\/\/pianissimo.it\/?p=124"]}]},{"@type":"ImageObject","inLanguage":"it-IT","@id":"https:\/\/pianissimo.it\/?p=124#primaryimage","url":"https:\/\/pianissimo.it\/wp-content\/uploads\/2017\/01\/fotografia.jpg","contentUrl":"https:\/\/pianissimo.it\/wp-content\/uploads\/2017\/01\/fotografia.jpg","width":3000,"height":2000,"caption":"La fotografia nell'era digitale"},{"@type":"BreadcrumbList","@id":"https:\/\/pianissimo.it\/?p=124#breadcrumb","itemListElement":[{"@type":"ListItem","position":1,"name":"Home","item":"https:\/\/pianissimo.it\/"},{"@type":"ListItem","position":2,"name":"La fotografia nell&#8217;era digitale"}]},{"@type":"WebSite","@id":"https:\/\/pianissimo.it\/#website","url":"https:\/\/pianissimo.it\/","name":"Pianissimo","description":"Magazine di attualit\u00e0 e cultura","publisher":{"@id":"https:\/\/pianissimo.it\/#organization"},"potentialAction":[{"@type":"SearchAction","target":{"@type":"EntryPoint","urlTemplate":"https:\/\/pianissimo.it\/?s={search_term_string}"},"query-input":{"@type":"PropertyValueSpecification","valueRequired":true,"valueName":"search_term_string"}}],"inLanguage":"it-IT"},{"@type":"Organization","@id":"https:\/\/pianissimo.it\/#organization","name":"Pianissimo","url":"https:\/\/pianissimo.it\/","logo":{"@type":"ImageObject","inLanguage":"it-IT","@id":"https:\/\/pianissimo.it\/#\/schema\/logo\/image\/","url":"https:\/\/pianissimo.it\/wp-content\/uploads\/2017\/07\/cropped-pianissimo-new.png","contentUrl":"https:\/\/pianissimo.it\/wp-content\/uploads\/2017\/07\/cropped-pianissimo-new.png","width":395,"height":80,"caption":"Pianissimo"},"image":{"@id":"https:\/\/pianissimo.it\/#\/schema\/logo\/image\/"}},{"@type":"Person","@id":"https:\/\/pianissimo.it\/#\/schema\/person\/3af0c53515f94abe57e1d7d016f05a4e","name":"Redazione Pianissimo","image":{"@type":"ImageObject","inLanguage":"it-IT","@id":"https:\/\/pianissimo.it\/#\/schema\/person\/image\/","url":"https:\/\/secure.gravatar.com\/avatar\/76342d9773f1db1d982023c896336afb4f281c3945daaf7f75fbea96d3bbf608?s=96&d=mm&r=g","contentUrl":"https:\/\/secure.gravatar.com\/avatar\/76342d9773f1db1d982023c896336afb4f281c3945daaf7f75fbea96d3bbf608?s=96&d=mm&r=g","caption":"Redazione Pianissimo"},"url":"https:\/\/pianissimo.it\/?author=2"}]}},"_links":{"self":[{"href":"https:\/\/pianissimo.it\/index.php?rest_route=\/wp\/v2\/posts\/124","targetHints":{"allow":["GET"]}}],"collection":[{"href":"https:\/\/pianissimo.it\/index.php?rest_route=\/wp\/v2\/posts"}],"about":[{"href":"https:\/\/pianissimo.it\/index.php?rest_route=\/wp\/v2\/types\/post"}],"author":[{"embeddable":true,"href":"https:\/\/pianissimo.it\/index.php?rest_route=\/wp\/v2\/users\/2"}],"replies":[{"embeddable":true,"href":"https:\/\/pianissimo.it\/index.php?rest_route=%2Fwp%2Fv2%2Fcomments&post=124"}],"version-history":[{"count":1,"href":"https:\/\/pianissimo.it\/index.php?rest_route=\/wp\/v2\/posts\/124\/revisions"}],"predecessor-version":[{"id":130,"href":"https:\/\/pianissimo.it\/index.php?rest_route=\/wp\/v2\/posts\/124\/revisions\/130"}],"wp:featuredmedia":[{"embeddable":true,"href":"https:\/\/pianissimo.it\/index.php?rest_route=\/wp\/v2\/media\/141"}],"wp:attachment":[{"href":"https:\/\/pianissimo.it\/index.php?rest_route=%2Fwp%2Fv2%2Fmedia&parent=124"}],"wp:term":[{"taxonomy":"category","embeddable":true,"href":"https:\/\/pianissimo.it\/index.php?rest_route=%2Fwp%2Fv2%2Fcategories&post=124"},{"taxonomy":"post_tag","embeddable":true,"href":"https:\/\/pianissimo.it\/index.php?rest_route=%2Fwp%2Fv2%2Ftags&post=124"}],"curies":[{"name":"wp","href":"https:\/\/api.w.org\/{rel}","templated":true}]}}