{"id":1116,"date":"2026-03-17T11:30:17","date_gmt":"2026-03-17T10:30:17","guid":{"rendered":"https:\/\/pianissimo.it\/?p=1116"},"modified":"2026-03-17T11:30:17","modified_gmt":"2026-03-17T10:30:17","slug":"la-tragedia-di-lampedusa-2013-il-dramma-dei-migranti-in-europa","status":"publish","type":"post","link":"https:\/\/pianissimo.it\/?p=1116","title":{"rendered":"La tragedia di Lampedusa 2013: il dramma dei migranti in Europa"},"content":{"rendered":"<p> La tragedia di Lampedusa nel 2013 rappresenta uno dei capitoli pi\u00f9 oscuri nella storia dei migranti in Europa. Un evento\u200d che \u200cha scosso le coscienze \u2062collettive e ha messo in luce le\u200b sfide e le contraddizioni di un continente che si\u200b erge a\u2062 baluardo dei diritti \u200cumani, \u2063ma che allo stesso tempo si confronta con \u200cl\u2019inevitabile realt\u00e0 del \u200dfenomeno migratorio.Il 3 ottobre \u200d2013,\u2063 un naufragio al largo dell&#8217;isola italiana port\u00f2 alla morte di oltre 360 persone, molte delle quali in cerca di una vita migliore, lontano da conflitti e povert\u00e0. Questo dramma non rappresenta soltanto\u200c una \u2062tragedia personale per\u200c le famiglie coinvolte, ma \u00e8 anche un richiamo urgente all&#8217;attenzione politica e\u2064 sociale, un invito a riflettere sulle politiche migratorie europee e su come queste influenzino il destino di migliaia di vite. Oggi, a oltre un decennio da quel tragico\u200d evento, \u00e8 fondamentale ripercorrere le sue cause, le sue\u200d conseguenze e le lezioni che ne \u200dderivano per il\u200b futuro della solidariet\u00e0 europea e\u200b degli esseri umani\u200b che l&#8217;attraversano.<\/p>\n<h2 id=\"la-rotta-verso-lignoto-il-contesto-migratorio-del-2013\">La rotta verso l&#8217;ignoto: \u2063il contesto migratorio del 2013<\/h2>\n<p>Nel \u20642013, l\u2019Europa si trov\u00f2\u2064 ad affrontare uno dei periodi \u2064pi\u00f9 critici \u2064della sua recente storia in materia di \u2064migrazione. Lampedusa,\u2063 un\u2019isola \u200bal centro del Mediterraneo, divenne il simbolo di una\u200c crisi umanitaria che si stava manifestando con tutte le sue drammatiche sfaccettature. La\u200b tragedia di ottobre,\u2063 quando un naufragio cost\u00f2 la vita a oltre 360 persone, scosse le coscienze europee e mise\u2064 in\u200b luce le conseguenze di decenni di politiche migratorie non coordinate e inefficaci.<\/p>\n<p>Le radici della crisi migratoria del\u2062 2013 possono\u200b essere ricondotte a una \u200dserie di fattori geopolitici e socio-economici. L\u2019instabilit\u00e0 in Africa e in Medio oriente,alimentata da conflitti armati,persecuzioni e crisi economiche,spinse migliaia di persone a intraprendere il pericoloso viaggio verso l\u2019Europa.Molti di questi migranti erano in\u2063 fuga da situazioni disperate, cercando sicurezza e opportunit\u00e0 in territori che sembravano\u2064 promettere una vita migliore. \u200b <\/p>\n<p>Il contesto europeo,\u200c negli anni antecedenti il 2013, stava gi\u00e0 subendo un cambiamento significativo.\u2064 Le politiche di immigrazione si facevano sempre pi\u00f9 restrittive, portando a una diminuzione dei \u2062canali sicuri per migrare.\u2063 Gli accordi di riadmissione tra paesi, la costruzione di muri e barriere, e l\u2019esternalizzazione della gestione delle frontiere, crearono un ambiente dove la migrazione clandestina divenne la norma. Questo port\u00f2 a un aumento\u200c dei viaggi via mare, con gli scafisti che approfittavano della disperazione umana.<\/p>\n<p>Lampedusa, spesso vista \u200ccome porta d\u2019Europa, registr\u00f2 un \u200cnumero crescente di arrivi nel 2013. la piccola isola, con \u200cuna popolazione di meno di 6.000 abitanti, vide le \u2064sue risorse mettere a dura prova il peso dell\u2019emergenza migratoria. I centri di identificazione e prima accoglienza, gi\u00e0 congestionati, diventavano luoghi di sofferenza, dove \u2062i migranti vivevano\u2062 in condizioni precarie, privi di assistenza adeguata.<\/p>\n<p>Il naufragio del 3\u200b ottobre\u200d 2013 rivel\u00f2 le drammatiche conseguenze di questa situazione. Un barcone sovraccarico di\u200d persone si capovolse e \u2063affond\u00f2, portando con s\u00e9 sogni di un futuro migliore. Le immagini\u200d di corpi senza vita sulle spiagge di Lampedusa provocarono una reazione immediata e intensa, sia a\u200d livello nazionale che internazionale. La stampa di tutto il mondo si concentr\u00f2 sulla tragedia, evidenziando \u200dnon solo le storie di\u200b chi era andato\u200c perduto, ma anche la necessit\u00e0 di un cambiamento radicale nelle politiche migratorie europee.<\/p>\n<p>In\u2062 risposta a questa crisi, emersero innumerevoli appelli \u200dda parte di\u200c governi, organizzazioni umanitarie \u2062e cittadini comuni.La frase &#8220;Mai pi\u00f9&#8221; divenne un mantra per chi chiedeva\u2063 tutele \u2063per i migranti e una gestione pi\u00f9 umana delle frontiere. Anche la Commissione Europea si trov\u00f2 a riflettere sulla necessit\u00e0 di una strategia comune, riconoscendo \u2062che la gestione\u2062 della \u200bmigrazione non poteva essere lasciata esclusivamente in mano ai singoli Stati membri.<\/p>\n<p>Tuttavia, il dibattito sulle politiche migratorie non \u00e8 mai stato semplice. Le posizioni divergenti all&#8217;interno dell&#8217;Unione Europea hanno spesso ostacolato l&#8217;adozione di \u200bmisure \u2062efficaci e coese.\u2063 I paesi del Sud Europa,\u200d come Italia e Grecia, si sentivano abbandonati a gestire \u2064un problema che non era solo loro, mentre i paesi del Nord tendevano a mantenere una posizione pi\u00f9 inclusiva \u200cma con pesanti riserve sui flussi migratori.<\/p>\n<p>La tragedia\u200c di Lampedusa ha quindi messo in luce non solo\u200c una crisi umanitaria ma anche una crisi di valori e responsabilit\u00e0\u2064 condivisa. L&#8217;Europa,che si vanta di essere un bastione di diritti umani e democrazia,ha \u2063dovuto fare i\u2062 conti con il proprio\u200d fallimento nel proteggere le vite di coloro che cercavano una via d&#8217;uscita dalle loro sofferenze. Il 2013 \u00e8 stato un anno di svolta, che ha spinto a riflessioni pi\u00f9\u2062 profonde sulla natura della migrazione, sui diritti dei migranti e sul futuro dell&#8217;Europa stessa. <\/p>\n<p>Le domande rimangono\u2064 aperte: quale direzione\u200b devono prendere le politiche migratorie? \u2064Come pu\u00f2 l&#8217;Europa coniugare sicurezza e \u2063umanit\u00e0? E soprattutto,\u200d come \u2062garantire che tragedie come quella di Lampedusa non si ripetano mai pi\u00f9?<\/p>\n","protected":false},"excerpt":{"rendered":"<p>La tragedia di Lampedusa nel 2013 segna un momento cruciale nella storia dell&#8217;immigrazione in Europa. Il naufragio di migliaia di migranti ha risvegliato le coscienze, evidenziando l&#8217;urgenza di una risposta umanitaria e di politiche pi\u00f9 inclusive nel Mediterraneo.<\/p>\n","protected":false},"author":2,"featured_media":0,"comment_status":"open","ping_status":"open","sticky":false,"template":"","format":"standard","meta":{"footnotes":""},"categories":[1],"tags":[848,158,159,846,843,149,849,844,842,847,845,178,543,194,289,841],"class_list":["post-1116","post","type-post","status-publish","format-standard","hentry","category-pittura","tag-accoglienza","tag-crisi-migratoria","tag-diritti-umani","tag-dramma-umano","tag-europa","tag-immigrazione","tag-legislazione-migratoria","tag-mediterraneo","tag-migranti","tag-oceano","tag-politiche-europee","tag-rifugiati","tag-salute-pubblica","tag-sicurezza","tag-soccorso","tag-tragedia-di-lampedusa"],"yoast_head":"<!-- This site is optimized with the Yoast SEO plugin v26.4 - https:\/\/yoast.com\/wordpress\/plugins\/seo\/ -->\n<title>La tragedia di Lampedusa 2013: il dramma dei migranti in Europa - Pianissimo<\/title>\n<meta name=\"robots\" content=\"index, follow, max-snippet:-1, max-image-preview:large, max-video-preview:-1\" \/>\n<link rel=\"canonical\" href=\"https:\/\/pianissimo.it\/?p=1116\" \/>\n<meta property=\"og:locale\" content=\"it_IT\" \/>\n<meta property=\"og:type\" content=\"article\" \/>\n<meta property=\"og:title\" content=\"La tragedia di Lampedusa 2013: il dramma dei migranti in Europa - Pianissimo\" \/>\n<meta property=\"og:description\" content=\"La tragedia di Lampedusa nel 2013 segna un momento cruciale nella storia dell&#039;immigrazione in Europa. Il naufragio di migliaia di migranti ha risvegliato le coscienze, evidenziando l&#039;urgenza di una risposta umanitaria e di politiche pi\u00f9 inclusive nel Mediterraneo.\" \/>\n<meta property=\"og:url\" content=\"https:\/\/pianissimo.it\/?p=1116\" \/>\n<meta property=\"og:site_name\" content=\"Pianissimo\" \/>\n<meta property=\"article:published_time\" content=\"2026-03-17T10:30:17+00:00\" \/>\n<meta name=\"author\" content=\"Redazione Pianissimo\" \/>\n<meta name=\"twitter:card\" content=\"summary_large_image\" \/>\n<meta name=\"twitter:label1\" content=\"Scritto da\" \/>\n\t<meta name=\"twitter:data1\" content=\"Redazione Pianissimo\" \/>\n\t<meta name=\"twitter:label2\" content=\"Tempo di lettura stimato\" \/>\n\t<meta name=\"twitter:data2\" content=\"4 minuti\" \/>\n<script type=\"application\/ld+json\" class=\"yoast-schema-graph\">{\"@context\":\"https:\/\/schema.org\",\"@graph\":[{\"@type\":\"Article\",\"@id\":\"https:\/\/pianissimo.it\/?p=1116#article\",\"isPartOf\":{\"@id\":\"https:\/\/pianissimo.it\/?p=1116\"},\"author\":{\"name\":\"Redazione Pianissimo\",\"@id\":\"https:\/\/pianissimo.it\/#\/schema\/person\/3af0c53515f94abe57e1d7d016f05a4e\"},\"headline\":\"La tragedia di Lampedusa 2013: il dramma dei migranti in Europa\",\"datePublished\":\"2026-03-17T10:30:17+00:00\",\"mainEntityOfPage\":{\"@id\":\"https:\/\/pianissimo.it\/?p=1116\"},\"wordCount\":796,\"commentCount\":0,\"publisher\":{\"@id\":\"https:\/\/pianissimo.it\/#organization\"},\"keywords\":[\"accoglienza\",\"crisi migratoria\",\"diritti umani\",\"dramma umano\",\"Europa\",\"immigrazione\",\"legislazione migratoria\",\"Mediterraneo\",\"migranti\",\"oceano\",\"politiche europee\",\"rifugiati\",\"Salute Pubblica\",\"sicurezza\",\"soccorso\",\"tragedia di Lampedusa\"],\"articleSection\":[\"Pittura\"],\"inLanguage\":\"it-IT\",\"potentialAction\":[{\"@type\":\"CommentAction\",\"name\":\"Comment\",\"target\":[\"https:\/\/pianissimo.it\/?p=1116#respond\"]}]},{\"@type\":\"WebPage\",\"@id\":\"https:\/\/pianissimo.it\/?p=1116\",\"url\":\"https:\/\/pianissimo.it\/?p=1116\",\"name\":\"La tragedia di Lampedusa 2013: il dramma dei migranti in Europa - Pianissimo\",\"isPartOf\":{\"@id\":\"https:\/\/pianissimo.it\/#website\"},\"datePublished\":\"2026-03-17T10:30:17+00:00\",\"breadcrumb\":{\"@id\":\"https:\/\/pianissimo.it\/?p=1116#breadcrumb\"},\"inLanguage\":\"it-IT\",\"potentialAction\":[{\"@type\":\"ReadAction\",\"target\":[\"https:\/\/pianissimo.it\/?p=1116\"]}]},{\"@type\":\"BreadcrumbList\",\"@id\":\"https:\/\/pianissimo.it\/?p=1116#breadcrumb\",\"itemListElement\":[{\"@type\":\"ListItem\",\"position\":1,\"name\":\"Home\",\"item\":\"https:\/\/pianissimo.it\/\"},{\"@type\":\"ListItem\",\"position\":2,\"name\":\"La tragedia di Lampedusa 2013: il dramma dei migranti in Europa\"}]},{\"@type\":\"WebSite\",\"@id\":\"https:\/\/pianissimo.it\/#website\",\"url\":\"https:\/\/pianissimo.it\/\",\"name\":\"Pianissimo\",\"description\":\"Magazine di attualit\u00e0 e cultura\",\"publisher\":{\"@id\":\"https:\/\/pianissimo.it\/#organization\"},\"potentialAction\":[{\"@type\":\"SearchAction\",\"target\":{\"@type\":\"EntryPoint\",\"urlTemplate\":\"https:\/\/pianissimo.it\/?s={search_term_string}\"},\"query-input\":{\"@type\":\"PropertyValueSpecification\",\"valueRequired\":true,\"valueName\":\"search_term_string\"}}],\"inLanguage\":\"it-IT\"},{\"@type\":\"Organization\",\"@id\":\"https:\/\/pianissimo.it\/#organization\",\"name\":\"Pianissimo\",\"url\":\"https:\/\/pianissimo.it\/\",\"logo\":{\"@type\":\"ImageObject\",\"inLanguage\":\"it-IT\",\"@id\":\"https:\/\/pianissimo.it\/#\/schema\/logo\/image\/\",\"url\":\"https:\/\/pianissimo.it\/wp-content\/uploads\/2017\/07\/cropped-pianissimo-new.png\",\"contentUrl\":\"https:\/\/pianissimo.it\/wp-content\/uploads\/2017\/07\/cropped-pianissimo-new.png\",\"width\":395,\"height\":80,\"caption\":\"Pianissimo\"},\"image\":{\"@id\":\"https:\/\/pianissimo.it\/#\/schema\/logo\/image\/\"}},{\"@type\":\"Person\",\"@id\":\"https:\/\/pianissimo.it\/#\/schema\/person\/3af0c53515f94abe57e1d7d016f05a4e\",\"name\":\"Redazione Pianissimo\",\"image\":{\"@type\":\"ImageObject\",\"inLanguage\":\"it-IT\",\"@id\":\"https:\/\/pianissimo.it\/#\/schema\/person\/image\/\",\"url\":\"https:\/\/secure.gravatar.com\/avatar\/76342d9773f1db1d982023c896336afb4f281c3945daaf7f75fbea96d3bbf608?s=96&d=mm&r=g\",\"contentUrl\":\"https:\/\/secure.gravatar.com\/avatar\/76342d9773f1db1d982023c896336afb4f281c3945daaf7f75fbea96d3bbf608?s=96&d=mm&r=g\",\"caption\":\"Redazione Pianissimo\"},\"url\":\"https:\/\/pianissimo.it\/?author=2\"}]}<\/script>\n<!-- \/ Yoast SEO plugin. -->","yoast_head_json":{"title":"La tragedia di Lampedusa 2013: il dramma dei migranti in Europa - Pianissimo","robots":{"index":"index","follow":"follow","max-snippet":"max-snippet:-1","max-image-preview":"max-image-preview:large","max-video-preview":"max-video-preview:-1"},"canonical":"https:\/\/pianissimo.it\/?p=1116","og_locale":"it_IT","og_type":"article","og_title":"La tragedia di Lampedusa 2013: il dramma dei migranti in Europa - Pianissimo","og_description":"La tragedia di Lampedusa nel 2013 segna un momento cruciale nella storia dell'immigrazione in Europa. Il naufragio di migliaia di migranti ha risvegliato le coscienze, evidenziando l'urgenza di una risposta umanitaria e di politiche pi\u00f9 inclusive nel Mediterraneo.","og_url":"https:\/\/pianissimo.it\/?p=1116","og_site_name":"Pianissimo","article_published_time":"2026-03-17T10:30:17+00:00","author":"Redazione Pianissimo","twitter_card":"summary_large_image","twitter_misc":{"Scritto da":"Redazione Pianissimo","Tempo di lettura stimato":"4 minuti"},"schema":{"@context":"https:\/\/schema.org","@graph":[{"@type":"Article","@id":"https:\/\/pianissimo.it\/?p=1116#article","isPartOf":{"@id":"https:\/\/pianissimo.it\/?p=1116"},"author":{"name":"Redazione Pianissimo","@id":"https:\/\/pianissimo.it\/#\/schema\/person\/3af0c53515f94abe57e1d7d016f05a4e"},"headline":"La tragedia di Lampedusa 2013: il dramma dei migranti in Europa","datePublished":"2026-03-17T10:30:17+00:00","mainEntityOfPage":{"@id":"https:\/\/pianissimo.it\/?p=1116"},"wordCount":796,"commentCount":0,"publisher":{"@id":"https:\/\/pianissimo.it\/#organization"},"keywords":["accoglienza","crisi migratoria","diritti umani","dramma umano","Europa","immigrazione","legislazione migratoria","Mediterraneo","migranti","oceano","politiche europee","rifugiati","Salute Pubblica","sicurezza","soccorso","tragedia di Lampedusa"],"articleSection":["Pittura"],"inLanguage":"it-IT","potentialAction":[{"@type":"CommentAction","name":"Comment","target":["https:\/\/pianissimo.it\/?p=1116#respond"]}]},{"@type":"WebPage","@id":"https:\/\/pianissimo.it\/?p=1116","url":"https:\/\/pianissimo.it\/?p=1116","name":"La tragedia di Lampedusa 2013: il dramma dei migranti in Europa - Pianissimo","isPartOf":{"@id":"https:\/\/pianissimo.it\/#website"},"datePublished":"2026-03-17T10:30:17+00:00","breadcrumb":{"@id":"https:\/\/pianissimo.it\/?p=1116#breadcrumb"},"inLanguage":"it-IT","potentialAction":[{"@type":"ReadAction","target":["https:\/\/pianissimo.it\/?p=1116"]}]},{"@type":"BreadcrumbList","@id":"https:\/\/pianissimo.it\/?p=1116#breadcrumb","itemListElement":[{"@type":"ListItem","position":1,"name":"Home","item":"https:\/\/pianissimo.it\/"},{"@type":"ListItem","position":2,"name":"La tragedia di Lampedusa 2013: il dramma dei migranti in Europa"}]},{"@type":"WebSite","@id":"https:\/\/pianissimo.it\/#website","url":"https:\/\/pianissimo.it\/","name":"Pianissimo","description":"Magazine di attualit\u00e0 e cultura","publisher":{"@id":"https:\/\/pianissimo.it\/#organization"},"potentialAction":[{"@type":"SearchAction","target":{"@type":"EntryPoint","urlTemplate":"https:\/\/pianissimo.it\/?s={search_term_string}"},"query-input":{"@type":"PropertyValueSpecification","valueRequired":true,"valueName":"search_term_string"}}],"inLanguage":"it-IT"},{"@type":"Organization","@id":"https:\/\/pianissimo.it\/#organization","name":"Pianissimo","url":"https:\/\/pianissimo.it\/","logo":{"@type":"ImageObject","inLanguage":"it-IT","@id":"https:\/\/pianissimo.it\/#\/schema\/logo\/image\/","url":"https:\/\/pianissimo.it\/wp-content\/uploads\/2017\/07\/cropped-pianissimo-new.png","contentUrl":"https:\/\/pianissimo.it\/wp-content\/uploads\/2017\/07\/cropped-pianissimo-new.png","width":395,"height":80,"caption":"Pianissimo"},"image":{"@id":"https:\/\/pianissimo.it\/#\/schema\/logo\/image\/"}},{"@type":"Person","@id":"https:\/\/pianissimo.it\/#\/schema\/person\/3af0c53515f94abe57e1d7d016f05a4e","name":"Redazione Pianissimo","image":{"@type":"ImageObject","inLanguage":"it-IT","@id":"https:\/\/pianissimo.it\/#\/schema\/person\/image\/","url":"https:\/\/secure.gravatar.com\/avatar\/76342d9773f1db1d982023c896336afb4f281c3945daaf7f75fbea96d3bbf608?s=96&d=mm&r=g","contentUrl":"https:\/\/secure.gravatar.com\/avatar\/76342d9773f1db1d982023c896336afb4f281c3945daaf7f75fbea96d3bbf608?s=96&d=mm&r=g","caption":"Redazione Pianissimo"},"url":"https:\/\/pianissimo.it\/?author=2"}]}},"_links":{"self":[{"href":"https:\/\/pianissimo.it\/index.php?rest_route=\/wp\/v2\/posts\/1116","targetHints":{"allow":["GET"]}}],"collection":[{"href":"https:\/\/pianissimo.it\/index.php?rest_route=\/wp\/v2\/posts"}],"about":[{"href":"https:\/\/pianissimo.it\/index.php?rest_route=\/wp\/v2\/types\/post"}],"author":[{"embeddable":true,"href":"https:\/\/pianissimo.it\/index.php?rest_route=\/wp\/v2\/users\/2"}],"replies":[{"embeddable":true,"href":"https:\/\/pianissimo.it\/index.php?rest_route=%2Fwp%2Fv2%2Fcomments&post=1116"}],"version-history":[{"count":0,"href":"https:\/\/pianissimo.it\/index.php?rest_route=\/wp\/v2\/posts\/1116\/revisions"}],"wp:attachment":[{"href":"https:\/\/pianissimo.it\/index.php?rest_route=%2Fwp%2Fv2%2Fmedia&parent=1116"}],"wp:term":[{"taxonomy":"category","embeddable":true,"href":"https:\/\/pianissimo.it\/index.php?rest_route=%2Fwp%2Fv2%2Fcategories&post=1116"},{"taxonomy":"post_tag","embeddable":true,"href":"https:\/\/pianissimo.it\/index.php?rest_route=%2Fwp%2Fv2%2Ftags&post=1116"}],"curies":[{"name":"wp","href":"https:\/\/api.w.org\/{rel}","templated":true}]}}